{"id":429359,"date":"2025-06-27T14:05:48","date_gmt":"2025-06-27T17:05:48","guid":{"rendered":"https:\/\/notinor.com\/jujuy\/?p=429359"},"modified":"2025-06-27T14:05:50","modified_gmt":"2025-06-27T17:05:50","slug":"fuertes-criticas-a-la-justicia-laboral-por-mantener-el-privilegio-del-feriado-por-el-dia-del-trabajador-del-estado","status":"publish","type":"post","link":"https:\/\/notinor.com\/jujuy\/fuertes-criticas-a-la-justicia-laboral-por-mantener-el-privilegio-del-feriado-por-el-dia-del-trabajador-del-estado\/","title":{"rendered":"Fuertes cr\u00edticas a la Justicia laboral por mantener el privilegio del feriado por el D\u00eda del Trabajador del Estado"},"content":{"rendered":"\n<p class=\"has-medium-font-size\"><strong><em>Funcionarios y dirigentes cercanos al Gobierno apuntaron contra la cautelar que blind\u00f3 el d\u00eda de los empleados p\u00fablicos y mantuvo la jornada libre en el sector para este viernes. Anoche, el Ejecutivo adelant\u00f3 que apelar\u00e1 a medida<\/em><\/strong><\/p>\n\n\n\n<p class=\"has-text-align-center\"><img decoding=\"async\" loading=\"lazy\" height=\"1279\" width=\"1920\" src=\"https:\/\/www.infobae.com\/resizer\/v2\/INSPYP3UVNGEFDVONCKDBACHNE.jpg?auth=0f12a432ad04d9c6c91a56aab1f02e79d216be5c6b1c52ae98fe5b2b7d620ceb&amp;smart=true&amp;width=350&amp;height=233&amp;quality=85\" alt=\"La Justicia fall\u00f3 a favor\">La Justicia fall\u00f3 a favor de ATE y mantuvo el feriado que privilegia a los empleados estatales<\/p>\n\n\n\n<p><strong>La cautelar de la Justicia laboral que se conoci\u00f3 ayer y que mantuvo el feriado por el D\u00eda del Trabajador del Estado<\/strong> para este viernes gener\u00f3\u00a0<strong>reacciones\u00a0<\/strong>inmediatas entre funcionarios y referentes del arco pol\u00edtico, quienes expresaron su insatisfacci\u00f3n por lo que se\u00f1alan como un\u00a0<strong>\u201cprivilegios\u201d<\/strong>\u00a0en el sector p\u00fablico.<\/p>\n\n\n\n<p>Mientras contin\u00faa la discusi\u00f3n acerca del alcance y la legitimidad de este tipo de concesiones, el fallo amplific\u00f3 el malestar en algunos espacios y hubo un cuestionamiento al rol de la&nbsp;<strong>Justicia<\/strong>&nbsp;y al involucramiento de sectores sindicales en la resoluci\u00f3n de ayer.<\/p>\n\n\n\n<p>La medida judicial, dictada por la jueza laboral\u00a0<strong>Moira Fullana<\/strong>\u00a0tras la presentaci\u00f3n de la\u00a0<strong>Asociaci\u00f3n de Trabajadores del Estado (ATE)<\/strong>,\u00a0<strong>dispuso la suspensi\u00f3n de los efectos del Decreto de Necesidad y Urgencia (DNU) del Ejecutivo que elimin\u00f3 el d\u00eda libre para empleados estatales previsto para hoy.<\/strong><\/p>\n\n\n\n<p>El pronunciamiento limita el alcance de la protecci\u00f3n a los representados por&nbsp;<strong>ATE<\/strong>, pero abri\u00f3 pol\u00e9mica en la arena p\u00fablica y pol\u00edtica por considerar que perpet\u00faa pr\u00e1cticas se\u00f1aladas como desfasadas respecto a la realidad del mercado laboral en Argentina.<\/p>\n\n\n\n<p>El portavoz presidencial&nbsp;<strong>Manuel Adorni<\/strong>&nbsp;se\u00f1al\u00f3 anoche que \u201cla mafia sindical consigui\u00f3 que la casta judicial, en tiempo r\u00e9cord, le proteja nuevamente uno de sus privilegios\u201d. Explic\u00f3 que la cautelar otorgada por la jueza Fullana, que suspende la eliminaci\u00f3n del feriado, \u201caplica \u00fanicamente a los representados por ATE\u201d y enfatiz\u00f3 que el Gobierno insistir\u00e1 en su postura de revisar los privilegios sectoriales.<\/p>\n\n\n\n<p>Con un tono cr\u00edtico hacia el sindicalismo estatal y la Justicia, la comunicaci\u00f3n oficial dej\u00f3 en claro el desacuerdo con la determinaci\u00f3n de la Justicia.<\/p>\n\n\n\n<p><img decoding=\"async\" loading=\"lazy\" height=\"547\" width=\"637\" src=\"https:\/\/www.infobae.com\/resizer\/v2\/S6S2WYGX7VEYHEWMLD2FLGOZ2E.PNG?auth=b43124f9c486f715333c43b0db76039b638566abd2cc4c1be057408bceebf831&amp;smart=true&amp;width=350&amp;height=300&amp;quality=85\" alt=\"El tuit de Manuel Adorni\"> <\/p>\n\n\n\n<p>El tuit de Manuel Adorni<\/p>\n\n\n\n<p>El Ministro de Justicia de la Naci\u00f3n, Mariano C\u00faneo Libarona sostuvo a trav\u00e9s de su perfil en X: \u201cMa\u00f1ana un mont\u00f3n de alba\u00f1iles, mozos, taxistas, peluqueros, enfermeros y mec\u00e1nicos se van a levantar temprano y van a ir a trabajar porque ellos no tienen un feriado de privilegio, como el que s\u00ed tienen los empleados p\u00fablicos\u201d.<\/p>\n\n\n\n<p>De manera cr\u00edtica expres\u00f3 que \u201cuna jueza, miembro del Poder Judicial, que tambi\u00e9n tiene un feriado de privilegio, decidi\u00f3 que los empleados p\u00fablicos tengan el feriado igual porque ellos se consideran superiores al resto de los argentinos. No se enteraron que hace dos a\u00f1os eso se termin\u00f3\u201d.<img decoding=\"async\" loading=\"lazy\" height=\"358\" width=\"548\" src=\"https:\/\/www.infobae.com\/resizer\/v2\/BPI7F3AZCBDFXMCTANQVAHIOJQ.PNG?auth=a1129d4c83b95a1185a100d7a2f295ec1c8d8d7cb84b8ca95b1ef38845c2d70e&amp;smart=true&amp;width=350&amp;height=233&amp;quality=85\" alt=\"Mariano C\u00faneo Libarona cuestion\u00f3 la\"> <\/p>\n\n\n\n<p>Mariano C\u00faneo Libarona cuestion\u00f3 la medida de la jueza a trav\u00e9s de las redes sociales (Captura)<\/p>\n\n\n\n<p>Por su parte,\u00a0<strong>Silvana Giudici<\/strong>, dirigente del\u00a0<strong>PRO<\/strong>\u00a0y ex diputada nacional, respald\u00f3 la iniciativa del Gobierno de plantear el debate en torno a los privilegios del funcionariado p\u00fablico. Giudici subray\u00f3, en declaraciones a\u00a0<em>TN<\/em>, que \u201clo que hizo el gobierno est\u00e1 muy bien. Poner en agenda que hay un d\u00eda que la administraci\u00f3n p\u00fablica no va a trabajar porque s\u00ed\u201d. Defini\u00f3 como \u201cprivilegiados\u201d a quienes se desempe\u00f1an en el empleo estatal, y remarc\u00f3 la diferencia con los trabajadores en la informalidad o del sector privado, quienes \u201cno tienen este beneficio\u201d. Adem\u00e1s, sostuvo que \u201cla sociedad termina viendo esa fractura\u201d y enfatiz\u00f3: \u201cBajen un cambio con los privilegios\u201d.<\/p>\n\n\n\n<p class=\"has-text-align-center\"><img decoding=\"async\" loading=\"lazy\" height=\"1279\" width=\"1920\" src=\"https:\/\/www.infobae.com\/resizer\/v2\/5254V55BNFBBFG23625J6TUE7Y.jpg?auth=a02fdea624d681e3bd1e1f19edbd3fc837d86576c47df50dcc73194d5a7c2001&amp;smart=true&amp;width=350&amp;height=233&amp;quality=85\" alt=\"Dirigentes como Silvana Giudici y\">Dirigentes como Silvana Giudici y Alejandro Finochiaro respaldaron la iniciativa oficial de igualar condiciones laborales<\/p>\n\n\n\n<p>Desde el Congreso, el diputado nacional y ex ministro de Educaci\u00f3n&nbsp;<strong>Alejandro Finochiaro<\/strong>&nbsp;tambi\u00e9n apunt\u00f3 contra el fallo judicial y valor\u00f3 la actitud oficial. Finochiaro declar\u00f3 que \u201cm\u00e1s all\u00e1 de la decisi\u00f3n judicial, el gobierno hizo muy bien en poner en debate esta cuesti\u00f3n y un mont\u00f3n de cuestiones m\u00e1s que hacen a privilegios dentro del Estado que no tienen los trabajadores privados\u201d, seg\u00fan indic\u00f3 ante la consulta de&nbsp;<strong>Infobae<\/strong>.<\/p>\n\n\n\n<p>As\u00ed, el ex funcionario se mantuvo en l\u00ednea con el discurso de mayor austeridad y ajuste en el empleo estatal, una de las banderas recurrentes del oficialismo.<\/p>\n\n\n\n<p class=\"has-text-align-center\"> <img decoding=\"async\" loading=\"lazy\" height=\"1152\" width=\"2048\" src=\"https:\/\/www.infobae.com\/resizer\/v2\/CV6IQQFGBBBUVBM4AQBDXBZDDA.jpg?auth=6dcc20a415f375b5650530b1e0be860c6e071c2f0b6321700d56ef4862102028&amp;smart=true&amp;width=350&amp;height=197&amp;quality=85\" alt=\"Alejandro Finochiaro opin\u00f3 sobre la\">Alejandro Finochiaro opin\u00f3 sobre la controversia por el feriado estatal que se traslad\u00f3 al Congreso, generando un debate de alcance nacional<\/p>\n\n\n\n<p>La controversia en este escenario surge ante la decisi\u00f3n del Ejecutivo de eliminar el feriado espec\u00edfico para los empleados p\u00fablicos, con el argumento de igualar condiciones y abordar supuestos desequilibrios entre el sector privado y el p\u00fablico.<\/p>\n\n\n\n<p>El<strong> DNU de la administraci\u00f3n nacional<\/strong> motiv\u00f3 la reacci\u00f3n inmediata de sindicatos estatales, que recurrieron a la Justicia para mantener el asueto tradicional del\u00a0<strong>27 de junio<\/strong>. Luego del fallo favorable al sector sindical, <strong>la Casa Rosada anticip\u00f3 que apelar\u00e1 la cautelar de la magistrada Fullana, lo que prolonga el conflicto institucional<\/strong>.<\/p>\n\n\n\n<p>Giudici, en tanto, remarc\u00f3 la idea de que existen diferencias estructurales entre el empleo p\u00fablico y el privado: \u201cLos que realmente trabajan en la administraci\u00f3n p\u00fablica son unos privilegiados, porque tienen estabilidad, aguinaldo, est\u00e1n en blanco\u201d. La dirigente tambi\u00e9n apunt\u00f3 a la percepci\u00f3n social generalizada: \u201cEs una pr\u00e1ctica pol\u00edtica que por suerte la sociedad empieza a ponerla en el lugar que corresponde\u201d.<\/p>\n","protected":false},"excerpt":{"rendered":"<p>Funcionarios y dirigentes cercanos al Gobierno apuntaron contra la cautelar que blind\u00f3 el d\u00eda de los empleados p\u00fablicos y mantuvo la jornada libre en el sector para este viernes. Anoche, el Ejecutivo adelant\u00f3 que apelar\u00e1 a medida La Justicia fall\u00f3 a favor de ATE y mantuvo el feriado que privilegia a los empleados estatales La [&hellip;]<\/p>\n","protected":false},"author":5,"featured_media":429360,"comment_status":"open","ping_status":"open","sticky":false,"template":"","format":"standard","meta":{"_stopmodifiedupdate":false,"_modified_date":"","inline_featured_image":false,"spay_email":"","jetpack_publicize_message":""},"categories":[501],"tags":[],"jetpack_featured_media_url":"https:\/\/notinor.com\/jujuy\/wp-content\/uploads\/2025\/06\/ASUETO.jpg","jetpack_publicize_connections":[],"_links":{"self":[{"href":"https:\/\/notinor.com\/jujuy\/wp-json\/wp\/v2\/posts\/429359"}],"collection":[{"href":"https:\/\/notinor.com\/jujuy\/wp-json\/wp\/v2\/posts"}],"about":[{"href":"https:\/\/notinor.com\/jujuy\/wp-json\/wp\/v2\/types\/post"}],"author":[{"embeddable":true,"href":"https:\/\/notinor.com\/jujuy\/wp-json\/wp\/v2\/users\/5"}],"replies":[{"embeddable":true,"href":"https:\/\/notinor.com\/jujuy\/wp-json\/wp\/v2\/comments?post=429359"}],"version-history":[{"count":1,"href":"https:\/\/notinor.com\/jujuy\/wp-json\/wp\/v2\/posts\/429359\/revisions"}],"predecessor-version":[{"id":429361,"href":"https:\/\/notinor.com\/jujuy\/wp-json\/wp\/v2\/posts\/429359\/revisions\/429361"}],"wp:featuredmedia":[{"embeddable":true,"href":"https:\/\/notinor.com\/jujuy\/wp-json\/wp\/v2\/media\/429360"}],"wp:attachment":[{"href":"https:\/\/notinor.com\/jujuy\/wp-json\/wp\/v2\/media?parent=429359"}],"wp:term":[{"taxonomy":"category","embeddable":true,"href":"https:\/\/notinor.com\/jujuy\/wp-json\/wp\/v2\/categories?post=429359"},{"taxonomy":"post_tag","embeddable":true,"href":"https:\/\/notinor.com\/jujuy\/wp-json\/wp\/v2\/tags?post=429359"}],"curies":[{"name":"wp","href":"https:\/\/api.w.org\/{rel}","templated":true}]}}