{"id":429351,"date":"2025-06-27T11:30:41","date_gmt":"2025-06-27T14:30:41","guid":{"rendered":"https:\/\/notinor.com\/jujuy\/?p=429351"},"modified":"2025-06-27T11:30:43","modified_gmt":"2025-06-27T14:30:43","slug":"polemica-decision-el-gobierno-oficializo-que-mantiene-la-baja-de-las-retenciones-para-trigo-y-cebada-pero-no-incluyo-a-la-soja-y-al-maiz","status":"publish","type":"post","link":"https:\/\/notinor.com\/jujuy\/polemica-decision-el-gobierno-oficializo-que-mantiene-la-baja-de-las-retenciones-para-trigo-y-cebada-pero-no-incluyo-a-la-soja-y-al-maiz\/","title":{"rendered":"Pol\u00e9mica decisi\u00f3n: el Gobierno oficializ\u00f3 que mantiene la baja de las retenciones para trigo y cebada, pero no incluy\u00f3 a la soja y al ma\u00edz"},"content":{"rendered":"\n<p class=\"has-medium-font-size\"><strong><em>A 20 d\u00edas de la Rural de Palermo, donde se espera que participe Javier Milei, el Ejecutivo public\u00f3 hoy en el Bolet\u00edn Oficial el decreto 439\/2025.El decreto no comprende a la soja y al ma\u00edz, por lo que a partir de julio el impuesto subir\u00e1 al 33% y 12%, respectivamente.<\/em><\/strong><\/p>\n\n\n<div class=\"wp-block-image\">\n<figure class=\"aligncenter size-large\"><img decoding=\"async\" loading=\"lazy\" width=\"840\" height=\"423\" src=\"https:\/\/notinor.com\/jujuy\/wp-content\/uploads\/2025\/06\/COSECHA-840x423.jpg\" alt=\"\" class=\"wp-image-429349\" srcset=\"https:\/\/notinor.com\/jujuy\/wp-content\/uploads\/2025\/06\/COSECHA-840x423.jpg 840w, https:\/\/notinor.com\/jujuy\/wp-content\/uploads\/2025\/06\/COSECHA-660x332.jpg 660w, https:\/\/notinor.com\/jujuy\/wp-content\/uploads\/2025\/06\/COSECHA-768x387.jpg 768w, https:\/\/notinor.com\/jujuy\/wp-content\/uploads\/2025\/06\/COSECHA-360x180.jpg 360w, https:\/\/notinor.com\/jujuy\/wp-content\/uploads\/2025\/06\/COSECHA-750x377.jpg 750w, https:\/\/notinor.com\/jujuy\/wp-content\/uploads\/2025\/06\/COSECHA.jpg 920w\" sizes=\"(max-width: 840px) 100vw, 840px\" \/><figcaption class=\"wp-element-caption\">Cosecha de soja<\/figcaption><\/figure><\/div>\n\n\n<p><a href=\"https:\/\/www.clarin.com\/autor\/esteban-fuentes.html\"><\/a><\/p>\n\n\n\n<p>Pol\u00e9mica decisi\u00f3n a veinte d\u00edas del inicio de la Rural de Palermo. El Gobierno&nbsp;<strong>extendi\u00f3 la rebaja temporaria de las retenciones para el trigo y la cebada<\/strong>&nbsp;hasta el 31 de marzo de 2026, pero no incluyo a la soja y al ma\u00edz.<\/p>\n\n\n\n<p>La decisi\u00f3n fue a trav\u00e9s del decreto 439\/2025 publicado hoy en el Bolet\u00edn Oficial, que lleva la firma del presidente\u00a0<strong>Javier Milei<\/strong>; el jefe de Gabinete, <strong>Guillermo Francos,<\/strong> y el ministro de Econom\u00eda,<strong> Luis Caputo<\/strong>.<\/p>\n\n\n\n<p>Seg\u00fan la normativa,&nbsp;<strong>las al\u00edcuotas para ambos cereales se mantendr\u00e1n en 9,5%,<\/strong>&nbsp;decisi\u00f3n que ya hab\u00eda adelantado Caputo hace m\u00e1s de un mes para impulsar la siembra. Tambi\u00e9n sostiene el porcentaje de 5,5% para la harina de trigo.<\/p>\n\n\n\n<p>Adicionalmente,<strong>&nbsp;se extendi\u00f3 el plazo para ingresar las divisas de 15 a 30 d\u00edas h\u00e1biles<\/strong>, bajando de 95% a 90% del total liquidado, aline\u00e1ndose a la normativa existente para garantizar el flujo de exportaci\u00f3n.<\/p>\n\n\n\n<p>Las exportaciones de estos productos y sus derivados acumulan&nbsp;<strong>alrededor de US$ 4.000 millones por a\u00f1o,<\/strong>&nbsp;cerca de un 5% del total de las exportaciones argentinas.<\/p>\n\n\n\n<p>Sin embargo, el decreto no aclara lo que puede pasar con el resto de los cultivos, por lo que si no sale un nuevo decreto este lunes,&nbsp;<strong>las al\u00edcuotas volver\u00e1n al porcentaje previo al 27 de enero, cuando se dispuso la baja temporal.<\/strong><\/p>\n\n\n\n<p><strong>As\u00ed, la retenci\u00f3n a la soja pasar\u00e1 del 26 al 33%, la del ma\u00edz y el sorgo, del 9,5 al 12%. Mientras que la del girasol volver\u00e1 al 7% tras tener una al\u00edcuota del 5,5%<\/strong>.<\/p>\n\n\n\n<p>\"Como resultado del desempe\u00f1o de las medidas adoptadas, es necesario prorrogar el mencionado plazo \u00fanicamente para los productos listados en el Anexo a la presente medida, con el objetivo de&nbsp;<strong>seguir garantizando la eficacia en su exportaci\u00f3n<\/strong>\", explic\u00f3 el Gobierno en la normativa.<\/p>\n\n\n\n<p>En los \u00faltimos d\u00edas se aceleraron las anotaciones de las Declaraciones Juradas de Ventas al Exterior (DJVE) por parte de los exportadores ante la inminente suba de las retenciones.<\/p>\n\n\n\n<p>Desde que se implement\u00f3 la rebaja temporal de las retenciones, el 27 de enero, se anotaron en total 15,8 millones de toneladas de subproductos de soja; 17,9 millones de toneladas de ma\u00edz; 6,5 millones de toneladas de poroto de soja y 3,8 millones de toneladas de aceite de soja.<\/p>\n\n\n\n<p>As\u00ed,<strong>&nbsp;en los \u00faltimos 15 d\u00edas ingresaron unos US$ 5.000 millones aproximadamente.<\/strong><\/p>\n\n\n\n<p>\"Celebramos la decisi\u00f3n del Gobierno Nacional de reducir el pago de derechos de exportaci\u00f3n (DEX) al trigo y a la cebada y de sus productos. Este es el camino correcto para eliminar distorsiones y alentar a la producci\u00f3n\", indicaron desde la C\u00e1mara de la Industria Aceitera de la Rep\u00fablica Argentina (CIARA) y el Centro Exportador de Cereales (CEC).<\/p>\n\n\n\n<p>\"Desde CIARA-CEC seguiremos trabajando junto a las entidades de productores para&nbsp;<strong>lograr la eliminaci\u00f3n de todos los derechos de exportaci\u00f3n<\/strong>&nbsp;y avanzar en una disminuci\u00f3n gradual y consecutiva de los DEX para la soja y de los productos procesados en su complejo agroindustrial exportador, que es el principal generador de divisas del pa\u00eds\", agregaron.<\/p>\n\n\n\n<p>Previo a la oficializaci\u00f3n del decreto 439\/2025, las entidades rurales hab\u00edan sido cr\u00edticos de la suba de las retenciones para soja y ma\u00edz.<\/p>\n\n\n\n<p>Tanto Confederaciones Rurales Argentinas (CRA) como Coninagro hablaron del da\u00f1o que produce a los productores el incremento del impuesto. Mientras que el presidente de la Sociedad Rural Argentina, Nicol\u00e1s Pino, pidi\u00f3 \"templanza\".<\/p>\n\n\n\n<p>\"Yo no tengo por qu\u00e9 dudar de la palabra del Presidente cuando dijo en campa\u00f1a, y despu\u00e9s lo repiti\u00f3 ac\u00e1 en casa en La Rural, que las retenciones son un p\u00e9simo impuesto.<strong>&nbsp;Vamos en camino a eso, por eso digo de la templanza. Esperemos un poco<\/strong>\u201d, se\u00f1al\u00f3 este jueves durante la presentaci\u00f3n de una nueva edici\u00f3n de la Rural de Palermo.<\/p>\n\n\n\n<p>Pino adelant\u00f3 que se espera la presencia de<strong>&nbsp;Javier Milei<\/strong>&nbsp;en el acto inaugural de la Rural de Palermo y hay incertidumbre de c\u00f3mo los productores pueden recibirlo.<\/p>\n","protected":false},"excerpt":{"rendered":"<p>A 20 d\u00edas de la Rural de Palermo, donde se espera que participe Javier Milei, el Ejecutivo public\u00f3 hoy en el Bolet\u00edn Oficial el decreto 439\/2025.El decreto no comprende a la soja y al ma\u00edz, por lo que a partir de julio el impuesto subir\u00e1 al 33% y 12%, respectivamente. Pol\u00e9mica decisi\u00f3n a veinte d\u00edas [&hellip;]<\/p>\n","protected":false},"author":5,"featured_media":429349,"comment_status":"open","ping_status":"open","sticky":false,"template":"","format":"standard","meta":{"_stopmodifiedupdate":false,"_modified_date":"","inline_featured_image":false,"spay_email":"","jetpack_publicize_message":""},"categories":[2542],"tags":[],"jetpack_featured_media_url":"https:\/\/notinor.com\/jujuy\/wp-content\/uploads\/2025\/06\/COSECHA.jpg","jetpack_publicize_connections":[],"_links":{"self":[{"href":"https:\/\/notinor.com\/jujuy\/wp-json\/wp\/v2\/posts\/429351"}],"collection":[{"href":"https:\/\/notinor.com\/jujuy\/wp-json\/wp\/v2\/posts"}],"about":[{"href":"https:\/\/notinor.com\/jujuy\/wp-json\/wp\/v2\/types\/post"}],"author":[{"embeddable":true,"href":"https:\/\/notinor.com\/jujuy\/wp-json\/wp\/v2\/users\/5"}],"replies":[{"embeddable":true,"href":"https:\/\/notinor.com\/jujuy\/wp-json\/wp\/v2\/comments?post=429351"}],"version-history":[{"count":1,"href":"https:\/\/notinor.com\/jujuy\/wp-json\/wp\/v2\/posts\/429351\/revisions"}],"predecessor-version":[{"id":429352,"href":"https:\/\/notinor.com\/jujuy\/wp-json\/wp\/v2\/posts\/429351\/revisions\/429352"}],"wp:featuredmedia":[{"embeddable":true,"href":"https:\/\/notinor.com\/jujuy\/wp-json\/wp\/v2\/media\/429349"}],"wp:attachment":[{"href":"https:\/\/notinor.com\/jujuy\/wp-json\/wp\/v2\/media?parent=429351"}],"wp:term":[{"taxonomy":"category","embeddable":true,"href":"https:\/\/notinor.com\/jujuy\/wp-json\/wp\/v2\/categories?post=429351"},{"taxonomy":"post_tag","embeddable":true,"href":"https:\/\/notinor.com\/jujuy\/wp-json\/wp\/v2\/tags?post=429351"}],"curies":[{"name":"wp","href":"https:\/\/api.w.org\/{rel}","templated":true}]}}