{"id":429269,"date":"2025-06-24T13:47:01","date_gmt":"2025-06-24T16:47:01","guid":{"rendered":"https:\/\/notinor.com\/jujuy\/?p=429269"},"modified":"2025-06-24T13:47:01","modified_gmt":"2025-06-24T13:47:01","slug":"alumnos-de-la-escuela-municipal-prometieron-la-bandera-ante-un-heroe-de-malvinas","status":"publish","type":"post","link":"https:\/\/notinor.com\/jujuy\/alumnos-de-la-escuela-municipal-prometieron-la-bandera-ante-un-heroe-de-malvinas\/","title":{"rendered":"Alumnos de la escuela municipal prometieron la Bandera ante un h\u00e9roe de Malvinas"},"content":{"rendered":"\n<p class=\"has-medium-font-size\"><strong><em>En un emotivo y significativo acto patrio, los alumnos y alumnas de 4\u00b0 grado de la Escuela Municipal \u201cMarina Vilte\u201d realizaron la tradicional Promesa de Lealtad a la Bandera Nacional, acompa\u00f1ados por autoridades educativas, municipales y, de manera muy especial, por un veterano de la Guerra de Malvinas<\/em><\/strong>.<\/p>\n\n\n<div class=\"wp-block-image\">\n<figure class=\"aligncenter\"><img decoding=\"async\" src=\"https:\/\/www.sansalvadordejujuy.gob.ar\/wp-content\/uploads\/2025\/06\/jura-a-la-bandera1-1024x658.jpg\" alt=\"\" class=\"wp-image-89189\"\/><\/figure><\/div>\n\n\n<p>Gracias a la Ordenanza N\u00ba 8152, que institucionaliza la participaci\u00f3n de excombatientes en este importante acto c\u00edvico, el evento cont\u00f3 con la presencia del veterano <strong>Oscar Lastra Frettiz<\/strong>, quien fue el encargado de tomar la promesa a los ni\u00f1os y ni\u00f1as, brindando un marco de profundo valor hist\u00f3rico y simb\u00f3lico a la jornada.<\/p>\n\n\n\n<p>Erica Gracia, directora general de Educaci\u00f3n del municipio, destac\u00f3 la importancia de sumar a los h\u00e9roes de Malvinas en estos actos, \u201choy tenemos el honor de contar con los excombatientes. A\u00f1os anteriores se realizaron actos con distintas instituciones, y esta vez elegimos hacer algo m\u00e1s \u00edntimo, pero profundamente significativo, trayendo parte de nuestra historia a una ceremonia tan importante. Es una forma de darle el valor que merecen nuestros h\u00e9roes\u201d.<\/p>\n\n\n<div class=\"wp-block-image\">\n<figure class=\"aligncenter\"><img decoding=\"async\" src=\"https:\/\/www.sansalvadordejujuy.gob.ar\/wp-content\/uploads\/2025\/06\/jura-a-la-bandera3-1024x665.jpg\" alt=\"\" class=\"wp-image-89191\"\/><\/figure><\/div>\n\n\n<p>Por su parte, <strong>M\u00f3nica Juste<\/strong>, a directora de nivel primario de la instituci\u00f3n remarc\u00f3 la emotividad del momento, \u201ces un acto muy especial, muy caro a nuestra historia. Para los chicos es una oportunidad \u00fanica poder prometer lealtad a la Bandera en presencia de alguien que la defendi\u00f3 en el campo de batalla. Est\u00e1n presentes autoridades del barrio y la municipalidad, y nos honra especialmente la participaci\u00f3n de Oscar Lastra Frettiz\u201d.<\/p>\n\n\n<div class=\"wp-block-image\">\n<figure class=\"aligncenter\"><img decoding=\"async\" src=\"https:\/\/www.sansalvadordejujuy.gob.ar\/wp-content\/uploads\/2025\/06\/jura-a-la-bandera-1024x614.jpg\" alt=\"\" class=\"wp-image-89190\"\/><\/figure><\/div>\n\n\n<p>El propio Oscar Lastra Frettiz, visiblemente emocionado, expres\u00f3, \u201ces algo muy especial para nosotros y tambi\u00e9n para los chicos. Creo que para ellos, el hecho de que sea un veterano, alguien que defendi\u00f3 la patria y la bandera, tiene un gran valor. Estoy seguro de que se llevan una experiencia significativa, que no olvidar\u00e1n\u201d.<\/p>\n\n\n<div class=\"wp-block-image\">\n<figure class=\"aligncenter\"><img decoding=\"async\" src=\"https:\/\/www.sansalvadordejujuy.gob.ar\/wp-content\/uploads\/2025\/06\/jura-a-la-bandera4-1024x640.jpg\" alt=\"\" class=\"wp-image-89192\"\/><\/figure><\/div>\n\n\n<p>El acto, realizado en el marco del D\u00eda de la Bandera, no solo reforz\u00f3 el sentido de pertenencia y respeto por los s\u00edmbolos patrios, sino que tambi\u00e9n sirvi\u00f3 para acercar a las nuevas generaciones a una parte fundamental de la historia argentina, vivida en carne propia por quienes hoy son memoria viva de la soberan\u00eda nacional.<\/p>\n\n\n\n<p><strong>Nota audiovisual:&nbsp;<\/strong><a href=\"https:\/\/youtu.be\/8yZugjSqq4s\">https:\/\/youtu.be\/8yZugjSqq4s<\/a><\/p>\n","protected":false},"excerpt":{"rendered":"<p>En un emotivo y significativo acto patrio, los alumnos y alumnas de 4\u00b0 grado de la Escuela Municipal \u201cMarina Vilte\u201d realizaron la tradicional Promesa de Lealtad a la Bandera Nacional, acompa\u00f1ados por autoridades educativas, municipales y, de manera muy especial, por un veterano de la Guerra de Malvinas. Gracias a la Ordenanza N\u00ba 8152, que [&hellip;]<\/p>\n","protected":false},"author":5,"featured_media":429270,"comment_status":"open","ping_status":"open","sticky":false,"template":"","format":"standard","meta":{"_stopmodifiedupdate":false,"_modified_date":"","inline_featured_image":false,"spay_email":"","jetpack_publicize_message":""},"categories":[13],"tags":[],"jetpack_featured_media_url":"https:\/\/notinor.com\/jujuy\/wp-content\/uploads\/2025\/06\/ALUMNOS.jpg","jetpack_publicize_connections":[],"_links":{"self":[{"href":"https:\/\/notinor.com\/jujuy\/wp-json\/wp\/v2\/posts\/429269"}],"collection":[{"href":"https:\/\/notinor.com\/jujuy\/wp-json\/wp\/v2\/posts"}],"about":[{"href":"https:\/\/notinor.com\/jujuy\/wp-json\/wp\/v2\/types\/post"}],"author":[{"embeddable":true,"href":"https:\/\/notinor.com\/jujuy\/wp-json\/wp\/v2\/users\/5"}],"replies":[{"embeddable":true,"href":"https:\/\/notinor.com\/jujuy\/wp-json\/wp\/v2\/comments?post=429269"}],"version-history":[{"count":1,"href":"https:\/\/notinor.com\/jujuy\/wp-json\/wp\/v2\/posts\/429269\/revisions"}],"predecessor-version":[{"id":429271,"href":"https:\/\/notinor.com\/jujuy\/wp-json\/wp\/v2\/posts\/429269\/revisions\/429271"}],"wp:featuredmedia":[{"embeddable":true,"href":"https:\/\/notinor.com\/jujuy\/wp-json\/wp\/v2\/media\/429270"}],"wp:attachment":[{"href":"https:\/\/notinor.com\/jujuy\/wp-json\/wp\/v2\/media?parent=429269"}],"wp:term":[{"taxonomy":"category","embeddable":true,"href":"https:\/\/notinor.com\/jujuy\/wp-json\/wp\/v2\/categories?post=429269"},{"taxonomy":"post_tag","embeddable":true,"href":"https:\/\/notinor.com\/jujuy\/wp-json\/wp\/v2\/tags?post=429269"}],"curies":[{"name":"wp","href":"https:\/\/api.w.org\/{rel}","templated":true}]}}