{"id":429129,"date":"2025-06-23T12:48:32","date_gmt":"2025-06-23T15:48:32","guid":{"rendered":"https:\/\/notinor.com\/jujuy\/?p=429129"},"modified":"2025-06-23T12:48:36","modified_gmt":"2025-06-23T15:48:36","slug":"el-embajador-de-israel-en-la-argentina-hablo-sobre-la-posibilidad-de-que-iran-cometa-atentados-terroristas","status":"publish","type":"post","link":"https:\/\/notinor.com\/jujuy\/el-embajador-de-israel-en-la-argentina-hablo-sobre-la-posibilidad-de-que-iran-cometa-atentados-terroristas\/","title":{"rendered":"El embajador de Israel en la Argentina habl\u00f3 sobre la posibilidad de que Ir\u00e1n cometa atentados terroristas"},"content":{"rendered":"\n<p class=\"has-medium-font-size\"><strong><em>Eyal Sela se\u00f1al\u00f3 que el r\u00e9gimen de Teher\u00e1n podr\u00eda activar c\u00e9lulas terroristas en pa\u00edses occidentales como respuesta a la escalada en Medio Oriente.<\/em><\/strong><\/p>\n\n\n<div class=\"wp-block-image\">\n<figure class=\"aligncenter\"><img decoding=\"async\" src=\"https:\/\/tn.com.ar\/resizer\/v2\/el-presidente-javier-milei-recibe-al-embajador-del-estado-de-israel-en-la-argentina-eyal-sela-en-la-casa-rosada-prensa-presidencia-VVCO7R4ROFDTJOM7DL6S72SUHM.jpg?auth=d4398665ec591d61e9454453ddb82a2abbf3b03c6637ae05ab9a9d647b185549&amp;width=767\" alt=\"El Presidente Javier Milei recibe al Embajador del Estado de Israel en la Argentina, Eyal Sela, en la Casa Rosada (Prensa: Presidencia)\"\/><figcaption class=\"wp-element-caption\">Eyal Sela, durante un encuentro con Javier Milei en la Casa Rosada<\/figcaption><\/figure><\/div>\n\n\n<p>El\u00a0<strong>embajador de Israel<\/strong>\u00a0en la Argentina,<strong> Eyal Sela<\/strong>, advirti\u00f3 que el\u00a0<strong>r\u00e9gimen iran\u00ed<\/strong>\u00a0podr\u00eda activar\u00a0<strong>c\u00e9lulas terroristas<\/strong>\u00a0en pa\u00edses occidentales, incluida la\u00a0<strong>Argentina<\/strong>, como respuesta al reciente recrudecimiento del <strong>conflicto en Medio Oriente.<\/strong><\/p>\n\n\n\n<p>Aunque aclar\u00f3 que&nbsp;<strong>no hay informaci\u00f3n espec\u00edfica<\/strong>&nbsp;sobre una amenaza concreta en el pa\u00eds, remarc\u00f3 que su gobierno se toma con extrema seriedad esta posibilidad.<\/p>\n\n\n\n<p>\u201c<strong>Siempre hay amenazas<\/strong>. Estamos tom\u00e1ndolo&nbsp;<strong>muy, muy en serio<\/strong>. Ir\u00e1n estuvo haciendo atentados contra opositores a su gobierno en Europa, en Alemania, Chipre, Bulgaria, directa o indirectamente, a trav\u00e9s de sus&nbsp;<em>proxys&nbsp;<\/em>como&nbsp;<strong>Hamas<\/strong>\u201d, afirm\u00f3 el diplom\u00e1tico en declaraciones a radio&nbsp;<em>Mitre<\/em>.<\/p>\n\n\n\n<p>El se\u00f1alamiento llega en medio de una nueva escalada en la regi\u00f3n, tras el<strong>\u00a0ataque de Estados Unidos<\/strong> contra<strong>\u00a0instalaciones nucleares iran\u00edes<\/strong>. Sela confirm\u00f3 que Israel mantiene una ofensiva activa como respuesta: \u201cDesde hace 12 d\u00edas decidimos que el plan de Ir\u00e1n de\u00a0<strong>borrar del mapa al Estado de Israel<\/strong>\u00a0no puede continuar. Estamos atacando los lugares donde ellos tienen estas capacidades\u201d.<\/p>\n\n\n\n<p>De acuerdo con el embajador,&nbsp;<strong>Ir\u00e1n lanz\u00f3 aproximadamente 500 misiles<\/strong>&nbsp;contra territorio israel\u00ed, lo que provoc\u00f3 al menos&nbsp;<strong>25 muertos<\/strong>, un millar de heridos y cuantiosos da\u00f1os materiales. \u201cCada misil tiene entre 250 y 800 kilos de explosivos. Lamentablemente, nuestro sistema de defensa no intercepta el 100% de ellos\u201d, explic\u00f3.<\/p>\n\n\n\n<p>Respecto al impacto de los&nbsp;<strong>bombardeos israel\u00edes<\/strong>&nbsp;en territorio iran\u00ed, el funcionario sostuvo: \u201cNo tenemos ese dato. Pero sabemos a qu\u00e9 atacamos.&nbsp;<strong>Nunca atacamos poblaci\u00f3n civil<\/strong>. Atacamos centros donde desarrollan su plan nuclear y misiles\u201d.<\/p>\n\n\n<div class=\"wp-block-image\">\n<figure class=\"aligncenter\"><img decoding=\"async\" src=\"https:\/\/tn.com.ar\/resizer\/v2\/eyal-sela-el-embajador-israeli-en-argentina-foto-reuters-BYGRMYXOEFLC2DLGXDU7JUKYHI.jpg?auth=48e3e6f55a1000ae7b2f76c57fd031d3c50dde3839665d3bf9ecf492825a41f7&amp;width=767\" alt=\"Eyal Sela, el embajador israel\u00ed en Argentina. (Foto: Reuters)\"\/><figcaption class=\"wp-element-caption\">Eyal Sela, el embajador israel\u00ed en Argentina<\/figcaption><\/figure><\/div>\n\n\n<p>Sela subray\u00f3 adem\u00e1s la preocupaci\u00f3n por el avance del programa nuclear iran\u00ed. Seg\u00fan dijo, hay evidencia contundente avalada por la Agencia Internacional de Energ\u00eda At\u00f3mica. \u201cIr\u00e1n tiene 450 kilogramos de&nbsp;<strong>uranio enriquecido al 60%<\/strong>. Para energ\u00eda civil se requiere menos del 5%. Eso indica que&nbsp;<strong>est\u00e1n a d\u00edas de lograr bombas at\u00f3micas<\/strong>\u201d, se\u00f1al\u00f3. Y a\u00f1adi\u00f3: \u201cEste es el momento de quitar esta amenaza clara. Todo depende de Ir\u00e1n\u201d.<\/p>\n\n\n\n<p>A pesar del clima de tensi\u00f3n, el embajador descart\u00f3 que la situaci\u00f3n derive en un conflicto b\u00e9lico de alcance global. \u201c<strong>No creo que esto llegue a una Tercera Guerra Mundial<\/strong>, pero el futuro depende de Ir\u00e1n\u201d, afirm\u00f3.<\/p>\n\n\n\n<p>En relaci\u00f3n con el posicionamiento de Am\u00e9rica Latina frente a este nuevo escenario internacional, destac\u00f3 el respaldo del presidente&nbsp;<strong>Javier Milei<\/strong>, quien expres\u00f3 p\u00fablicamente su apoyo a la ofensiva norteamericana. \u201cEstamos&nbsp;<strong>muy agradecidos al presidente<\/strong>&nbsp;y a mucha parte del pueblo argentino que elige estar del lado correcto: del lado de la libertad, la democracia y la paz\u201d, sostuvo.<\/p>\n\n\n\n<p>Consultado sobre&nbsp;<strong>dirigentes locales<\/strong>&nbsp;que manifestaron simpat\u00eda hacia Ir\u00e1n, como&nbsp;<strong>Fernando Esteche<\/strong>&nbsp;y&nbsp;<strong>Luis D\u2019El\u00eda<\/strong>, Sela respondi\u00f3 con dureza: \u201cMuestra qui\u00e9n es qui\u00e9n. Si hay personas que apoyan a quienes no dan derechos a las mujeres, a la comunidad LGBT, a la libertad, me parece que es una&nbsp;<strong>verg\u00fcenza<\/strong>\u201d.<\/p>\n\n\n\n<p>Finalmente, el embajador cont\u00f3 que su arribo a Buenos Aires desde Tel Aviv se concret\u00f3 a trav\u00e9s de un largo viaje terrestre que comparti\u00f3 con otros diplom\u00e1ticos. \u201cMe alegra estar aqu\u00ed. Estoy en contacto con mi hija, mis padres, mi hermano y mis nietos que siguen all\u00e1. Esperamos que todo est\u00e9 bien\u201d, cerr\u00f3.<\/p>\n","protected":false},"excerpt":{"rendered":"<p>Eyal Sela se\u00f1al\u00f3 que el r\u00e9gimen de Teher\u00e1n podr\u00eda activar c\u00e9lulas terroristas en pa\u00edses occidentales como respuesta a la escalada en Medio Oriente. El\u00a0embajador de Israel\u00a0en la Argentina, Eyal Sela, advirti\u00f3 que el\u00a0r\u00e9gimen iran\u00ed\u00a0podr\u00eda activar\u00a0c\u00e9lulas terroristas\u00a0en pa\u00edses occidentales, incluida la\u00a0Argentina, como respuesta al reciente recrudecimiento del conflicto en Medio Oriente. Aunque aclar\u00f3 que&nbsp;no hay informaci\u00f3n [&hellip;]<\/p>\n","protected":false},"author":5,"featured_media":429130,"comment_status":"open","ping_status":"open","sticky":false,"template":"","format":"standard","meta":{"_stopmodifiedupdate":false,"_modified_date":"","inline_featured_image":false,"spay_email":"","jetpack_publicize_message":""},"categories":[2],"tags":[],"jetpack_featured_media_url":"https:\/\/notinor.com\/jujuy\/wp-content\/uploads\/2025\/06\/EMBAJADOR.jpg","jetpack_publicize_connections":[],"_links":{"self":[{"href":"https:\/\/notinor.com\/jujuy\/wp-json\/wp\/v2\/posts\/429129"}],"collection":[{"href":"https:\/\/notinor.com\/jujuy\/wp-json\/wp\/v2\/posts"}],"about":[{"href":"https:\/\/notinor.com\/jujuy\/wp-json\/wp\/v2\/types\/post"}],"author":[{"embeddable":true,"href":"https:\/\/notinor.com\/jujuy\/wp-json\/wp\/v2\/users\/5"}],"replies":[{"embeddable":true,"href":"https:\/\/notinor.com\/jujuy\/wp-json\/wp\/v2\/comments?post=429129"}],"version-history":[{"count":1,"href":"https:\/\/notinor.com\/jujuy\/wp-json\/wp\/v2\/posts\/429129\/revisions"}],"predecessor-version":[{"id":429131,"href":"https:\/\/notinor.com\/jujuy\/wp-json\/wp\/v2\/posts\/429129\/revisions\/429131"}],"wp:featuredmedia":[{"embeddable":true,"href":"https:\/\/notinor.com\/jujuy\/wp-json\/wp\/v2\/media\/429130"}],"wp:attachment":[{"href":"https:\/\/notinor.com\/jujuy\/wp-json\/wp\/v2\/media?parent=429129"}],"wp:term":[{"taxonomy":"category","embeddable":true,"href":"https:\/\/notinor.com\/jujuy\/wp-json\/wp\/v2\/categories?post=429129"},{"taxonomy":"post_tag","embeddable":true,"href":"https:\/\/notinor.com\/jujuy\/wp-json\/wp\/v2\/tags?post=429129"}],"curies":[{"name":"wp","href":"https:\/\/api.w.org\/{rel}","templated":true}]}}