{"id":429120,"date":"2025-06-22T21:46:00","date_gmt":"2025-06-23T00:46:00","guid":{"rendered":"https:\/\/notinor.com\/jujuy\/?p=429120"},"modified":"2025-06-22T09:46:59","modified_gmt":"2025-06-22T09:46:59","slug":"notable-asistencia-de-practicantes-y-profesores-al-dia-internacional-del-yoga","status":"publish","type":"post","link":"https:\/\/notinor.com\/jujuy\/notable-asistencia-de-practicantes-y-profesores-al-dia-internacional-del-yoga\/","title":{"rendered":"Notable asistencia de practicantes y profesores al D\u00eda Internacional del Yoga"},"content":{"rendered":"\n<p class=\"has-medium-font-size\"><strong><em>Con una jornada gratuita, organizada por profesores autoconvocados y con el apoyo de la Municipalidad de San Salvador de Jujuy, se celebr\u00f3 el D\u00eda Internacional del Yoga. El evento ofreci\u00f3 actividades abiertas para toda la familia, cont\u00f3 con la participaci\u00f3n de emprendedores locales y recibi\u00f3 visitantes de distintos puntos de la provincia. Ya se proyecta una edici\u00f3n 2026 a\u00fan m\u00e1s amplia, con nuevas propuestas y mayor capacidad.<\/em><\/strong><\/p>\n\n\n<div class=\"wp-block-image\">\n<figure class=\"aligncenter\"><img decoding=\"async\" src=\"https:\/\/www.sansalvadordejujuy.gob.ar\/wp-content\/uploads\/2025\/06\/yoga-dia-mundial-3-1024x680.jpg\" alt=\"\" class=\"wp-image-89259\"\/><\/figure><\/div>\n\n\n<p>Al t\u00e9rmino del mismo, la instructora Melina Cid Conde realiz\u00f3 un positivo balance de una jornada que lleva ya diez a\u00f1os dentro de la oferta deportiva de la Municipalidad de San Salvador de Jujuy, \u201ctoda la comunidad y\u00f3guica de Jujuy se congreg\u00f3 en Infinito por Descubrir, ya cumplimos 10 a\u00f1os de este evento que venimos realizando con gran convocatoria de gente y de emprendedores juje\u00f1os; fue un momento hermoso para venir a compartir en familia; tuvimos gente de San Pedro y Ledesma que llegaron en combis&nbsp; y nos sorprendieron\u201d, y aclar\u00f3, \u201csiempre es entrada libre y gratuita; comenzamos a las 9 de la ma\u00f1ana y finaliza a las 7 de la tarde\u201d.<\/p>\n\n\n<div class=\"wp-block-image\">\n<figure class=\"aligncenter\"><img decoding=\"async\" src=\"https:\/\/www.sansalvadordejujuy.gob.ar\/wp-content\/uploads\/2025\/06\/yoga-dia-mundial-1-1024x680.jpg\" alt=\"\" class=\"wp-image-89258\"\/><\/figure><\/div>\n\n\n<p>La yogini destac\u00f3 la labor de los profesores de yoga en el \u00e1mbito de la ciudad, \u201csomos profesores autoconvocados que queremos brindar los beneficios del yoga a trav\u00e9s de nuestras clases\u2026 un poquito de sabidur\u00eda y lo que estuvimos aprendiendo en estos a\u00f1os; se sumaron muchos profesores; este a\u00f1o somos casi 20 profesores\u201d.<\/p>\n\n\n<div class=\"wp-block-image\">\n<figure class=\"aligncenter\"><img decoding=\"async\" src=\"https:\/\/www.sansalvadordejujuy.gob.ar\/wp-content\/uploads\/2025\/06\/yoga-dia-mundial-4-1024x680.jpg\" alt=\"\" class=\"wp-image-89260\"\/><\/figure><\/div>\n\n\n<p>Asimismo extendi\u00f3 una invitaci\u00f3n a sumarse, tanto al p\u00fablico como a los emprendedores, al evento a realizarse en el 2026, \u201clos que no pudieron venir este a\u00f1o est\u00e1n invitados el a\u00f1o que viene, lo hacemos siempre cerca del 21 de junio que es el D\u00eda Internacional del Yoga\u201d, y adelant\u00f3 parte de la planificaci\u00f3n que ya est\u00e1 en marcha, \u201chay un mont\u00f3n de profesores que no entraron en la grilla, por lo que estamos pensando extender el pr\u00f3ximo evento a dos jornadas ya que es much\u00edsima la convocatoria de profes y tambi\u00e9n de alumnos, estamos excedidos de gente, nos queda chico el lugar, as\u00ed que estamos viendo lugares, con grandes expectativas para el a\u00f1o que viene; los invitamos a que cada vez que encuentren un evento de yoga se sumen, y los estaremos esperando\u201d.<\/p>\n\n\n<div class=\"wp-block-image\">\n<figure class=\"aligncenter\"><img decoding=\"async\" src=\"https:\/\/www.sansalvadordejujuy.gob.ar\/wp-content\/uploads\/2025\/06\/yoga-dia-mundial-1024x680.jpg\" alt=\"\" class=\"wp-image-89261\"\/><\/figure><\/div>\n\n\n<p>Para los interesados en practicar esta disciplina milenaria, recomend\u00f3, \u201ctraten de encontrar un buen profesor o profesora de yoga, pregunten si estudi\u00f3 y d\u00f3nde, eso es fundamental; sigan la filosof\u00eda del yoga y traten de tomar clases; hay clase gratuitas de la Municipalidad, hay muchos lugares con profesionales excelentes; es invertir en salud\u201d.<\/p>\n\n\n<div class=\"wp-block-image\">\n<figure class=\"aligncenter\"><img decoding=\"async\" src=\"https:\/\/www.sansalvadordejujuy.gob.ar\/wp-content\/uploads\/2025\/06\/yoga-dia-mundial-2-1024x680.jpg\" alt=\"\" class=\"wp-image-89262\"\/><\/figure><\/div>\n\n\n<p>Por \u00faltimo, Cid Conde detall\u00f3 los horarios en que se imparten clases gratuitas de yoga dentro de la oferta municipal, \u201cmis clases son los martes y jueves a las 10 de la ma\u00f1ana en el Parque San Mart\u00edn, al lado del natatorio, y el mismo d\u00eda por las tardes 15:30 en el Centro Cultural H\u00e9ctor Tiz\u00f3n -all\u00ed tambi\u00e9n hay clases por las ma\u00f1anas con otros profes-, y tambi\u00e9n pueden entrar a la p\u00e1gina de la Muni, y all\u00ed van a encontrar un lugar cerca de sus casas\u201d.<\/p>\n\n\n<div class=\"wp-block-image\">\n<figure class=\"aligncenter\"><img decoding=\"async\" src=\"https:\/\/www.sansalvadordejujuy.gob.ar\/wp-content\/uploads\/2025\/06\/yoga-dia-mundial-6-1024x680.jpg\" alt=\"\" class=\"wp-image-89263\"\/><\/figure><\/div>","protected":false},"excerpt":{"rendered":"<p>Con una jornada gratuita, organizada por profesores autoconvocados y con el apoyo de la Municipalidad de San Salvador de Jujuy, se celebr\u00f3 el D\u00eda Internacional del Yoga. El evento ofreci\u00f3 actividades abiertas para toda la familia, cont\u00f3 con la participaci\u00f3n de emprendedores locales y recibi\u00f3 visitantes de distintos puntos de la provincia. Ya se proyecta [&hellip;]<\/p>\n","protected":false},"author":5,"featured_media":429121,"comment_status":"open","ping_status":"open","sticky":false,"template":"","format":"standard","meta":{"_stopmodifiedupdate":false,"_modified_date":"","inline_featured_image":false,"spay_email":"","jetpack_publicize_message":""},"categories":[13],"tags":[],"jetpack_featured_media_url":"https:\/\/notinor.com\/jujuy\/wp-content\/uploads\/2025\/06\/EVENTO.jpg","jetpack_publicize_connections":[],"_links":{"self":[{"href":"https:\/\/notinor.com\/jujuy\/wp-json\/wp\/v2\/posts\/429120"}],"collection":[{"href":"https:\/\/notinor.com\/jujuy\/wp-json\/wp\/v2\/posts"}],"about":[{"href":"https:\/\/notinor.com\/jujuy\/wp-json\/wp\/v2\/types\/post"}],"author":[{"embeddable":true,"href":"https:\/\/notinor.com\/jujuy\/wp-json\/wp\/v2\/users\/5"}],"replies":[{"embeddable":true,"href":"https:\/\/notinor.com\/jujuy\/wp-json\/wp\/v2\/comments?post=429120"}],"version-history":[{"count":1,"href":"https:\/\/notinor.com\/jujuy\/wp-json\/wp\/v2\/posts\/429120\/revisions"}],"predecessor-version":[{"id":429122,"href":"https:\/\/notinor.com\/jujuy\/wp-json\/wp\/v2\/posts\/429120\/revisions\/429122"}],"wp:featuredmedia":[{"embeddable":true,"href":"https:\/\/notinor.com\/jujuy\/wp-json\/wp\/v2\/media\/429121"}],"wp:attachment":[{"href":"https:\/\/notinor.com\/jujuy\/wp-json\/wp\/v2\/media?parent=429120"}],"wp:term":[{"taxonomy":"category","embeddable":true,"href":"https:\/\/notinor.com\/jujuy\/wp-json\/wp\/v2\/categories?post=429120"},{"taxonomy":"post_tag","embeddable":true,"href":"https:\/\/notinor.com\/jujuy\/wp-json\/wp\/v2\/tags?post=429120"}],"curies":[{"name":"wp","href":"https:\/\/api.w.org\/{rel}","templated":true}]}}