{"id":429089,"date":"2025-06-23T00:01:32","date_gmt":"2025-06-23T03:01:32","guid":{"rendered":"https:\/\/notinor.com\/jujuy\/?p=429089"},"modified":"2025-06-23T00:01:35","modified_gmt":"2025-06-23T03:01:35","slug":"casi-media-tonelada-de-cocaina-incautada-en-la-quiaca-una-denuncia-anonima-tanques-de-combustible-adaptados-y-dos-detenidos","status":"publish","type":"post","link":"https:\/\/notinor.com\/jujuy\/casi-media-tonelada-de-cocaina-incautada-en-la-quiaca-una-denuncia-anonima-tanques-de-combustible-adaptados-y-dos-detenidos\/","title":{"rendered":"Casi media tonelada de coca\u00edna incautada en La Quiaca: una denuncia an\u00f3nima, tanques de combustible adaptados y dos detenidos"},"content":{"rendered":"\n<p class=\"has-medium-font-size\"><strong><em>Un tercer sospechoso escap\u00f3 y es intensamente buscado. Ingresaban la droga desde Bolivia y la sacaban de la provincia. Usaban camiones que transportaban comestibles adaptados para ocultar los estupefacientes.<\/em><\/strong><\/p>\n\n\n\n<p><\/p>\n\n\n<div class=\"wp-block-image\">\n<figure class=\"aligncenter size-full\"><img decoding=\"async\" loading=\"lazy\" width=\"800\" height=\"450\" src=\"https:\/\/notinor.com\/jujuy\/wp-content\/uploads\/2025\/06\/cocaina-la-quiaca.jpg\" alt=\"\" class=\"wp-image-429090\" srcset=\"https:\/\/notinor.com\/jujuy\/wp-content\/uploads\/2025\/06\/cocaina-la-quiaca.jpg 800w, https:\/\/notinor.com\/jujuy\/wp-content\/uploads\/2025\/06\/cocaina-la-quiaca-649x365.jpg 649w, https:\/\/notinor.com\/jujuy\/wp-content\/uploads\/2025\/06\/cocaina-la-quiaca-500x280.jpg 500w, https:\/\/notinor.com\/jujuy\/wp-content\/uploads\/2025\/06\/cocaina-la-quiaca-768x432.jpg 768w, https:\/\/notinor.com\/jujuy\/wp-content\/uploads\/2025\/06\/cocaina-la-quiaca-750x422.jpg 750w\" sizes=\"(max-width: 800px) 100vw, 800px\" \/><figcaption class=\"wp-element-caption\">El total de lo incautado en La Quiaca<\/figcaption><\/figure><\/div>\n\n\n<p><\/p>\n\n\n\n<p><strong>Una denuncia an\u00f3nima que lleg\u00f3 a manos del fiscal Alberto Mendivil, titular de la Unidad de Investigaci\u00f3n Penal Preparatoria de La Quiaca, activ\u00f3 hace poco m\u00e1s de tres semanas una investigaci\u00f3n que termin\u00f3 con el secuestro de 478 kilos con 925 gramos de coca\u00edna de m\u00e1xima pureza y dos detenidos, seg\u00fan informaron fuentes oficiales<\/strong>.<\/p>\n\n\n\n<p>Seg\u00fan las fuentes del caso, se trata de uno de los mayores decomisos realizados en esa ciudad juje\u00f1a, y <strong>fue el resultado de un operativo conjunto entre la Brigada de Narcotr\u00e1fico La Quiaca, las seccionales 17 y 3 de la polic\u00eda local y la Delegaci\u00f3n de Aduana<\/strong>, que aport\u00f3 instrumental especializado para detectar los cargamentos ocultos.<\/p>\n\n\n\n<p><strong>La hip\u00f3tesis principal de la causa sostiene que una organizaci\u00f3n criminal ingresaba la droga desde Bolivia.<\/strong> Una vez en territorio argentino, el cargamento era acondicionado La Quiaca y luego trasladado hacia otros puntos del pa\u00eds.<\/p>\n\n\n\n<p>Seg\u00fan las primeras proyecciones de los investigadores, el destino final de los estupefacientes ser\u00eda la provincia de Buenos Aires. Para eso, <strong>los narcos escond\u00edan la droga en los tanques de combustibles especialmente acondicionados de los camiones que llevaban como fachada art\u00edculos comestibles.<\/strong><\/p>\n\n\n\n<p>La operaci\u00f3n se puso en marcha durante la noche de este viernes, cuando se detuvo a un cami\u00f3n con la droga y a las 8:30 de este s\u00e1bado se concret\u00f3 el allanamiento de un galp\u00f3n comercial, donde se hallaron 250 kilos con 145 gramos de coca\u00edna acondicionados en paquetes de color amarillo.<\/p>\n\n\n\n<p><strong>Este golpe se sum\u00f3 al hallazgo previo realizado sobre un cami\u00f3n interceptado por las autoridades, en cuyo tanque de combustible adaptado se encontraron otros 228 kilos con 728 gramos de la misma sustancia, esta vez en envoltorios de color negro.<\/strong><\/p>\n\n\n\n<p>\u201cEl total incautado asciende a casi media tonelada, una cifra in\u00e9dita en la jurisdicci\u00f3n\", ampliaron las fuentes del caso consultadas por este medio.<\/p>\n\n\n\n<p><strong>El conductor del veh\u00edculo fue uno de los dos detenidos en el marco de la investigaci\u00f3n. Seg\u00fan se reconstruy\u00f3, el veh\u00edculo fue derivado al esc\u00e1ner de la Aduana, donde se detectaron anomal\u00edas en el tanque. <\/strong>La inspecci\u00f3n final se realiz\u00f3 utilizando un videoscopio, que permiti\u00f3 observar el interior del compartimiento adulterado. Fue en ese momento que se identificaron los paquetes compactos de coca\u00edna.<\/p>\n\n\n\n<p><strong>A ra\u00edz del hallazgo en el cami\u00f3n, se procedi\u00f3 de inmediato a allanar el dep\u00f3sito vinculado con el transporte de comestibles. En ese contexto se logr\u00f3 la segunda detenci\u00f3n, una mujer que se encontraba vinculada al galp\u00f3n.<\/strong> No obstante, cuando los efectivos se dirigieron a capturar al presunto propietario de la mercader\u00eda, el sospechoso ya se hab\u00eda fugado. Actualmente, permanece pr\u00f3fugo.<\/p>\n\n\n\n<p>La audiencia de formalizaci\u00f3n de cargos y solicitud de prisi\u00f3n preventiva contra los dos detenidos se har\u00e1 en las pr\u00f3ximas horas y ambos enfrentan cargos por el delito de transporte de estupefacientes con fines de comercializaci\u00f3n.<\/p>\n\n\n\n<p><strong>El operativo se convirti\u00f3, seg\u00fan explicaron fuentes judiciales, en un punto de inflexi\u00f3n para la localidad. Desde la apertura de la oficina del Ministerio P\u00fablico de la Acusaci\u00f3n en La Quiaca \u2014ocurrida hace apenas siete meses\u2014, comenzaron a visibilizarse problem\u00e1ticas delictivas que antes no llegaban a la justicia formal.<\/strong><\/p>\n\n\n\n<p><strong>\u201cLa decisi\u00f3n del Procurador provincial es acercar la justicia a la gente para que conf\u00ede y denuncie\u201d, <\/strong>comentaron desde el entorno del Ministerio P\u00fablico de la Acusaci\u00f3n de Jujuy sobre la pol\u00edtica de Sergio Lello S\u00e1nchez, fiscal general de la provincia.<\/p>\n\n\n\n<p>En paralelo, tambi\u00e9n se hizo hincapi\u00e9 en la colaboraci\u00f3n entre las brigadas provinciales, seccional 17 de Narcotr\u00e1fico y Unidad Regional N\u00b05, y el personal de Aduana, con equipamiento t\u00e9cnico avanzado: y en la velocidad de coordinaci\u00f3n de la Justicia: <strong>la orden judicial de allanamiento fue autorizada por el juez con competencia en narcotr\u00e1fico sobre la base de dos elementos clave, como el riesgo de p\u00e9rdida de prueba y los fundamentos s\u00f3lidos obtenidos durante la investigaci\u00f3n.<\/strong><\/p>\n\n\n\n<p>En las im\u00e1genes difundidas por el organismo se observa a los efectivos armados de la Brigada de Narcotr\u00e1fico La Quiaca, junto a los panes de coca\u00edna dispuestos sobre el suelo. <strong>En total, fueron contabilizados 478 kilos con 925 gramos de coca\u00edna listos para ser comercializados.<\/strong><\/p>\n","protected":false},"excerpt":{"rendered":"<p>Un tercer sospechoso escap\u00f3 y es intensamente buscado. Ingresaban la droga desde Bolivia y la sacaban de la provincia. Usaban camiones que transportaban comestibles adaptados para ocultar los estupefacientes. Una denuncia an\u00f3nima que lleg\u00f3 a manos del fiscal Alberto Mendivil, titular de la Unidad de Investigaci\u00f3n Penal Preparatoria de La Quiaca, activ\u00f3 hace poco m\u00e1s [&hellip;]<\/p>\n","protected":false},"author":49,"featured_media":429090,"comment_status":"open","ping_status":"open","sticky":false,"template":"","format":"standard","meta":{"_stopmodifiedupdate":false,"_modified_date":"","inline_featured_image":false,"spay_email":"","jetpack_publicize_message":""},"categories":[2,4,3],"tags":[],"jetpack_featured_media_url":"https:\/\/notinor.com\/jujuy\/wp-content\/uploads\/2025\/06\/cocaina-la-quiaca.jpg","jetpack_publicize_connections":[],"_links":{"self":[{"href":"https:\/\/notinor.com\/jujuy\/wp-json\/wp\/v2\/posts\/429089"}],"collection":[{"href":"https:\/\/notinor.com\/jujuy\/wp-json\/wp\/v2\/posts"}],"about":[{"href":"https:\/\/notinor.com\/jujuy\/wp-json\/wp\/v2\/types\/post"}],"author":[{"embeddable":true,"href":"https:\/\/notinor.com\/jujuy\/wp-json\/wp\/v2\/users\/49"}],"replies":[{"embeddable":true,"href":"https:\/\/notinor.com\/jujuy\/wp-json\/wp\/v2\/comments?post=429089"}],"version-history":[{"count":1,"href":"https:\/\/notinor.com\/jujuy\/wp-json\/wp\/v2\/posts\/429089\/revisions"}],"predecessor-version":[{"id":429091,"href":"https:\/\/notinor.com\/jujuy\/wp-json\/wp\/v2\/posts\/429089\/revisions\/429091"}],"wp:featuredmedia":[{"embeddable":true,"href":"https:\/\/notinor.com\/jujuy\/wp-json\/wp\/v2\/media\/429090"}],"wp:attachment":[{"href":"https:\/\/notinor.com\/jujuy\/wp-json\/wp\/v2\/media?parent=429089"}],"wp:term":[{"taxonomy":"category","embeddable":true,"href":"https:\/\/notinor.com\/jujuy\/wp-json\/wp\/v2\/categories?post=429089"},{"taxonomy":"post_tag","embeddable":true,"href":"https:\/\/notinor.com\/jujuy\/wp-json\/wp\/v2\/tags?post=429089"}],"curies":[{"name":"wp","href":"https:\/\/api.w.org\/{rel}","templated":true}]}}