{"id":428897,"date":"2025-06-16T22:12:00","date_gmt":"2025-06-17T01:12:00","guid":{"rendered":"https:\/\/notinor.com\/jujuy\/?p=428897"},"modified":"2025-06-16T10:12:40","modified_gmt":"2025-06-16T10:12:40","slug":"se-realizo-una-nueva-velada-en-honor-al-general-manuel-eduardo-arias","status":"publish","type":"post","link":"https:\/\/notinor.com\/jujuy\/se-realizo-una-nueva-velada-en-honor-al-general-manuel-eduardo-arias\/","title":{"rendered":"Se realiz\u00f3 una nueva velada en honor al General Manuel Eduardo Arias"},"content":{"rendered":"\n<p class=\"has-medium-font-size\"><strong><em>El intendente Ra\u00fal \u201cChuli\u201d Jorge estuvo presente en la velada que convoca a la ciudadan\u00eda a celebrar al h\u00e9roe m\u00e1ximo que diera nuestra provincia a la gesta de la Independencia, para recordarlo mediante un espect\u00e1culo art\u00edstico y musical que se celebra en la v\u00edspera del paso a la inmortalidad<\/em><\/strong><\/p>\n\n\n<div class=\"wp-block-image\">\n<figure class=\"aligncenter\"><img decoding=\"async\" src=\"https:\/\/www.sansalvadordejujuy.gob.ar\/wp-content\/uploads\/2025\/06\/velada-General-Arias3-1024x707.jpg\" alt=\"\" class=\"wp-image-88930\"\/><\/figure><\/div>\n\n\n<p>A pesar de las bajas temperaturas, instituciones gauchescas y vecinos de la ciudad se dieron cita en el Monumento al General Manuel Eduardo Arias para honrar su memoria a trav\u00e9s de la Velada que ya se convirti\u00f3 en una nueva tradici\u00f3n de San Salvador de Jujuy, seg\u00fan la defini\u00f3 el intendente Ra\u00fal \u201cChuli\u201d Jorge.<\/p>\n\n\n<div class=\"wp-block-image\">\n<figure class=\"aligncenter\"><img decoding=\"async\" src=\"https:\/\/www.sansalvadordejujuy.gob.ar\/wp-content\/uploads\/2025\/06\/velada-General-Arias8-1024x680.jpg\" alt=\"\" class=\"wp-image-88931\"\/><\/figure><\/div>\n\n\n<p>El intendente Jorge destac\u00f3, \u201cla presencia del gauchaje, la Asociaci\u00f3n Gaucha, la Federaci\u00f3n, las Gauchitas, y todo lo que tiene que ver con la Comisi\u00f3n Permanente de Homenaje al General Manuel Eduardo Arias conjuntamente con la velada art\u00edstica despuntan, frente al Monumento\u201d.<\/p>\n\n\n\n<p>En este sentido, el ejecutivo municipal enfatiz\u00f3, \u201ces el gesto y la posici\u00f3n del Municipio de reforzar todo aquello que tiene que ver con la difusi\u00f3n de lo que ha sido este gran h\u00e9roe de la Independencia del cual tenemos que sentir un profundo orgullo; no hay temperatura, no hay horarios, ni siquiera el D\u00eda del Padre, han significado restar presencia de los vecinos para celebrar a nuestro h\u00e9roe m\u00e1ximo y orgullo permanente\u201d.<\/p>\n\n\n<div class=\"wp-block-image\">\n<figure class=\"aligncenter\"><img decoding=\"async\" src=\"https:\/\/www.sansalvadordejujuy.gob.ar\/wp-content\/uploads\/2025\/06\/velada-General-Arias11-1024x685.jpg\" alt=\"\" class=\"wp-image-88933\"\/><\/figure><\/div>\n\n\n<p>A su turno, el presidente del Concejo Deliberante de la ciudad, Lisandro Aguiar, coincidi\u00f3, \u201ces una tradici\u00f3n que nuestro gauchaje en la ciudad ha ido consolidando a\u00f1o tras a\u00f1o en este hermoso Monumento que erigimos a este hombre que crey\u00f3 en la libertad, en la independencia y que luch\u00f3 hasta perder la vida por ella\u201d.<\/p>\n\n\n<div class=\"wp-block-image\">\n<figure class=\"aligncenter\"><img decoding=\"async\" src=\"https:\/\/www.sansalvadordejujuy.gob.ar\/wp-content\/uploads\/2025\/06\/velada-General-Arias-1024x649.jpg\" alt=\"\" class=\"wp-image-88934\"\/><\/figure><\/div>\n\n\n<p>Aguiar resalt\u00f3 la figura del h\u00e9roe juje\u00f1o, \u201cal General Manuel Eduardo Arias, todo nuestro reconocimiento, muchos juje\u00f1os y en particular al gauchaje le rendimos homenaje\u201d, y destac\u00f3 la actividad del Concejo Deliberante encaminada a ese fin, \u201chemos tenido varios dispositivos normativos que han buscado generar conciencia sobre el accionar del general a lo largo de la Guerra de la Independencia, particularmente en la Batalla de Humahuaca, quiz\u00e1s el hito m\u00e1s importante de lo que ha sido su tarea en la provincia de Jujuy; como soldado, como juje\u00f1o hay que reconocerlo y parte fundamental es este tipo de actividades que permiten hacer conocer a cada uno de los vecinos la figura y lo que represent\u00f3\u201d.<\/p>\n\n\n<div class=\"wp-block-image\">\n<figure class=\"alignleft\"><img decoding=\"async\" src=\"https:\/\/www.sansalvadordejujuy.gob.ar\/wp-content\/uploads\/2025\/06\/velada-General-Arias6-1024x683.jpg\" alt=\"\" class=\"wp-image-88935\"\/><\/figure><\/div>\n\n\n<p>El secretario de Cultura y Turismo de la Municipalidad, Luciano C\u00f3rdoba, detall\u00f3 que la Velada se extendi\u00f3 hasta la medianoche, momento en que se enton\u00f3 el Himno Nacional. Luego, el p\u00fablico disfrut\u00f3 de la presentaci\u00f3n de diversos grupos musicales y del despliegue esc\u00e9nico de varios ballets. El espect\u00e1culo, que ya forma parte de una tradici\u00f3n cultural juje\u00f1a, incluy\u00f3 la actuaci\u00f3n destacada de Tati Dom\u00ednguez a la medianoche. La propuesta fue abierta, libre y gratuita.<\/p>\n\n\n<div class=\"wp-block-image\">\n<figure class=\"aligncenter\"><img decoding=\"async\" src=\"https:\/\/www.sansalvadordejujuy.gob.ar\/wp-content\/uploads\/2025\/06\/velada-General-Arias7-1024x680.jpg\" alt=\"\" class=\"wp-image-88936\"\/><\/figure><\/div>\n\n\n<p>Finalmente, el presidente del Instituto Hist\u00f3rico Manuel Eduardo Arias, Isidoro Cruz, remarc\u00f3, \u201d la Legislatura de la provincia dict\u00f3 la ley 6276 declarando el d\u00eda 16 de junio como D\u00eda del Gaucho Juje\u00f1o Guerrero de la Independencia, con motivo del paso a la inmortalidad del General Arias\u201d, y destac\u00f3 el rol de la instituci\u00f3n que preside para difundir la figura del m\u00e1ximo h\u00e9roe juje\u00f1o de Independencia, \u201ccomo Instituto Hist\u00f3rico, venimos desde el 2016 trabajando para que se lo conozca; el intendente de San Salvador de Jujuy capt\u00f3 las inquietudes de quienes nos dedicamos a la historia de la Patria, y hoy ternemos semejante solar dedicado a un pr\u00f3cer tan importante que ya cuenta con dos media sanciones en el Congreso de la Naci\u00f3n para ser consagrado h\u00e9roe nacional\u201d.<\/p>\n\n\n<div class=\"wp-block-image\">\n<figure class=\"aligncenter\"><img decoding=\"async\" src=\"https:\/\/www.sansalvadordejujuy.gob.ar\/wp-content\/uploads\/2025\/06\/velada-General-Arias5-1024x680.jpg\" alt=\"\" class=\"wp-image-88937\"\/><\/figure><\/div>","protected":false},"excerpt":{"rendered":"<p>El intendente Ra\u00fal \u201cChuli\u201d Jorge estuvo presente en la velada que convoca a la ciudadan\u00eda a celebrar al h\u00e9roe m\u00e1ximo que diera nuestra provincia a la gesta de la Independencia, para recordarlo mediante un espect\u00e1culo art\u00edstico y musical que se celebra en la v\u00edspera del paso a la inmortalidad A pesar de las bajas temperaturas, [&hellip;]<\/p>\n","protected":false},"author":5,"featured_media":428898,"comment_status":"open","ping_status":"open","sticky":false,"template":"","format":"standard","meta":{"_stopmodifiedupdate":false,"_modified_date":"","inline_featured_image":false,"spay_email":"","jetpack_publicize_message":""},"categories":[514],"tags":[],"jetpack_featured_media_url":"https:\/\/notinor.com\/jujuy\/wp-content\/uploads\/2025\/06\/HOMENAJE.jpg","jetpack_publicize_connections":[],"_links":{"self":[{"href":"https:\/\/notinor.com\/jujuy\/wp-json\/wp\/v2\/posts\/428897"}],"collection":[{"href":"https:\/\/notinor.com\/jujuy\/wp-json\/wp\/v2\/posts"}],"about":[{"href":"https:\/\/notinor.com\/jujuy\/wp-json\/wp\/v2\/types\/post"}],"author":[{"embeddable":true,"href":"https:\/\/notinor.com\/jujuy\/wp-json\/wp\/v2\/users\/5"}],"replies":[{"embeddable":true,"href":"https:\/\/notinor.com\/jujuy\/wp-json\/wp\/v2\/comments?post=428897"}],"version-history":[{"count":1,"href":"https:\/\/notinor.com\/jujuy\/wp-json\/wp\/v2\/posts\/428897\/revisions"}],"predecessor-version":[{"id":428899,"href":"https:\/\/notinor.com\/jujuy\/wp-json\/wp\/v2\/posts\/428897\/revisions\/428899"}],"wp:featuredmedia":[{"embeddable":true,"href":"https:\/\/notinor.com\/jujuy\/wp-json\/wp\/v2\/media\/428898"}],"wp:attachment":[{"href":"https:\/\/notinor.com\/jujuy\/wp-json\/wp\/v2\/media?parent=428897"}],"wp:term":[{"taxonomy":"category","embeddable":true,"href":"https:\/\/notinor.com\/jujuy\/wp-json\/wp\/v2\/categories?post=428897"},{"taxonomy":"post_tag","embeddable":true,"href":"https:\/\/notinor.com\/jujuy\/wp-json\/wp\/v2\/tags?post=428897"}],"curies":[{"name":"wp","href":"https:\/\/api.w.org\/{rel}","templated":true}]}}