{"id":428894,"date":"2025-06-16T22:08:00","date_gmt":"2025-06-17T01:08:00","guid":{"rendered":"https:\/\/notinor.com\/jujuy\/?p=428894"},"modified":"2025-06-16T10:08:06","modified_gmt":"2025-06-16T10:08:06","slug":"el-intendente-raul-chuli-jorge-destaco-el-legado-del-general-manuel-eduardo-arias-en-el-203-aniversario-de-su-fallecimiento","status":"publish","type":"post","link":"https:\/\/notinor.com\/jujuy\/el-intendente-raul-chuli-jorge-destaco-el-legado-del-general-manuel-eduardo-arias-en-el-203-aniversario-de-su-fallecimiento\/","title":{"rendered":"El intendente Ra\u00fal \u201cChuli\u201d Jorge destac\u00f3 el legado del General Manuel Eduardo Arias en el 203\u00b0 aniversario de su fallecimiento"},"content":{"rendered":"\n<p class=\"has-medium-font-size\"><strong><em>El intendente Ra\u00fal \u2018Chuli\u2019 Jorge encabez\u00f3 este lunes el acto central y posterior desfile en conmemoraci\u00f3n del 203\u00ba aniversario del paso a la inmortalidad del general Manuel Eduardo Arias, celebrado al pie del monumento erigido en su honor. La ceremonia, que recuerda tambi\u00e9n el D\u00eda del Gaucho Juje\u00f1o, cont\u00f3 con la presencia del vicegobernador de la provincia, Alberto Bernis.<\/em><\/strong><\/p>\n\n\n<div class=\"wp-block-image\">\n<figure class=\"aligncenter\"><img decoding=\"async\" src=\"https:\/\/www.sansalvadordejujuy.gob.ar\/wp-content\/uploads\/2025\/06\/acto-General-Arias2-1024x680.jpg\" alt=\"\" class=\"wp-image-88951\"\/><\/figure><\/div>\n\n\n<p>Al respecto, el intendente Jorge expres\u00f3, \u201canoche comenz\u00f3 la conmemoraci\u00f3n con una gran velada, en la que participaron la Asociaci\u00f3n Gaucha, la Federaci\u00f3n Gaucha, Las Gauchitas y todo el colectivo de vecinos de los populosos barrios General Arias y 1\u00b0 de Marzo. Fue una ocasi\u00f3n que permiti\u00f3 manifestaciones aut\u00e9nticas de nuestro folclore y emotivos homenajes a nuestro m\u00e1ximo h\u00e9roe de la Independencia y de las luchas gauchas, el general Arias\u201d.<\/p>\n\n\n<div class=\"wp-block-image\">\n<figure class=\"aligncenter\"><img decoding=\"async\" src=\"https:\/\/www.sansalvadordejujuy.gob.ar\/wp-content\/uploads\/2025\/06\/acto-General-Arias22-1024x603.jpg\" alt=\"\" class=\"wp-image-88959\"\/><\/figure><\/div>\n\n\n<p>El intendente destac\u00f3 la reciente erecci\u00f3n de la escultura ecuestre del general Arias, que embellece la entrada a la ciudad, y expres\u00f3, \u201cdesde que contamos con este s\u00edmbolo, se nos brinda la posibilidad de reunirnos para celebrar y difundir su legado, porque a\u00fan creo que muchos coterr\u00e1neos desconocen la valent\u00eda y el arrojo del general Arias en la defensa de nuestro pa\u00eds, en la lucha por la libertad y la independencia\u201d.<\/p>\n\n\n<div class=\"wp-block-image\">\n<figure class=\"aligncenter\"><img decoding=\"async\" src=\"https:\/\/www.sansalvadordejujuy.gob.ar\/wp-content\/uploads\/2025\/06\/acto-General-Arias-1024x645.jpg\" alt=\"\" class=\"wp-image-88947\"\/><\/figure><\/div>\n\n\n<p>Por su parte, el vicegobernador de la provincia, Alberto Bernis, expres\u00f3, \u201crealmente es un honor, una obligaci\u00f3n y un orgullo para todos los juje\u00f1os honrar a uno de los principales h\u00e9roes de la Patria quien supo defender la independencia que hoy tenemos todos los argentinos; en un d\u00eda como hoy se reivindica la historia argentina y la historia juje\u00f1a\u201d.<\/p>\n\n\n<div class=\"wp-block-image\">\n<figure class=\"aligncenter\"><img decoding=\"async\" src=\"https:\/\/www.sansalvadordejujuy.gob.ar\/wp-content\/uploads\/2025\/06\/acto-General-Arias20-edited-1-scaled.jpg\" alt=\"\" class=\"wp-image-88963\"\/><\/figure><\/div>\n\n\n<p>El vicegobernador felicit\u00f3 al ejecutivo municipal por la vocaci\u00f3n de recuerdo y reivindicaci\u00f3n de los m\u00e1ximos referentes de nuestra historia, \u201cquiero felicitar al intendente \u201cChuli\u201d Jorge por acordarse permanentemente de todos los h\u00e9roe juje\u00f1os; hace a\u00f1os cuando se inaugur\u00f3 este monumento estuvimos presentes y, a partir de all\u00ed, este homenaje de todos los a\u00f1os habla de que los juje\u00f1os tenemos un fuerte compromiso de patriotismo y defensa por la lucha de la independencia que surgi\u00f3 en la Rep\u00fablica Argentina\u201d.<\/p>\n\n\n<div class=\"wp-block-image\">\n<figure class=\"aligncenter\"><img decoding=\"async\" src=\"https:\/\/www.sansalvadordejujuy.gob.ar\/wp-content\/uploads\/2025\/06\/desfile-General-Arias21-6-1024x680.jpg\" alt=\"\" class=\"wp-image-88948\"\/><\/figure><\/div>\n\n\n<p>A su turno, el presidente del Concejo Deliberante capitalino, Lisandro Aguiar, expres\u00f3, \u201cestuvimos compartiendo esta jornada junto al vicegobernador de la provincia, Alberto Bernis, y al intendente municipal, Ra\u00fal \u2018Chuli\u2019 Jorge, acompa\u00f1ados por el gauchaje juje\u00f1o representado por la Asociaci\u00f3n Gaucha, la Federaci\u00f3n Gaucha, Las Gauchitas y muchas otras instituciones que encarnan las tradiciones y valores que el general Manuel Eduardo Arias quiso legar al pueblo de Jujuy, a trav\u00e9s de su amor a la Patria y su esp\u00edritu de sacrificio\u201d.<\/p>\n\n\n<div class=\"wp-block-image\">\n<figure class=\"aligncenter\"><img decoding=\"async\" src=\"https:\/\/www.sansalvadordejujuy.gob.ar\/wp-content\/uploads\/2025\/06\/desfile-General-Arias21-8-1024x633.jpg\" alt=\"\" class=\"wp-image-88953\"\/><\/figure><\/div>\n\n\n<p>Aguiar a\u00f1adi\u00f3, \u201ca trav\u00e9s del bronce de esta hermosa escultura que se alza en el ingreso a la ciudad, queremos transmitir a todos los juje\u00f1os que su prop\u00f3sito es reflejar los valores e ideales de amor a la Patria, libertad y sacrificio supremo por el pueblo juje\u00f1o y por la Rep\u00fablica Argentina. En este d\u00eda, rendimos gloria y honor al general Manuel Eduardo Arias y a todos los gauchos juje\u00f1os\u201d.<\/p>\n\n\n<div class=\"wp-block-image\">\n<figure class=\"aligncenter\"><img decoding=\"async\" src=\"https:\/\/www.sansalvadordejujuy.gob.ar\/wp-content\/uploads\/2025\/06\/desfile-General-Arias21-21-1024x680.jpg\" alt=\"\" class=\"wp-image-88960\"\/><\/figure><\/div>\n\n\n<p>Isidoro Cruz, presidente del Instituto de Estudios Hist\u00f3ricos General Manuel Eduardo Arias, resalt\u00f3 la importancia de la fecha, \u201cun d\u00eda como hoy, en 1822, pas\u00f3 a la inmortalidad nuestro pr\u00f3cer; logramos conseguir una semana de conmemoraci\u00f3n para visibilizar su figura ante nuestra comunidad para que puedan saber que alguien como Arias luch\u00f3 por esta parte de la Patria; y hoy es un d\u00eda \u00fanico, por primera vez se va a realizar el desfile ante este enorme monumento que le hizo al general Arias nuestro se\u00f1or intendente\u201d.<\/p>\n\n\n\n<p>El destacado jurista e historiador puso de manifiesto los esfuerzos que se realizan desde el Instituto que preside para difundir la figura del h\u00e9roe juje\u00f1o, \u201cdesde el bicentenario de la Batalla de Humahuaca en el 2017 venimos bregando, primero por el ascenso post mortem a general, despu\u00e9s pedimos que sea declarado H\u00e9roe Nacional -ya hay dos medias sanciones en el Congreso Nacional para reconocerlo como tal- y tambi\u00e9n pedimos que este d\u00eda sea feriado, un feriado largo hist\u00f3rico -por su coincidencia a un d\u00eda del fallecimiento de G\u00fcemes- para que el pa\u00eds conozca que dos h\u00e9roes como G\u00fcemes y Arias pelearon por la Patria\u201d, y asegur\u00f3 que continuar\u00e1n en su tarea reivindicatoria, \u201cvamos a seguir proponi\u00e9ndolo, esperamos ser escuchados; el a\u00f1o que viene vamos a estar llevando un busto de Arias a la provincia de Tucum\u00e1n -Arias tambi\u00e9n luch\u00f3 all\u00ed bajo las \u00f3rdenes del coronel Bernab\u00e9 Ar\u00e1oz-, es muy importante el trabajo de difusi\u00f3n\u201d.<\/p>\n\n\n\n<p>Desde el Municipio de San Salvador de Jujuy y la Comisi\u00f3n \u201cJujuy Abanderada de la Patria\u201d, expresaron un especial agradecimiento a todas las instituciones que participaron tanto en la Velada Gaucha celebrada en la v\u00edspera, como en el acto protocolar y en el primer desfile c\u00edvico-militar y gaucho realizado frente al complejo monumental dedicado al general Manuel Eduardo Arias, en el acceso a la ciudad.<br>Se destaca el acompa\u00f1amiento del Instituto de Estudios Hist\u00f3ricos General Manuel Eduardo Arias; el Colegio de Profesores de Historia; el Regimiento de Infanter\u00eda de Monta\u00f1a 20; el Grupo Marcha Evocativa y Patri\u00f3tica General Arias; el Gobierno de la Provincia de Jujuy, el Ministerio de Educaci\u00f3n, el Ministerio de Desarrollo Humano y la Secretar\u00eda de Cultura<\/p>\n","protected":false},"excerpt":{"rendered":"<p>El intendente Ra\u00fal \u2018Chuli\u2019 Jorge encabez\u00f3 este lunes el acto central y posterior desfile en conmemoraci\u00f3n del 203\u00ba aniversario del paso a la inmortalidad del general Manuel Eduardo Arias, celebrado al pie del monumento erigido en su honor. La ceremonia, que recuerda tambi\u00e9n el D\u00eda del Gaucho Juje\u00f1o, cont\u00f3 con la presencia del vicegobernador de [&hellip;]<\/p>\n","protected":false},"author":5,"featured_media":428895,"comment_status":"open","ping_status":"open","sticky":false,"template":"","format":"standard","meta":{"_stopmodifiedupdate":false,"_modified_date":"","inline_featured_image":false,"spay_email":"","jetpack_publicize_message":""},"categories":[2],"tags":[],"jetpack_featured_media_url":"https:\/\/notinor.com\/jujuy\/wp-content\/uploads\/2025\/06\/ANIVERSARIO.jpg","jetpack_publicize_connections":[],"_links":{"self":[{"href":"https:\/\/notinor.com\/jujuy\/wp-json\/wp\/v2\/posts\/428894"}],"collection":[{"href":"https:\/\/notinor.com\/jujuy\/wp-json\/wp\/v2\/posts"}],"about":[{"href":"https:\/\/notinor.com\/jujuy\/wp-json\/wp\/v2\/types\/post"}],"author":[{"embeddable":true,"href":"https:\/\/notinor.com\/jujuy\/wp-json\/wp\/v2\/users\/5"}],"replies":[{"embeddable":true,"href":"https:\/\/notinor.com\/jujuy\/wp-json\/wp\/v2\/comments?post=428894"}],"version-history":[{"count":1,"href":"https:\/\/notinor.com\/jujuy\/wp-json\/wp\/v2\/posts\/428894\/revisions"}],"predecessor-version":[{"id":428896,"href":"https:\/\/notinor.com\/jujuy\/wp-json\/wp\/v2\/posts\/428894\/revisions\/428896"}],"wp:featuredmedia":[{"embeddable":true,"href":"https:\/\/notinor.com\/jujuy\/wp-json\/wp\/v2\/media\/428895"}],"wp:attachment":[{"href":"https:\/\/notinor.com\/jujuy\/wp-json\/wp\/v2\/media?parent=428894"}],"wp:term":[{"taxonomy":"category","embeddable":true,"href":"https:\/\/notinor.com\/jujuy\/wp-json\/wp\/v2\/categories?post=428894"},{"taxonomy":"post_tag","embeddable":true,"href":"https:\/\/notinor.com\/jujuy\/wp-json\/wp\/v2\/tags?post=428894"}],"curies":[{"name":"wp","href":"https:\/\/api.w.org\/{rel}","templated":true}]}}