{"id":428883,"date":"2025-06-16T21:43:00","date_gmt":"2025-06-17T00:43:00","guid":{"rendered":"https:\/\/notinor.com\/jujuy\/?p=428883"},"modified":"2025-06-17T10:05:30","modified_gmt":"2025-06-17T13:05:30","slug":"el-vicegobernador-participo-del-homenaje-al-gral-manuel-eduardo-arias","status":"publish","type":"post","link":"https:\/\/notinor.com\/jujuy\/el-vicegobernador-participo-del-homenaje-al-gral-manuel-eduardo-arias\/","title":{"rendered":"El vicegobernador particip\u00f3 del homenaje al Gral. Manuel Eduardo Arias"},"content":{"rendered":"\n<p class=\"has-medium-font-size\"><strong><em>En conmemoraci\u00f3n del 203\u00b0 aniversario del fallecimiento del Gral. Manuel Eduardo Arias, el vicegobernador de la provincia, Alberto Bernis, particip\u00f3 de los actos centrales realizados en el Parque \"Gral. Manuel E. Arias\", ubicado sobre avenida P\u00e1rroco Marshke.<\/em><\/strong><\/p>\n\n\n<div class=\"wp-block-image\">\n<figure class=\"aligncenter size-large\"><img decoding=\"async\" loading=\"lazy\" width=\"720\" height=\"480\" src=\"https:\/\/notinor.com\/jujuy\/wp-content\/uploads\/2025\/06\/CONMEMORACION-1-720x480.jpeg\" alt=\"\" class=\"wp-image-428885\" srcset=\"https:\/\/notinor.com\/jujuy\/wp-content\/uploads\/2025\/06\/CONMEMORACION-1-720x480.jpeg 720w, https:\/\/notinor.com\/jujuy\/wp-content\/uploads\/2025\/06\/CONMEMORACION-1-548x365.jpeg 548w, https:\/\/notinor.com\/jujuy\/wp-content\/uploads\/2025\/06\/CONMEMORACION-1-768x512.jpeg 768w, https:\/\/notinor.com\/jujuy\/wp-content\/uploads\/2025\/06\/CONMEMORACION-1-1536x1023.jpeg 1536w, https:\/\/notinor.com\/jujuy\/wp-content\/uploads\/2025\/06\/CONMEMORACION-1-750x500.jpeg 750w, https:\/\/notinor.com\/jujuy\/wp-content\/uploads\/2025\/06\/CONMEMORACION-1-1140x760.jpeg 1140w, https:\/\/notinor.com\/jujuy\/wp-content\/uploads\/2025\/06\/CONMEMORACION-1.jpeg 1600w\" sizes=\"(max-width: 720px) 100vw, 720px\" \/><\/figure><\/div>\n\n\n<p>La ceremonia cont\u00f3 con la presencia del intendente de San Salvador de Jujuy, <strong>Ra\u00fal Jorge<\/strong>; el presidente del Concejo Deliberante, <strong>Lisandro Aguiar<\/strong>; el jefe de Guarnici\u00f3n Ej\u00e9rcito Jujuy, coronel <strong>Juli\u00e1n Rojo<\/strong>; el presidente del Instituto de Estudios Hist\u00f3ricos Gral. Manuel Eduardo Arias, Dr.<strong> Isidoro Cruz<\/strong>; representantes del Instituto Belgraniano, la Asociaci\u00f3n Gaucha Juje\u00f1a \"\u00c9xodo Juje\u00f1o\", Veteranos de Malvinas, establecimientos educativos, instituciones gauchas y funcionarios provinciales y municipales.<\/p>\n\n\n<div class=\"wp-block-image\">\n<figure class=\"aligncenter size-large\"><img decoding=\"async\" loading=\"lazy\" width=\"720\" height=\"480\" src=\"https:\/\/notinor.com\/jujuy\/wp-content\/uploads\/2025\/06\/CONMEMORACION1-720x480.jpeg\" alt=\"\" class=\"wp-image-428886\" srcset=\"https:\/\/notinor.com\/jujuy\/wp-content\/uploads\/2025\/06\/CONMEMORACION1-720x480.jpeg 720w, https:\/\/notinor.com\/jujuy\/wp-content\/uploads\/2025\/06\/CONMEMORACION1-548x365.jpeg 548w, https:\/\/notinor.com\/jujuy\/wp-content\/uploads\/2025\/06\/CONMEMORACION1-768x512.jpeg 768w, https:\/\/notinor.com\/jujuy\/wp-content\/uploads\/2025\/06\/CONMEMORACION1-1536x1023.jpeg 1536w, https:\/\/notinor.com\/jujuy\/wp-content\/uploads\/2025\/06\/CONMEMORACION1-750x500.jpeg 750w, https:\/\/notinor.com\/jujuy\/wp-content\/uploads\/2025\/06\/CONMEMORACION1-1140x760.jpeg 1140w, https:\/\/notinor.com\/jujuy\/wp-content\/uploads\/2025\/06\/CONMEMORACION1.jpeg 1600w\" sizes=\"(max-width: 720px) 100vw, 720px\" \/><\/figure><\/div>\n\n\n<p>El acto incluy\u00f3 el izamiento de las banderas Nacional y Nacional de la Libertad Civil, entonaci\u00f3n del Himno Nacional, invocaci\u00f3n religiosa a cargo del padre Miguel C\u00e1ceres, colocaci\u00f3n de ofrendas florales y palabras alusivas a la figura del pr\u00f3cer juje\u00f1o a cargo del Dr. Isidoro Cruz.<\/p>\n\n\n<div class=\"wp-block-image\">\n<figure class=\"aligncenter size-large\"><img decoding=\"async\" loading=\"lazy\" width=\"720\" height=\"480\" src=\"https:\/\/notinor.com\/jujuy\/wp-content\/uploads\/2025\/06\/CONMEMORACION-4-720x480.jpeg\" alt=\"\" class=\"wp-image-428889\" srcset=\"https:\/\/notinor.com\/jujuy\/wp-content\/uploads\/2025\/06\/CONMEMORACION-4-720x480.jpeg 720w, https:\/\/notinor.com\/jujuy\/wp-content\/uploads\/2025\/06\/CONMEMORACION-4-548x365.jpeg 548w, https:\/\/notinor.com\/jujuy\/wp-content\/uploads\/2025\/06\/CONMEMORACION-4-768x512.jpeg 768w, https:\/\/notinor.com\/jujuy\/wp-content\/uploads\/2025\/06\/CONMEMORACION-4-1536x1023.jpeg 1536w, https:\/\/notinor.com\/jujuy\/wp-content\/uploads\/2025\/06\/CONMEMORACION-4-750x500.jpeg 750w, https:\/\/notinor.com\/jujuy\/wp-content\/uploads\/2025\/06\/CONMEMORACION-4-1140x760.jpeg 1140w, https:\/\/notinor.com\/jujuy\/wp-content\/uploads\/2025\/06\/CONMEMORACION-4.jpeg 1600w\" sizes=\"(max-width: 720px) 100vw, 720px\" \/><\/figure><\/div>\n\n\n<p>En ese contexto, el vicegobernador Bernis destac\u00f3 que \"recordar a Arias es un deber de todos los juje\u00f1os, fue un gran h\u00e9roe de la independencia nacional\", y valor\u00f3 el compromiso del municipio capitalino en mantener viva la memoria hist\u00f3rica. \"Quiero felicitar al intendente por acordarse permanentemente de los h\u00e9roes juje\u00f1os, este homenaje habla que los juje\u00f1os tienen un fuerte compromiso con el patriotismo y defensa por la lucha de la independencia que surgi\u00f3 hace much\u00edsimos a\u00f1os\".<\/p>\n\n\n<div class=\"wp-block-image\">\n<figure class=\"aligncenter size-large\"><img decoding=\"async\" loading=\"lazy\" width=\"720\" height=\"480\" src=\"https:\/\/notinor.com\/jujuy\/wp-content\/uploads\/2025\/06\/CONMEMORACION-2-720x480.jpeg\" alt=\"\" class=\"wp-image-428887\" srcset=\"https:\/\/notinor.com\/jujuy\/wp-content\/uploads\/2025\/06\/CONMEMORACION-2-720x480.jpeg 720w, https:\/\/notinor.com\/jujuy\/wp-content\/uploads\/2025\/06\/CONMEMORACION-2-548x365.jpeg 548w, https:\/\/notinor.com\/jujuy\/wp-content\/uploads\/2025\/06\/CONMEMORACION-2-768x512.jpeg 768w, https:\/\/notinor.com\/jujuy\/wp-content\/uploads\/2025\/06\/CONMEMORACION-2-1536x1023.jpeg 1536w, https:\/\/notinor.com\/jujuy\/wp-content\/uploads\/2025\/06\/CONMEMORACION-2-750x500.jpeg 750w, https:\/\/notinor.com\/jujuy\/wp-content\/uploads\/2025\/06\/CONMEMORACION-2-1140x760.jpeg 1140w, https:\/\/notinor.com\/jujuy\/wp-content\/uploads\/2025\/06\/CONMEMORACION-2.jpeg 1600w\" sizes=\"(max-width: 720px) 100vw, 720px\" \/><\/figure><\/div>\n\n\n<p>Por su parte, el intendente Jorge resalt\u00f3 el acompa\u00f1amiento de instituciones gauchas y vecinos de los barrios General Arias y 1\u00b0 de Marzo: \"Fue una oportunidad para <strong>reencontrarnos con nuestras ra\u00edces,<\/strong> con expresiones aut\u00e9nticas de la cultura popular y el homenaje a un h\u00e9roe que a\u00fan no todos conocen en profundidad. Nos posibilita reunirnos, celebrar y difundir mucho su accionar, todav\u00eda hay muchos coterr\u00e1neos que no conocen la valent\u00eda del Gral. Arias en la defensa de nuestro pa\u00eds y la libertad de nuestra independencia\", resalt\u00f3.<\/p>\n\n\n<div class=\"wp-block-image\">\n<figure class=\"aligncenter size-large\"><img decoding=\"async\" loading=\"lazy\" width=\"720\" height=\"480\" src=\"https:\/\/notinor.com\/jujuy\/wp-content\/uploads\/2025\/06\/CONMEMORACION-3-720x480.jpeg\" alt=\"\" class=\"wp-image-428888\" srcset=\"https:\/\/notinor.com\/jujuy\/wp-content\/uploads\/2025\/06\/CONMEMORACION-3-720x480.jpeg 720w, https:\/\/notinor.com\/jujuy\/wp-content\/uploads\/2025\/06\/CONMEMORACION-3-548x365.jpeg 548w, https:\/\/notinor.com\/jujuy\/wp-content\/uploads\/2025\/06\/CONMEMORACION-3-768x512.jpeg 768w, https:\/\/notinor.com\/jujuy\/wp-content\/uploads\/2025\/06\/CONMEMORACION-3-1536x1023.jpeg 1536w, https:\/\/notinor.com\/jujuy\/wp-content\/uploads\/2025\/06\/CONMEMORACION-3-750x500.jpeg 750w, https:\/\/notinor.com\/jujuy\/wp-content\/uploads\/2025\/06\/CONMEMORACION-3-1140x760.jpeg 1140w, https:\/\/notinor.com\/jujuy\/wp-content\/uploads\/2025\/06\/CONMEMORACION-3.jpeg 1600w\" sizes=\"(max-width: 720px) 100vw, 720px\" \/><\/figure><\/div>\n\n\n<p>El Dr. Isidoro Cruz, en tanto, remarc\u00f3 la importancia de seguir impulsando el reconocimiento nacional del general Arias, detall\u00f3 que se cuenta con media sanci\u00f3n en ambas c\u00e1maras del Congreso para establecer un feriado en su memoria. \"Vamos a seguir trabajando por ese sue\u00f1o\", subray\u00f3.<\/p>\n\n\n\n<p>La jornada finaliz\u00f3 con un desfile c\u00edvico-militar y gaucho, del que participaron fuerzas armadas, instituciones educativas, centros tradicionalistas y excombatientes de Malvinas.<\/p>\n\n\n<div class=\"wp-block-image\">\n<figure class=\"aligncenter size-large\"><img decoding=\"async\" loading=\"lazy\" width=\"720\" height=\"480\" src=\"https:\/\/notinor.com\/jujuy\/wp-content\/uploads\/2025\/06\/CONMEMORACION-5-720x480.jpeg\" alt=\"\" class=\"wp-image-428890\" srcset=\"https:\/\/notinor.com\/jujuy\/wp-content\/uploads\/2025\/06\/CONMEMORACION-5-720x480.jpeg 720w, https:\/\/notinor.com\/jujuy\/wp-content\/uploads\/2025\/06\/CONMEMORACION-5-548x365.jpeg 548w, https:\/\/notinor.com\/jujuy\/wp-content\/uploads\/2025\/06\/CONMEMORACION-5-768x512.jpeg 768w, https:\/\/notinor.com\/jujuy\/wp-content\/uploads\/2025\/06\/CONMEMORACION-5-1536x1023.jpeg 1536w, https:\/\/notinor.com\/jujuy\/wp-content\/uploads\/2025\/06\/CONMEMORACION-5-750x500.jpeg 750w, https:\/\/notinor.com\/jujuy\/wp-content\/uploads\/2025\/06\/CONMEMORACION-5-1140x760.jpeg 1140w, https:\/\/notinor.com\/jujuy\/wp-content\/uploads\/2025\/06\/CONMEMORACION-5.jpeg 1600w\" sizes=\"(max-width: 720px) 100vw, 720px\" \/><\/figure><\/div>","protected":false},"excerpt":{"rendered":"<p>En conmemoraci\u00f3n del 203\u00b0 aniversario del fallecimiento del Gral. Manuel Eduardo Arias, el vicegobernador de la provincia, Alberto Bernis, particip\u00f3 de los actos centrales realizados en el Parque \"Gral. Manuel E. Arias\", ubicado sobre avenida P\u00e1rroco Marshke. La ceremonia cont\u00f3 con la presencia del intendente de San Salvador de Jujuy, Ra\u00fal Jorge; el presidente del [&hellip;]<\/p>\n","protected":false},"author":5,"featured_media":428884,"comment_status":"open","ping_status":"open","sticky":false,"template":"","format":"standard","meta":{"_stopmodifiedupdate":false,"_modified_date":"","inline_featured_image":false,"spay_email":"","jetpack_publicize_message":""},"categories":[514],"tags":[],"jetpack_featured_media_url":"https:\/\/notinor.com\/jujuy\/wp-content\/uploads\/2025\/06\/CONMEMORACION.jpeg","jetpack_publicize_connections":[],"_links":{"self":[{"href":"https:\/\/notinor.com\/jujuy\/wp-json\/wp\/v2\/posts\/428883"}],"collection":[{"href":"https:\/\/notinor.com\/jujuy\/wp-json\/wp\/v2\/posts"}],"about":[{"href":"https:\/\/notinor.com\/jujuy\/wp-json\/wp\/v2\/types\/post"}],"author":[{"embeddable":true,"href":"https:\/\/notinor.com\/jujuy\/wp-json\/wp\/v2\/users\/5"}],"replies":[{"embeddable":true,"href":"https:\/\/notinor.com\/jujuy\/wp-json\/wp\/v2\/comments?post=428883"}],"version-history":[{"count":2,"href":"https:\/\/notinor.com\/jujuy\/wp-json\/wp\/v2\/posts\/428883\/revisions"}],"predecessor-version":[{"id":428893,"href":"https:\/\/notinor.com\/jujuy\/wp-json\/wp\/v2\/posts\/428883\/revisions\/428893"}],"wp:featuredmedia":[{"embeddable":true,"href":"https:\/\/notinor.com\/jujuy\/wp-json\/wp\/v2\/media\/428884"}],"wp:attachment":[{"href":"https:\/\/notinor.com\/jujuy\/wp-json\/wp\/v2\/media?parent=428883"}],"wp:term":[{"taxonomy":"category","embeddable":true,"href":"https:\/\/notinor.com\/jujuy\/wp-json\/wp\/v2\/categories?post=428883"},{"taxonomy":"post_tag","embeddable":true,"href":"https:\/\/notinor.com\/jujuy\/wp-json\/wp\/v2\/tags?post=428883"}],"curies":[{"name":"wp","href":"https:\/\/api.w.org\/{rel}","templated":true}]}}