{"id":428858,"date":"2025-06-13T21:07:00","date_gmt":"2025-06-14T00:07:00","guid":{"rendered":"https:\/\/notinor.com\/jujuy\/?p=428858"},"modified":"2025-06-13T09:07:44","modified_gmt":"2025-06-13T09:07:44","slug":"alumnos-de-la-escuela-n-o-244-bartolome-mitre-visitaron-la-legislatura-de-jujuy","status":"publish","type":"post","link":"https:\/\/notinor.com\/jujuy\/alumnos-de-la-escuela-n-o-244-bartolome-mitre-visitaron-la-legislatura-de-jujuy\/","title":{"rendered":"Alumnos de la Escuela N.\u00ba 244 \"Bartolom\u00e9 Mitre\" visitaron la Legislatura de Jujuy"},"content":{"rendered":"\n<p class=\"has-medium-font-size\"><strong><em>Ni\u00f1os y docentes de Puesto del Marqu\u00e9s recorrieron el edificio y compartieron un emotivo encuentro con legisladores.<\/em><\/strong><\/p>\n\n\n<div class=\"wp-block-image\">\n<figure class=\"aligncenter size-large\"><img decoding=\"async\" loading=\"lazy\" width=\"720\" height=\"480\" src=\"https:\/\/notinor.com\/jujuy\/wp-content\/uploads\/2025\/06\/ALUMNOS1-720x480.jpeg\" alt=\"\" class=\"wp-image-428860\" srcset=\"https:\/\/notinor.com\/jujuy\/wp-content\/uploads\/2025\/06\/ALUMNOS1-720x480.jpeg 720w, https:\/\/notinor.com\/jujuy\/wp-content\/uploads\/2025\/06\/ALUMNOS1-548x365.jpeg 548w, https:\/\/notinor.com\/jujuy\/wp-content\/uploads\/2025\/06\/ALUMNOS1-768x512.jpeg 768w, https:\/\/notinor.com\/jujuy\/wp-content\/uploads\/2025\/06\/ALUMNOS1-1536x1023.jpeg 1536w, https:\/\/notinor.com\/jujuy\/wp-content\/uploads\/2025\/06\/ALUMNOS1-750x500.jpeg 750w, https:\/\/notinor.com\/jujuy\/wp-content\/uploads\/2025\/06\/ALUMNOS1-1140x760.jpeg 1140w, https:\/\/notinor.com\/jujuy\/wp-content\/uploads\/2025\/06\/ALUMNOS1.jpeg 1600w\" sizes=\"(max-width: 720px) 100vw, 720px\" \/><\/figure><\/div>\n\n\n<p>Un grupo de veintinueve alumnos, desde sala de 4 a\u00f1os hasta s\u00e9ptimo grado, junto a familiares y docentes de la Escuela N.\u00ba 244 \"Bartolom\u00e9 Mitre\" de la localidad de Puesto del Marqu\u00e9s realizaron una visita educativa a la Legislatura, donde fueron recibidos por los diputados <strong>Diego Cruz<\/strong> y <strong>Mart\u00edn Fellner<\/strong>.<\/p>\n\n\n<div class=\"wp-block-image\">\n<figure class=\"aligncenter size-large\"><img decoding=\"async\" loading=\"lazy\" width=\"720\" height=\"480\" src=\"https:\/\/notinor.com\/jujuy\/wp-content\/uploads\/2025\/06\/ALUMNOS1-1-720x480.jpeg\" alt=\"\" class=\"wp-image-428861\" srcset=\"https:\/\/notinor.com\/jujuy\/wp-content\/uploads\/2025\/06\/ALUMNOS1-1-720x480.jpeg 720w, https:\/\/notinor.com\/jujuy\/wp-content\/uploads\/2025\/06\/ALUMNOS1-1-548x365.jpeg 548w, https:\/\/notinor.com\/jujuy\/wp-content\/uploads\/2025\/06\/ALUMNOS1-1-768x512.jpeg 768w, https:\/\/notinor.com\/jujuy\/wp-content\/uploads\/2025\/06\/ALUMNOS1-1-1536x1023.jpeg 1536w, https:\/\/notinor.com\/jujuy\/wp-content\/uploads\/2025\/06\/ALUMNOS1-1-750x500.jpeg 750w, https:\/\/notinor.com\/jujuy\/wp-content\/uploads\/2025\/06\/ALUMNOS1-1-1140x760.jpeg 1140w, https:\/\/notinor.com\/jujuy\/wp-content\/uploads\/2025\/06\/ALUMNOS1-1.jpeg 1600w\" sizes=\"(max-width: 720px) 100vw, 720px\" \/><\/figure><\/div>\n\n\n<p>La comunidad educativa recorri\u00f3 el edificio y conocieron el Recinto. All\u00ed, los legisladores les contaron en detalle el trabajo que realizan juntos a sus pares. En ese sentido, el diputado Fellner, agradeci\u00f3 la visita: \"Siempre es una alegr\u00eda recibir a los chicos del interior, los vi contentos, entusiasmados y con ganas de preguntar. Poder tener este intercambio es muy bueno. Toda la comunidad educativa se moviliz\u00f3 para venir hasta este lugar y eso es muy lindo\", sostuvo.<\/p>\n\n\n<div class=\"wp-block-image\">\n<figure class=\"aligncenter size-large\"><img decoding=\"async\" loading=\"lazy\" width=\"720\" height=\"480\" src=\"https:\/\/notinor.com\/jujuy\/wp-content\/uploads\/2025\/06\/ALUMNOS1-2-720x480.jpeg\" alt=\"\" class=\"wp-image-428862\" srcset=\"https:\/\/notinor.com\/jujuy\/wp-content\/uploads\/2025\/06\/ALUMNOS1-2-720x480.jpeg 720w, https:\/\/notinor.com\/jujuy\/wp-content\/uploads\/2025\/06\/ALUMNOS1-2-548x365.jpeg 548w, https:\/\/notinor.com\/jujuy\/wp-content\/uploads\/2025\/06\/ALUMNOS1-2-768x512.jpeg 768w, https:\/\/notinor.com\/jujuy\/wp-content\/uploads\/2025\/06\/ALUMNOS1-2-1536x1023.jpeg 1536w, https:\/\/notinor.com\/jujuy\/wp-content\/uploads\/2025\/06\/ALUMNOS1-2-750x500.jpeg 750w, https:\/\/notinor.com\/jujuy\/wp-content\/uploads\/2025\/06\/ALUMNOS1-2-1140x760.jpeg 1140w, https:\/\/notinor.com\/jujuy\/wp-content\/uploads\/2025\/06\/ALUMNOS1-2.jpeg 1600w\" sizes=\"(max-width: 720px) 100vw, 720px\" \/><\/figure><\/div>\n\n\n<p>Asimismo, el diputado Cruz, expres\u00f3 sentir orgullo y emoci\u00f3n cuando los ni\u00f1os del interior visitan la Legislatura: \"Cada vez que vienen a visitarnos desde el interior, me invade un profundo orgullo y es un gusto recibirlos. Que recorran m\u00e1s de 200 km para llegar a Capital, como docente de escuela rural, me pone muy feliz de la vida\", remarc\u00f3.<\/p>\n\n\n<div class=\"wp-block-image\">\n<figure class=\"aligncenter size-large\"><img decoding=\"async\" loading=\"lazy\" width=\"720\" height=\"480\" src=\"https:\/\/notinor.com\/jujuy\/wp-content\/uploads\/2025\/06\/ALUMNOS1-3-720x480.jpeg\" alt=\"\" class=\"wp-image-428863\" srcset=\"https:\/\/notinor.com\/jujuy\/wp-content\/uploads\/2025\/06\/ALUMNOS1-3-720x480.jpeg 720w, https:\/\/notinor.com\/jujuy\/wp-content\/uploads\/2025\/06\/ALUMNOS1-3-548x365.jpeg 548w, https:\/\/notinor.com\/jujuy\/wp-content\/uploads\/2025\/06\/ALUMNOS1-3-768x512.jpeg 768w, https:\/\/notinor.com\/jujuy\/wp-content\/uploads\/2025\/06\/ALUMNOS1-3-1536x1023.jpeg 1536w, https:\/\/notinor.com\/jujuy\/wp-content\/uploads\/2025\/06\/ALUMNOS1-3-750x500.jpeg 750w, https:\/\/notinor.com\/jujuy\/wp-content\/uploads\/2025\/06\/ALUMNOS1-3-1140x760.jpeg 1140w, https:\/\/notinor.com\/jujuy\/wp-content\/uploads\/2025\/06\/ALUMNOS1-3.jpeg 1600w\" sizes=\"(max-width: 720px) 100vw, 720px\" \/><\/figure><\/div>\n\n\n<p>A su vez, destac\u00f3 la importancia de que los ni\u00f1os del interior, tengan estas experiencias directas. Destac\u00f3 que estar en el lugar, con los legisladores, poder sacarse una foto y compartir una charla es una experiencia dif\u00edcil de olvidar para ellos.<\/p>\n\n\n<div class=\"wp-block-image\">\n<figure class=\"aligncenter size-large\"><img decoding=\"async\" loading=\"lazy\" width=\"720\" height=\"480\" src=\"https:\/\/notinor.com\/jujuy\/wp-content\/uploads\/2025\/06\/ALUMNOS1-4-720x480.jpeg\" alt=\"\" class=\"wp-image-428864\" srcset=\"https:\/\/notinor.com\/jujuy\/wp-content\/uploads\/2025\/06\/ALUMNOS1-4-720x480.jpeg 720w, https:\/\/notinor.com\/jujuy\/wp-content\/uploads\/2025\/06\/ALUMNOS1-4-548x365.jpeg 548w, https:\/\/notinor.com\/jujuy\/wp-content\/uploads\/2025\/06\/ALUMNOS1-4-768x512.jpeg 768w, https:\/\/notinor.com\/jujuy\/wp-content\/uploads\/2025\/06\/ALUMNOS1-4-1536x1023.jpeg 1536w, https:\/\/notinor.com\/jujuy\/wp-content\/uploads\/2025\/06\/ALUMNOS1-4-750x500.jpeg 750w, https:\/\/notinor.com\/jujuy\/wp-content\/uploads\/2025\/06\/ALUMNOS1-4-1140x760.jpeg 1140w, https:\/\/notinor.com\/jujuy\/wp-content\/uploads\/2025\/06\/ALUMNOS1-4.jpeg 1600w\" sizes=\"(max-width: 720px) 100vw, 720px\" \/><\/figure><\/div>\n\n\n<p>Por otra parte, <strong>Silvia M\u00f3nica Ramos<\/strong>, directora de la escuela, expres\u00f3 su felicidad por realizar este viaje educativo junto a los ni\u00f1os: \"Hicimos lo posible para venir, ellos son muy curiosos, est\u00e1n contentos y sorprendidos, es una experiencia linda porque para la mayor\u00eda es la primera vez- remarc\u00f3 y agradeci\u00f3 - agradecemos al Gobierno de la provincia y al Jefe de Gabinete quienes nos obsequiaron una nueva bandera\", afirm\u00f3.<\/p>\n\n\n<div class=\"wp-block-image\">\n<figure class=\"aligncenter size-large\"><img decoding=\"async\" loading=\"lazy\" width=\"720\" height=\"480\" src=\"https:\/\/notinor.com\/jujuy\/wp-content\/uploads\/2025\/06\/ALUMNOS1-5-720x480.jpeg\" alt=\"\" class=\"wp-image-428865\" srcset=\"https:\/\/notinor.com\/jujuy\/wp-content\/uploads\/2025\/06\/ALUMNOS1-5-720x480.jpeg 720w, https:\/\/notinor.com\/jujuy\/wp-content\/uploads\/2025\/06\/ALUMNOS1-5-548x365.jpeg 548w, https:\/\/notinor.com\/jujuy\/wp-content\/uploads\/2025\/06\/ALUMNOS1-5-768x512.jpeg 768w, https:\/\/notinor.com\/jujuy\/wp-content\/uploads\/2025\/06\/ALUMNOS1-5-1536x1023.jpeg 1536w, https:\/\/notinor.com\/jujuy\/wp-content\/uploads\/2025\/06\/ALUMNOS1-5-750x500.jpeg 750w, https:\/\/notinor.com\/jujuy\/wp-content\/uploads\/2025\/06\/ALUMNOS1-5-1140x760.jpeg 1140w, https:\/\/notinor.com\/jujuy\/wp-content\/uploads\/2025\/06\/ALUMNOS1-5.jpeg 1600w\" sizes=\"(max-width: 720px) 100vw, 720px\" \/><\/figure><\/div>\n\n\n<p>La docente coment\u00f3 que el recorrido forma parte del programa \"Bandera te conozco y te cuido\" donde pudieron visitar la Casa de Gobierno y la Legislatura. Para finalizar, en horarios de la tarde visitar\u00e1n las instalaciones del Cabildo de Jujuy.<\/p>\n\n\n<div class=\"wp-block-image\">\n<figure class=\"aligncenter size-large\"><img decoding=\"async\" loading=\"lazy\" width=\"720\" height=\"480\" src=\"https:\/\/notinor.com\/jujuy\/wp-content\/uploads\/2025\/06\/ALUMNOS1-6-720x480.jpeg\" alt=\"\" class=\"wp-image-428866\" srcset=\"https:\/\/notinor.com\/jujuy\/wp-content\/uploads\/2025\/06\/ALUMNOS1-6-720x480.jpeg 720w, https:\/\/notinor.com\/jujuy\/wp-content\/uploads\/2025\/06\/ALUMNOS1-6-548x365.jpeg 548w, https:\/\/notinor.com\/jujuy\/wp-content\/uploads\/2025\/06\/ALUMNOS1-6-768x512.jpeg 768w, https:\/\/notinor.com\/jujuy\/wp-content\/uploads\/2025\/06\/ALUMNOS1-6-1536x1023.jpeg 1536w, https:\/\/notinor.com\/jujuy\/wp-content\/uploads\/2025\/06\/ALUMNOS1-6-750x500.jpeg 750w, https:\/\/notinor.com\/jujuy\/wp-content\/uploads\/2025\/06\/ALUMNOS1-6-1140x760.jpeg 1140w, https:\/\/notinor.com\/jujuy\/wp-content\/uploads\/2025\/06\/ALUMNOS1-6.jpeg 1600w\" sizes=\"(max-width: 720px) 100vw, 720px\" \/><\/figure><\/div>","protected":false},"excerpt":{"rendered":"<p>Ni\u00f1os y docentes de Puesto del Marqu\u00e9s recorrieron el edificio y compartieron un emotivo encuentro con legisladores. Un grupo de veintinueve alumnos, desde sala de 4 a\u00f1os hasta s\u00e9ptimo grado, junto a familiares y docentes de la Escuela N.\u00ba 244 \"Bartolom\u00e9 Mitre\" de la localidad de Puesto del Marqu\u00e9s realizaron una visita educativa a la [&hellip;]<\/p>\n","protected":false},"author":5,"featured_media":428859,"comment_status":"open","ping_status":"open","sticky":false,"template":"","format":"standard","meta":{"_stopmodifiedupdate":false,"_modified_date":"","inline_featured_image":false,"spay_email":"","jetpack_publicize_message":""},"categories":[13],"tags":[],"jetpack_featured_media_url":"https:\/\/notinor.com\/jujuy\/wp-content\/uploads\/2025\/06\/ALUMNOS.jpeg","jetpack_publicize_connections":[],"_links":{"self":[{"href":"https:\/\/notinor.com\/jujuy\/wp-json\/wp\/v2\/posts\/428858"}],"collection":[{"href":"https:\/\/notinor.com\/jujuy\/wp-json\/wp\/v2\/posts"}],"about":[{"href":"https:\/\/notinor.com\/jujuy\/wp-json\/wp\/v2\/types\/post"}],"author":[{"embeddable":true,"href":"https:\/\/notinor.com\/jujuy\/wp-json\/wp\/v2\/users\/5"}],"replies":[{"embeddable":true,"href":"https:\/\/notinor.com\/jujuy\/wp-json\/wp\/v2\/comments?post=428858"}],"version-history":[{"count":1,"href":"https:\/\/notinor.com\/jujuy\/wp-json\/wp\/v2\/posts\/428858\/revisions"}],"predecessor-version":[{"id":428867,"href":"https:\/\/notinor.com\/jujuy\/wp-json\/wp\/v2\/posts\/428858\/revisions\/428867"}],"wp:featuredmedia":[{"embeddable":true,"href":"https:\/\/notinor.com\/jujuy\/wp-json\/wp\/v2\/media\/428859"}],"wp:attachment":[{"href":"https:\/\/notinor.com\/jujuy\/wp-json\/wp\/v2\/media?parent=428858"}],"wp:term":[{"taxonomy":"category","embeddable":true,"href":"https:\/\/notinor.com\/jujuy\/wp-json\/wp\/v2\/categories?post=428858"},{"taxonomy":"post_tag","embeddable":true,"href":"https:\/\/notinor.com\/jujuy\/wp-json\/wp\/v2\/tags?post=428858"}],"curies":[{"name":"wp","href":"https:\/\/api.w.org\/{rel}","templated":true}]}}