{"id":428811,"date":"2025-06-16T18:27:52","date_gmt":"2025-06-16T21:27:52","guid":{"rendered":"https:\/\/notinor.com\/jujuy\/?p=428811"},"modified":"2025-06-16T18:28:42","modified_gmt":"2025-06-16T21:28:42","slug":"el-gobierno-provincial-amplia-el-alcance-del-programa-jujuy-iluminada-y-eficiencia-energetica","status":"publish","type":"post","link":"https:\/\/notinor.com\/jujuy\/el-gobierno-provincial-amplia-el-alcance-del-programa-jujuy-iluminada-y-eficiencia-energetica\/","title":{"rendered":"El Gobierno provincial ampl\u00eda el alcance del Programa Jujuy iluminada y Eficiencia Energ\u00e9tica"},"content":{"rendered":"\n<p class=\"has-medium-font-size\"><strong><em>El programa ya lleg\u00f3 a distintas ciudades como San Salvador de Jujuy, Palpal\u00e1, Perico, El Carmen, San Pedro, Libertador, Caimancito, La Esperanza, Palma Sola, Rode\u00edto, El Piquete, entre otras. <\/em><\/strong><\/p>\n\n\n<div class=\"wp-block-image\">\n<figure class=\"aligncenter size-large\"><img decoding=\"async\" loading=\"lazy\" width=\"800\" height=\"480\" src=\"https:\/\/notinor.com\/jujuy\/wp-content\/uploads\/2025\/06\/image-14-800x480.png\" alt=\"\" class=\"wp-image-428840\" srcset=\"https:\/\/notinor.com\/jujuy\/wp-content\/uploads\/2025\/06\/image-14-800x480.png 800w, https:\/\/notinor.com\/jujuy\/wp-content\/uploads\/2025\/06\/image-14-608x365.png 608w, https:\/\/notinor.com\/jujuy\/wp-content\/uploads\/2025\/06\/image-14-768x461.png 768w, https:\/\/notinor.com\/jujuy\/wp-content\/uploads\/2025\/06\/image-14-750x450.png 750w, https:\/\/notinor.com\/jujuy\/wp-content\/uploads\/2025\/06\/image-14-1140x684.png 1140w, https:\/\/notinor.com\/jujuy\/wp-content\/uploads\/2025\/06\/image-14.png 1200w\" sizes=\"(max-width: 800px) 100vw, 800px\" \/><\/figure><\/div>\n\n\n<p><\/p>\n\n\n\n<p><strong>El Gobierno provincial ampl\u00eda el alcance del Programa Jujuy iluminada y Eficiencia Energ\u00e9tica<\/strong> en todo el territorio local. El secretario de Energ\u00eda de Jujuy, <strong>Mario Pizarro<\/strong>, destac\u00f3 los avances logrados por el Programa de Alumbrado P\u00fablico que lleva adelante el Gobierno de Jujuy. <\/p>\n\n\n\n<p>\u201c<strong>Ha sido un programa exitoso que se inici\u00f3 hace dos a\u00f1os<\/strong> y recientemente hemos completado su segunda etapa. Pr\u00f3ximamente anunciaremos el inicio de la tercera, con el objetivo de llegar a todas las poblaciones de la provincia\u201d, indic\u00f3 el funcionario.<\/p>\n\n\n\n<p>\u201c<strong>Estamos orgullosos del impacto de este programa y del compromiso del Gobierno provincial <\/strong>para seguir iluminando Jujuy. Este desaf\u00edo fue planteado desde el inicio de la gesti\u00f3n y lo estamos concretando con gran esfuerzo, d\u00eda tras d\u00eda\u201d, agreg\u00f3.<\/p>\n\n\n\n<p><\/p>\n\n\n<div class=\"wp-block-image\">\n<figure class=\"aligncenter size-large\"><img decoding=\"async\" loading=\"lazy\" width=\"600\" height=\"480\" src=\"https:\/\/notinor.com\/jujuy\/wp-content\/uploads\/2025\/06\/image-3-600x480.png\" alt=\"\" class=\"wp-image-428812\" srcset=\"https:\/\/notinor.com\/jujuy\/wp-content\/uploads\/2025\/06\/image-3-600x480.png 600w, https:\/\/notinor.com\/jujuy\/wp-content\/uploads\/2025\/06\/image-3-456x365.png 456w, https:\/\/notinor.com\/jujuy\/wp-content\/uploads\/2025\/06\/image-3-768x614.png 768w, https:\/\/notinor.com\/jujuy\/wp-content\/uploads\/2025\/06\/image-3-750x600.png 750w, https:\/\/notinor.com\/jujuy\/wp-content\/uploads\/2025\/06\/image-3-1140x912.png 1140w, https:\/\/notinor.com\/jujuy\/wp-content\/uploads\/2025\/06\/image-3.png 1200w\" sizes=\"(max-width: 600px) 100vw, 600px\" \/><\/figure><\/div>\n\n\n<p><\/p>\n\n\n\n<p><strong>El programa ya lleg\u00f3 a distintas ciudades <\/strong>como San Salvador de Jujuy, Palpal\u00e1, Perico, El Carmen, San Pedro, Libertador, Caimancito, La Esperanza, Palma Sola, Rode\u00edto, El Piquete, entre otras. <\/p>\n\n\n\n<p>\u201c<strong>Se trata de un plan participativo <\/strong>que incluye el di\u00e1logo con centros vecinales, intendentes, comisionados municipales y vocales. Se consulta a los vecinos antes de instalar luminarias, lo que permite <strong>realizar ajustes seg\u00fan las necesidades de cada barrio<\/strong>\u201d, explic\u00f3.<\/p>\n\n\n\n<p>Asimismo, destac\u00f3 <strong>la continuidad del programa educativo \u201cEl Saber Ilumina\u201d<\/strong>, que este a\u00f1o alcanza su tercera edici\u00f3n. <strong>\u201cComenzamos con escuelas primarias de gesti\u00f3n estatal<\/strong>, luego se sumaron las privadas y los jardines de infantes, y este a\u00f1o incorporamos a las escuelas de nivel secundario. Es un trabajo conjunto con el Ministerio de Educaci\u00f3n, destinado a <strong>concientizar a ni\u00f1os y j\u00f3venes sobre el uso responsable y eficiente de la energ\u00eda y el agua, <\/strong>promoviendo h\u00e1bitos sustentables\u201d, afirm\u00f3. <\/p>\n\n\n\n<p>En la edici\u00f3n actual, <strong>ya se inscribieron m\u00e1s de 100 establecimientos educativos, <\/strong>que al finalizar el a\u00f1o recibir\u00e1n premios orientados a fortalecer estas pr\u00e1cticas.\u00a0<\/p>\n\n\n\n<p>Por otro lado, Pizarro anunci\u00f3 <strong>la expansi\u00f3n del programa de eficiencia energ\u00e9tica a clubes deportivos barriales <\/strong>y agreg\u00f3: \u201cLanzamos esta iniciativa a fin del a\u00f1o pasado con el objetivo de <strong>ayudar a instituciones que hoy enfrentan serias dificultades econ\u00f3micas<\/strong>. Ya se han inscripto 54 clubes, donde realizamos diagn\u00f3sticos sobre p\u00e9rdidas el\u00e9ctricas, estado de instalaciones y tipo de luminarias. Adem\u00e1s de brindar apoyo, buscamos que las instituciones comprendan la importancia de implementar medidas de eficiencia energ\u00e9tica\u201d, sostuvo.\u00a0<\/p>\n\n\n\n<p><\/p>\n\n\n<div class=\"wp-block-image\">\n<figure class=\"aligncenter size-large\"><img decoding=\"async\" loading=\"lazy\" width=\"720\" height=\"480\" src=\"https:\/\/notinor.com\/jujuy\/wp-content\/uploads\/2025\/06\/image-13-720x480.png\" alt=\"\" class=\"wp-image-428839\" srcset=\"https:\/\/notinor.com\/jujuy\/wp-content\/uploads\/2025\/06\/image-13-720x480.png 720w, https:\/\/notinor.com\/jujuy\/wp-content\/uploads\/2025\/06\/image-13-548x365.png 548w, https:\/\/notinor.com\/jujuy\/wp-content\/uploads\/2025\/06\/image-13-768x512.png 768w, https:\/\/notinor.com\/jujuy\/wp-content\/uploads\/2025\/06\/image-13-750x500.png 750w, https:\/\/notinor.com\/jujuy\/wp-content\/uploads\/2025\/06\/image-13-1140x760.png 1140w, https:\/\/notinor.com\/jujuy\/wp-content\/uploads\/2025\/06\/image-13.png 1200w\" sizes=\"(max-width: 720px) 100vw, 720px\" \/><\/figure><\/div>\n\n\n<p><\/p>\n\n\n\n<p>El secretario tambi\u00e9n inform\u00f3 sobre <strong>obras de iluminaci\u00f3n en distintas localidades<\/strong>: \u201c<strong>Recientemente estuvimos en El Piquete <\/strong>supervisando trabajos en el acceso a la ciudad, y <strong>nos comprometimos a visitar Santa Clara.<\/strong> <strong>Estuvimos tambi\u00e9n en Purmamarca <\/strong>anunciando una obra clave, el soterramiento de cables de media tensi\u00f3n, para preservar el paisaje de este destino tur\u00edstico tan emblem\u00e1tico\u201d, detall\u00f3.\u00a0<\/p>\n\n\n\n<p>Finalmente, Pizarro hizo referencia a<strong> la Tarifa Social de Energ\u00eda, que contin\u00faa vigente en la provincia.<\/strong> \u201cHoy, m\u00e1s que nunca, es necesario sostener esta pol\u00edtica.<strong> El Estado provincial invierte m\u00e1s de $ 300 millones mensuales<\/strong> para garantizar que los sectores m\u00e1s vulnerables puedan acceder a un servicio b\u00e1sico como la energ\u00eda el\u00e9ctrica. <strong>En un contexto nacional marcado por recortes, eliminaci\u00f3n de subsidios y ajustes <\/strong>que afectan a los que menos tienen, nuestra prioridad es seguir protegiendo a los juje\u00f1os que m\u00e1s lo necesitan\u201d, expres\u00f3.\u00a0<\/p>\n\n\n\n<p><strong>El padr\u00f3n para acceder a la Tarifa Social contin\u00faa abierto.<\/strong> Los interesados pueden dirigirse a la Superintendencia de Servicios P\u00fablicos, la Secretar\u00eda de Energ\u00eda o a las oficinas de EJESA para realizar el tr\u00e1mite correspondiente.<\/p>\n","protected":false},"excerpt":{"rendered":"<p>El programa ya lleg\u00f3 a distintas ciudades como San Salvador de Jujuy, Palpal\u00e1, Perico, El Carmen, San Pedro, Libertador, Caimancito, La Esperanza, Palma Sola, Rode\u00edto, El Piquete, entre otras. El Gobierno provincial ampl\u00eda el alcance del Programa Jujuy iluminada y Eficiencia Energ\u00e9tica en todo el territorio local. El secretario de Energ\u00eda de Jujuy, Mario Pizarro, [&hellip;]<\/p>\n","protected":false},"author":51,"featured_media":428840,"comment_status":"open","ping_status":"open","sticky":false,"template":"","format":"standard","meta":{"_stopmodifiedupdate":false,"_modified_date":"","inline_featured_image":false,"spay_email":"","jetpack_publicize_message":""},"categories":[4],"tags":[],"jetpack_featured_media_url":"https:\/\/notinor.com\/jujuy\/wp-content\/uploads\/2025\/06\/image-14.png","jetpack_publicize_connections":[],"_links":{"self":[{"href":"https:\/\/notinor.com\/jujuy\/wp-json\/wp\/v2\/posts\/428811"}],"collection":[{"href":"https:\/\/notinor.com\/jujuy\/wp-json\/wp\/v2\/posts"}],"about":[{"href":"https:\/\/notinor.com\/jujuy\/wp-json\/wp\/v2\/types\/post"}],"author":[{"embeddable":true,"href":"https:\/\/notinor.com\/jujuy\/wp-json\/wp\/v2\/users\/51"}],"replies":[{"embeddable":true,"href":"https:\/\/notinor.com\/jujuy\/wp-json\/wp\/v2\/comments?post=428811"}],"version-history":[{"count":5,"href":"https:\/\/notinor.com\/jujuy\/wp-json\/wp\/v2\/posts\/428811\/revisions"}],"predecessor-version":[{"id":428842,"href":"https:\/\/notinor.com\/jujuy\/wp-json\/wp\/v2\/posts\/428811\/revisions\/428842"}],"wp:featuredmedia":[{"embeddable":true,"href":"https:\/\/notinor.com\/jujuy\/wp-json\/wp\/v2\/media\/428840"}],"wp:attachment":[{"href":"https:\/\/notinor.com\/jujuy\/wp-json\/wp\/v2\/media?parent=428811"}],"wp:term":[{"taxonomy":"category","embeddable":true,"href":"https:\/\/notinor.com\/jujuy\/wp-json\/wp\/v2\/categories?post=428811"},{"taxonomy":"post_tag","embeddable":true,"href":"https:\/\/notinor.com\/jujuy\/wp-json\/wp\/v2\/tags?post=428811"}],"curies":[{"name":"wp","href":"https:\/\/api.w.org\/{rel}","templated":true}]}}