{"id":428749,"date":"2025-06-13T21:58:24","date_gmt":"2025-06-14T00:58:24","guid":{"rendered":"https:\/\/notinor.com\/jujuy\/?p=428749"},"modified":"2025-06-13T21:58:25","modified_gmt":"2025-06-14T00:58:25","slug":"agencias-de-turismo-vivieron-la-experiencia-del-tren-solar","status":"publish","type":"post","link":"https:\/\/notinor.com\/jujuy\/agencias-de-turismo-vivieron-la-experiencia-del-tren-solar\/","title":{"rendered":"Agencias de turismo vivieron la experiencia del Tren Solar"},"content":{"rendered":"\n<p class=\"has-medium-font-size\"><strong><em>Representantes de agencias de Turismo conocieron el Tren Solar en un viaje exclusivo antes del inicio de la temporada de invierno.<\/em><\/strong><\/p>\n\n\n\n<p><\/p>\n\n\n<div class=\"wp-block-image\">\n<figure class=\"aligncenter size-full\"><img decoding=\"async\" loading=\"lazy\" width=\"800\" height=\"450\" src=\"https:\/\/notinor.com\/jujuy\/wp-content\/uploads\/2025\/06\/agencias-tren-solar.jpg\" alt=\"\" class=\"wp-image-428750\" srcset=\"https:\/\/notinor.com\/jujuy\/wp-content\/uploads\/2025\/06\/agencias-tren-solar.jpg 800w, https:\/\/notinor.com\/jujuy\/wp-content\/uploads\/2025\/06\/agencias-tren-solar-649x365.jpg 649w, https:\/\/notinor.com\/jujuy\/wp-content\/uploads\/2025\/06\/agencias-tren-solar-500x280.jpg 500w, https:\/\/notinor.com\/jujuy\/wp-content\/uploads\/2025\/06\/agencias-tren-solar-768x432.jpg 768w, https:\/\/notinor.com\/jujuy\/wp-content\/uploads\/2025\/06\/agencias-tren-solar-750x422.jpg 750w\" sizes=\"(max-width: 800px) 100vw, 800px\" \/><\/figure><\/div>\n\n\n<p><\/p>\n\n\n\n<p><strong>En v\u00edsperas del inicio de la temporada de vacaciones invierno, un grupo de agencias de turismo de Jujuy y Salta vivieron de forma exclusiva la experiencia Tren Solar de la Quebrada en un recorrido que permiti\u00f3 conocer de primera mano cada detalle del servicio que se ofrece a quienes visitan Jujuy<\/strong><\/p>\n\n\n\n<p>Desde la operativa en estaciones hasta el dise\u00f1o de experiencias y servicios complementarios, el viaje permiti\u00f3 recorrer los tramos entre Volc\u00e1n y Purmamarca a bordo del tren, \u00fanico en su tipo en Latinoam\u00e9rica por su tracci\u00f3n h\u00edbrida solar y su integraci\u00f3n paisaj\u00edstica.<\/p>\n\n\n\n<p>Durante la jornada,<strong> las agencias accedieron a informaci\u00f3n clave para la venta del servicio, incluyendo opciones de traslados, paquetes tur\u00edsticos integrados, experiencias gastron\u00f3micas en estaciones, y la posibilidad de articular el recorrido del tren con excursiones a puntos emblem\u00e1ticos de la Quebrada.<\/strong><\/p>\n\n\n\n<p><strong>\u201cEste viaje nos permiti\u00f3 compartir con el sector privado la dimensi\u00f3n completa de una experiencia que no es solo de traslado, sino de conexi\u00f3n con el paisaje, la cultura y la sostenibilidad de Jujuy\u201d,<\/strong> destac\u00f3 responsable de Agencias, Lisandro Monta\u00f1o. De la recorrida participaron: Agencias de Jujuy y Salta : - Las Salinas, ADN Travel, Dask Travel. El Tren Solar se prepara para una temporada alta con gran demanda, ofreciendo un servicio que apuesta por el turismo sostenible y la generaci\u00f3n de oportunidades en las comunidades locales.<\/p>\n\n\n\n<p class=\"has-medium-font-size\"><strong>Temporada de invierno<\/strong><\/p>\n\n\n\n<p>En cuanto a la expectativa para el invierno 2025, Juan Cabrera destac\u00f3, <strong>\u201cHasta el momento contamos con una gran demanda y un n\u00famero de reservas muy importante, hoy el Tren Solar capta la mirada de los turistas de todo el pa\u00eds cuando preparan su viaje al NOA\u201d,<\/strong> expres\u00f3 el presidente del Ente Aut\u00e1rquico Tren Solar de la Quebrada.<\/p>\n\n\n\n<p>Esta acci\u00f3n forma parte del trabajo articulado para que el sector tur\u00edstico privado, pueda conocer la experiencia y garantizar que cada visitante viva el Tren Solar de la quebrada de manera integral, y con identidad.<\/p>\n","protected":false},"excerpt":{"rendered":"<p>Representantes de agencias de Turismo conocieron el Tren Solar en un viaje exclusivo antes del inicio de la temporada de invierno. En v\u00edsperas del inicio de la temporada de vacaciones invierno, un grupo de agencias de turismo de Jujuy y Salta vivieron de forma exclusiva la experiencia Tren Solar de la Quebrada en un recorrido [&hellip;]<\/p>\n","protected":false},"author":49,"featured_media":428750,"comment_status":"open","ping_status":"open","sticky":false,"template":"","format":"standard","meta":{"_stopmodifiedupdate":false,"_modified_date":"","inline_featured_image":false,"spay_email":"","jetpack_publicize_message":""},"categories":[2,4,832],"tags":[],"jetpack_featured_media_url":"https:\/\/notinor.com\/jujuy\/wp-content\/uploads\/2025\/06\/agencias-tren-solar.jpg","jetpack_publicize_connections":[],"_links":{"self":[{"href":"https:\/\/notinor.com\/jujuy\/wp-json\/wp\/v2\/posts\/428749"}],"collection":[{"href":"https:\/\/notinor.com\/jujuy\/wp-json\/wp\/v2\/posts"}],"about":[{"href":"https:\/\/notinor.com\/jujuy\/wp-json\/wp\/v2\/types\/post"}],"author":[{"embeddable":true,"href":"https:\/\/notinor.com\/jujuy\/wp-json\/wp\/v2\/users\/49"}],"replies":[{"embeddable":true,"href":"https:\/\/notinor.com\/jujuy\/wp-json\/wp\/v2\/comments?post=428749"}],"version-history":[{"count":1,"href":"https:\/\/notinor.com\/jujuy\/wp-json\/wp\/v2\/posts\/428749\/revisions"}],"predecessor-version":[{"id":428751,"href":"https:\/\/notinor.com\/jujuy\/wp-json\/wp\/v2\/posts\/428749\/revisions\/428751"}],"wp:featuredmedia":[{"embeddable":true,"href":"https:\/\/notinor.com\/jujuy\/wp-json\/wp\/v2\/media\/428750"}],"wp:attachment":[{"href":"https:\/\/notinor.com\/jujuy\/wp-json\/wp\/v2\/media?parent=428749"}],"wp:term":[{"taxonomy":"category","embeddable":true,"href":"https:\/\/notinor.com\/jujuy\/wp-json\/wp\/v2\/categories?post=428749"},{"taxonomy":"post_tag","embeddable":true,"href":"https:\/\/notinor.com\/jujuy\/wp-json\/wp\/v2\/tags?post=428749"}],"curies":[{"name":"wp","href":"https:\/\/api.w.org\/{rel}","templated":true}]}}