{"id":428744,"date":"2025-06-13T19:32:38","date_gmt":"2025-06-13T22:32:38","guid":{"rendered":"https:\/\/notinor.com\/jujuy\/?p=428744"},"modified":"2025-06-13T19:32:40","modified_gmt":"2025-06-13T22:32:40","slug":"cristina-kirchner-eligio-el-proximo-miercoles-18-de-junio-para-presentarse-ante-la-justicia-y-quedar-detenida","status":"publish","type":"post","link":"https:\/\/notinor.com\/jujuy\/cristina-kirchner-eligio-el-proximo-miercoles-18-de-junio-para-presentarse-ante-la-justicia-y-quedar-detenida\/","title":{"rendered":"Cristina Kirchner eligi\u00f3 el pr\u00f3ximo mi\u00e9rcoles 18 de junio para presentarse ante la Justicia y quedar detenida"},"content":{"rendered":"\n<p class=\"has-medium-font-size\"><strong><em>La ex mandataria reforz\u00f3 su pedido de prisi\u00f3n domiciliaria y en el mismo escrito adelant\u00f3 cu\u00e1ndo ir\u00e1 a los tribunales de Comodoro Py. \u201cNo somos como la derecha mafiosa que elude las \u00f3rdenes judiciales\u201d, se\u00f1al\u00f3.<\/em><\/strong><\/p>\n\n\n\n<p><\/p>\n\n\n<div class=\"wp-block-image\">\n<figure class=\"aligncenter size-full\"><img decoding=\"async\" loading=\"lazy\" width=\"800\" height=\"450\" src=\"https:\/\/notinor.com\/jujuy\/wp-content\/uploads\/2025\/03\/cristina-kirchner.jpg\" alt=\"\" class=\"wp-image-425140\" srcset=\"https:\/\/notinor.com\/jujuy\/wp-content\/uploads\/2025\/03\/cristina-kirchner.jpg 800w, https:\/\/notinor.com\/jujuy\/wp-content\/uploads\/2025\/03\/cristina-kirchner-649x365.jpg 649w, https:\/\/notinor.com\/jujuy\/wp-content\/uploads\/2025\/03\/cristina-kirchner-500x280.jpg 500w, https:\/\/notinor.com\/jujuy\/wp-content\/uploads\/2025\/03\/cristina-kirchner-768x432.jpg 768w, https:\/\/notinor.com\/jujuy\/wp-content\/uploads\/2025\/03\/cristina-kirchner-750x422.jpg 750w\" sizes=\"(max-width: 800px) 100vw, 800px\" \/><\/figure><\/div>\n\n\n<p><\/p>\n\n\n\n<p><strong>\u201cNo somos la derecha mafiosa que elude las \u00f3rdenes judiciales, se profuga durante 3 a\u00f1os y, cuando vuelve, consigue que el Partido Judicial lo proteja y, adem\u00e1s, lo sobresea. Por eso, el pr\u00f3ximo mi\u00e9rcoles 18 de junio me presentar\u00e9 en Comodoro Py para estar a derecho, como siempre lo he hecho\u201d.<\/strong> As\u00ed adelant\u00f3 Cristina Kirchner su presencia en los tribunales para quedar detenida tras la decisi\u00f3n de la Corte Suprema.<\/p>\n\n\n\n<p>Lo hizo a trav\u00e9s de un escrito publicado en las redes sociales, donde adem\u00e1s reforz\u00f3 su pedido para que le otorguen prisi\u00f3n domiciliaria con un argumento concreto:<strong> \u201cNo se trata de un privilegio; por el contrario, obedece a estrictas razones de seguridad personal\u201d.<\/strong><\/p>\n\n\n\n<p>Esta ma\u00f1ana, Cristina Kirchner comparti\u00f3 un documento en el que explic\u00f3 su situaci\u00f3n, e incluy\u00f3 una dura cr\u00edtica a la justicia:<strong> \u201cEl martes, cuando el Triunvirato t\u00edtere que funge como ficci\u00f3n de Corte Suprema de Justicia cumpli\u00f3 la orden de proscripci\u00f3n del poder econ\u00f3mico contra mi persona, poni\u00e9ndole un cepo al voto popular, mis abogados presentaron ante el Tribunal Oral Nro. 2 solicitud de detenci\u00f3n domiciliaria en mi casa, en el barrio de Monserrat\".<\/strong><\/p>\n\n\n\n<p>En el mismo escrito, la titular del Partido Justicialista (PJ) adujo razones \u201cinstitucionales\u201d, despu\u00e9s de haber sido Presidenta durante dos per\u00edodos consecutivos. <strong>\u201cDebo contar con custodia de por vida: es obligatoria y no puedo sustraerme voluntariamente de ella\u201d,<\/strong> remarc\u00f3, antes de apuntar que esta protecci\u00f3n es necesaria debido a \u201clos riesgos a los que se ven expuestos quienes han desempe\u00f1ado la primera magistratura\u201d.<\/p>\n\n\n\n<p><strong>En la presentaci\u00f3n formal de los abogados de la ex vicepresidenta, que CFK subi\u00f3 a las redes, se detallan los argumentos legales y f\u00e1cticos que sustentan la solicitud de detenci\u00f3n domiciliaria.<\/strong> Entre ellos, se destaca la necesidad de garantizar la integridad f\u00edsica de la ex mandataria en un contexto de amenazas persistentes y la obligaci\u00f3n legal de mantener la custodia presidencial.<\/p>\n\n\n\n<p><strong>\u201cLas condiciones de seguridad que deber\u00edan ser impuestas a Cristina Fern\u00e1ndez de Kirchner dentro de una instituci\u00f3n carcelaria conllevan a eliminar la posibilidad de que la ex Presidenta de la Naci\u00f3n comparta lugares comunes con otros internos y que sea sometida a un sistema de supervisi\u00f3n continua\u201d,<\/strong> argumenta la defensa. \u201cEn otras palabras, se le deber\u00eda imponer a nuestra defendida un r\u00e9gimen de aislamiento absoluto y de vigilancia permanente, medidas que resultan incompatibles con los est\u00e1ndares constitucionales y convencionales que rigen en materia de ejecuci\u00f3n penal, los cuales proh\u00edben que las personas privadas de su libertad ambulatoria sean sometidas a tratos crueles o inhumanos\u201d, advierten.<\/p>\n\n\n\n<p><strong>En la misma sinton\u00eda, Cristina Kirchner record\u00f3 que el 1 de septiembre de 2022 fue \u201cobjeto de un intento de magnicidio\u201d, incidente que -consider\u00f3 fue parte de \u201cla etapa final del engendro pol\u00edtico-electoral conocido como \u2018Vialidad\u2019\u201d.<\/strong><\/p>\n\n\n\n<p>\u201cLa bala no sali\u00f3 por un verdadero y aut\u00e9ntico milagro\u201d, se\u00f1al\u00f3 la ex mandataria, quien de inmediato cuestion\u00f3 la demora de los jueces en determinar las responsabilidades del hecho:<strong> \u201cEl Partido Judicial no ha querido avanzar respecto de los autores intelectuales y los apoyos econ\u00f3micos\u201d.<\/strong><\/p>\n\n\n\n<p>Unos minutos antes del mensaje de Cristina Kirchner, en los tribunales de Comodoro Py surgi\u00f3 una noticia que gener\u00f3 revuelo porque trascendi\u00f3 que uno de los jueces que debe resolver la detenci\u00f3n de Cristina Kirchner hab\u00eda pedido licencia; sin embargo, luego se aclar\u00f3 que ahora busca reprogramarla.<\/p>\n\n\n\n<p><strong>Fuentes judiciales informaron que, en principio, Jorge Gorini no estar\u00e1 toda la semana que viene. Es por una licencia que solicit\u00f3 y se le concedi\u00f3 tiempo atr\u00e1s, cuando el tema de Vialidad no estaba en agenda.<\/strong> Las fuentes consultadas se\u00f1alaron que la licencia es \u201cpor motivos personales\u201d, sin ahondar en detalles, y agregaron que el magistrado intenta reprogramar la actividad.<\/p>\n","protected":false},"excerpt":{"rendered":"<p>La ex mandataria reforz\u00f3 su pedido de prisi\u00f3n domiciliaria y en el mismo escrito adelant\u00f3 cu\u00e1ndo ir\u00e1 a los tribunales de Comodoro Py. \u201cNo somos como la derecha mafiosa que elude las \u00f3rdenes judiciales\u201d, se\u00f1al\u00f3. \u201cNo somos la derecha mafiosa que elude las \u00f3rdenes judiciales, se profuga durante 3 a\u00f1os y, cuando vuelve, consigue que [&hellip;]<\/p>\n","protected":false},"author":49,"featured_media":425140,"comment_status":"open","ping_status":"open","sticky":false,"template":"","format":"standard","meta":{"_stopmodifiedupdate":false,"_modified_date":"","inline_featured_image":false,"spay_email":"","jetpack_publicize_message":""},"categories":[2,501],"tags":[],"jetpack_featured_media_url":"https:\/\/notinor.com\/jujuy\/wp-content\/uploads\/2025\/03\/cristina-kirchner.jpg","jetpack_publicize_connections":[],"_links":{"self":[{"href":"https:\/\/notinor.com\/jujuy\/wp-json\/wp\/v2\/posts\/428744"}],"collection":[{"href":"https:\/\/notinor.com\/jujuy\/wp-json\/wp\/v2\/posts"}],"about":[{"href":"https:\/\/notinor.com\/jujuy\/wp-json\/wp\/v2\/types\/post"}],"author":[{"embeddable":true,"href":"https:\/\/notinor.com\/jujuy\/wp-json\/wp\/v2\/users\/49"}],"replies":[{"embeddable":true,"href":"https:\/\/notinor.com\/jujuy\/wp-json\/wp\/v2\/comments?post=428744"}],"version-history":[{"count":1,"href":"https:\/\/notinor.com\/jujuy\/wp-json\/wp\/v2\/posts\/428744\/revisions"}],"predecessor-version":[{"id":428745,"href":"https:\/\/notinor.com\/jujuy\/wp-json\/wp\/v2\/posts\/428744\/revisions\/428745"}],"wp:featuredmedia":[{"embeddable":true,"href":"https:\/\/notinor.com\/jujuy\/wp-json\/wp\/v2\/media\/425140"}],"wp:attachment":[{"href":"https:\/\/notinor.com\/jujuy\/wp-json\/wp\/v2\/media?parent=428744"}],"wp:term":[{"taxonomy":"category","embeddable":true,"href":"https:\/\/notinor.com\/jujuy\/wp-json\/wp\/v2\/categories?post=428744"},{"taxonomy":"post_tag","embeddable":true,"href":"https:\/\/notinor.com\/jujuy\/wp-json\/wp\/v2\/tags?post=428744"}],"curies":[{"name":"wp","href":"https:\/\/api.w.org\/{rel}","templated":true}]}}