{"id":428741,"date":"2025-06-13T13:53:16","date_gmt":"2025-06-13T16:53:16","guid":{"rendered":"https:\/\/notinor.com\/jujuy\/?p=428741"},"modified":"2025-06-13T13:53:18","modified_gmt":"2025-06-13T16:53:18","slug":"5-lugares-magicos-de-jujuy-para-este-invierno","status":"publish","type":"post","link":"https:\/\/notinor.com\/jujuy\/5-lugares-magicos-de-jujuy-para-este-invierno\/","title":{"rendered":"5 lugares m\u00e1gicos de Jujuy para este invierno"},"content":{"rendered":"\n<p class=\"has-medium-font-size\"><strong><em>Jujuy sorprende con su\u00a0\u201cmagia pura de invierno\u201c, una propuesta que se enmarca en alternativas culturales y tur\u00edsticas dise\u00f1adas para recibir a turistas que eligen destinos exquisitos.<\/em><\/strong><\/p>\n\n\n\n<figure class=\"wp-block-image\"><img decoding=\"async\" src=\"https:\/\/media.prensa.jujuy.gob.ar\/p\/97c93ccdad90517dc4f0906fdeb034cc\/adjuntos\/301\/imagenes\/000\/412\/0000412366\/1200x0\/smart\/captura-pantalla-2025-06-12-las-190853png.png\" alt=\"5 lugares m\u00e1gicos de Jujuy para este invierno\" title=\"5 lugares m\u00e1gicos de Jujuy para este invierno\"\/><\/figure>\n\n\n\n<p><strong>Hoy, m\u00e1s que lugares, las personas buscan experiencias.<\/strong><a href=\"https:\/\/media.prensa.jujuy.gob.ar\/p\/97c93ccdad90517dc4f0906fdeb034cc\/adjuntos\/301\/imagenes\/000\/412\/0000412366\/1200x0\/smart\/captura-pantalla-2025-06-12-las-190853png.png\"><\/a><\/p>\n\n\n\n<p>Jujuy propone una fusi\u00f3n \u00fanica entre cultura y propuestas tur\u00edsticas que incluye 4 regiones, diversidad de clima y festividades ancestrales, en invierno y todo el a\u00f1o.<\/p>\n\n\n\n<p>Jujuy te invita a conocer los 5 lugares m\u00e1gicos para este invierno.<\/p>\n\n\n\n<p><strong>Salinas Grandes:\u00a0<\/strong>el cuarto salar m\u00e1s grande de Sudam\u00e9rica, escenario cinematogr\u00e1fico de campa\u00f1as publicitarias y pel\u00edculas. No solamente maravilla el recorrido en este mar de sal, sino que los turistas pueden hospedarse en los glamping y apreciar una lluvia de estrellas.<a href=\"https:\/\/media.prensa.jujuy.gob.ar\/p\/97c93ccdad90517dc4f0906fdeb034cc\/adjuntos\/301\/imagenes\/000\/412\/0000412366\/1200x0\/smart\/captura-pantalla-2025-06-12-las-190853png.png\"><\/a><\/p>\n\n\n\n<figure class=\"wp-block-image\"><img decoding=\"async\" src=\"https:\/\/media.prensa.jujuy.gob.ar\/p\/24b0acf1a015a2df90454749c1c31ab7\/adjuntos\/301\/imagenes\/000\/412\/0000412368\/1200x0\/smart\/captura-pantalla-2025-06-12-las-190909png.png\" alt=\"5 lugares m\u00e1gicos de Jujuy para este invierno\" title=\"5 lugares m\u00e1gicos de Jujuy para este invierno\"\/><\/figure>\n\n\n\n<p><strong>Cerro de los 7 colores<\/strong>: se trata de una formaci\u00f3n monta\u00f1osa que tiene varias tonalidades, producto de la combinaci\u00f3n de minerales de la regi\u00f3n. Ubicado en Purmamarca, es un escenario de festividades, gastronom\u00eda, cultura ancestral y m\u00fasica aut\u00f3ctona.<a href=\"https:\/\/media.prensa.jujuy.gob.ar\/p\/24b0acf1a015a2df90454749c1c31ab7\/adjuntos\/301\/imagenes\/000\/412\/0000412368\/1200x0\/smart\/captura-pantalla-2025-06-12-las-190909png.png\"><\/a><\/p>\n\n\n\n<figure class=\"wp-block-image\"><img decoding=\"async\" src=\"https:\/\/media.prensa.jujuy.gob.ar\/p\/adaaaa3ffbeaff447cebbab1f5da4841\/adjuntos\/301\/imagenes\/000\/412\/0000412367\/1200x0\/smart\/captura-pantalla-2025-06-12-las-190902png.png\" alt=\"5 lugares m\u00e1gicos de Jujuy para este invierno\" title=\"5 lugares m\u00e1gicos de Jujuy para este invierno\"\/><\/figure>\n\n\n\n<p><strong>Lagunas de yala<\/strong>: para los amantes del trekking, la aventura y la diversidad de flora y fauna, Jujuy te invita a conocer las Lagunas de Yala, un conjunto de 6 lagunas ubicadas dentro del parque Provincial Potrero de Yala.<\/p>\n\n\n\n<figure class=\"wp-block-image\"><img decoding=\"async\" src=\"https:\/\/media.prensa.jujuy.gob.ar\/p\/3e9ee766d37cdd5aad8bcc9153235573\/adjuntos\/301\/imagenes\/000\/412\/0000412369\/1200x0\/smart\/captura-pantalla-2025-06-12-las-190920png.png\" alt=\"5 lugares m\u00e1gicos de Jujuy para este invierno\" title=\"5 lugares m\u00e1gicos de Jujuy para este invierno\"\/><\/figure>\n\n\n\n<p><strong>Termas de Jord\u00e1n<\/strong>: yendo hacia el sur de la provincia, se encuentra un un destino tur\u00edstico incre\u00edble, ubicado en San Francisco. Un lugar con aguas termales en medio de la selva de monta\u00f1a. Son aguas cristalinas, naturales, de color turquesa, con una temperatura promedio de 30\u00b0C y una profundidad que var\u00eda de 30 cm a 2 m<a href=\"https:\/\/media.prensa.jujuy.gob.ar\/p\/3e9ee766d37cdd5aad8bcc9153235573\/adjuntos\/301\/imagenes\/000\/412\/0000412369\/1200x0\/smart\/captura-pantalla-2025-06-12-las-190920png.png\"><\/a><\/p>\n\n\n\n<figure class=\"wp-block-image\"><img decoding=\"async\" src=\"https:\/\/media.prensa.jujuy.gob.ar\/p\/3ab7e6711d2dc4074d17012bdf171e1f\/adjuntos\/301\/imagenes\/000\/412\/0000412370\/1200x0\/smart\/captura-pantalla-2025-06-12-las-190927png.png\" alt=\"5 lugares m\u00e1gicos de Jujuy para este invierno\" title=\"5 lugares m\u00e1gicos de Jujuy para este invierno\"\/><\/figure>\n\n\n\n<p><strong>Cusi Cusi<\/strong>: se encuentra en la Puna juje\u00f1a, cerca de la frontera con Bolivia. El valle de la luna de Jujuy es un lugar muy visitado por los turistas por sus paisajes atractivos y la conexi\u00f3n con la magia y esp\u00edritu de la puna ancestral e hist\u00f3rica.<a href=\"https:\/\/media.prensa.jujuy.gob.ar\/p\/3ab7e6711d2dc4074d17012bdf171e1f\/adjuntos\/301\/imagenes\/000\/412\/0000412370\/1200x0\/smart\/captura-pantalla-2025-06-12-las-190927png.png\"><\/a><\/p>\n\n\n\n<figure class=\"wp-block-image\"><img decoding=\"async\" src=\"https:\/\/media.prensa.jujuy.gob.ar\/p\/0dd3c000e3a2b44467812d572948e293\/adjuntos\/301\/imagenes\/000\/412\/0000412371\/1200x0\/smart\/captura-pantalla-2025-06-12-las-191120png.png\" alt=\"5 lugares m\u00e1gicos de Jujuy para este invierno\" title=\"5 lugares m\u00e1gicos de Jujuy para este invierno\"\/><\/figure>\n\n\n\n<p><strong><em>Experiencias Imperdibles<\/em><\/strong>&nbsp;<\/p>\n\n\n\n<p>Jujuy, posicion\u00e1ndose en los \u00faltimos a\u00f1os como un destino lleno de experiencias innovadoras, ofrece tres destacadas e imperdibles, \u00fanicas en el pa\u00eds. Te contamos de qu\u00e9 se trata:&nbsp;<\/p>\n\n\n\n<p><strong>Tren Solar de la Quebrada<\/strong>: innovaci\u00f3n y sostenibilidad en el paseo del Tren Solar de las Quebrada. No s\u00f3lo ofrece un recorrido, sino magia en cada estaci\u00f3n.&nbsp;<\/p>\n\n\n\n<p><strong>Ruta del Vino<\/strong>: el vino juje\u00f1o, con su identidad de altura, contin\u00faa consolid\u00e1ndose como un atractivo tur\u00edstico y cultural de alto valor.&nbsp;<\/p>\n\n\n\n<p><strong>Destino de bodas<\/strong>: bodas sostenibles, matrimonios igualitarios, rituales ancestrales y experiencias rom\u00e1nticas como lunas de miel o propuestas de casamiento.&nbsp;<\/p>\n\n\n\n<p>En invierno y todo el a\u00f1o, Jujuy es magia pura.&nbsp;<\/p>\n","protected":false},"excerpt":{"rendered":"<p>Jujuy sorprende con su\u00a0\u201cmagia pura de invierno\u201c, una propuesta que se enmarca en alternativas culturales y tur\u00edsticas dise\u00f1adas para recibir a turistas que eligen destinos exquisitos. Hoy, m\u00e1s que lugares, las personas buscan experiencias. Jujuy propone una fusi\u00f3n \u00fanica entre cultura y propuestas tur\u00edsticas que incluye 4 regiones, diversidad de clima y festividades ancestrales, en [&hellip;]<\/p>\n","protected":false},"author":5,"featured_media":428742,"comment_status":"open","ping_status":"open","sticky":false,"template":"","format":"standard","meta":{"_stopmodifiedupdate":false,"_modified_date":"","inline_featured_image":false,"spay_email":"","jetpack_publicize_message":""},"categories":[2],"tags":[],"jetpack_featured_media_url":"https:\/\/notinor.com\/jujuy\/wp-content\/uploads\/2025\/06\/JUJUY.jpg","jetpack_publicize_connections":[],"_links":{"self":[{"href":"https:\/\/notinor.com\/jujuy\/wp-json\/wp\/v2\/posts\/428741"}],"collection":[{"href":"https:\/\/notinor.com\/jujuy\/wp-json\/wp\/v2\/posts"}],"about":[{"href":"https:\/\/notinor.com\/jujuy\/wp-json\/wp\/v2\/types\/post"}],"author":[{"embeddable":true,"href":"https:\/\/notinor.com\/jujuy\/wp-json\/wp\/v2\/users\/5"}],"replies":[{"embeddable":true,"href":"https:\/\/notinor.com\/jujuy\/wp-json\/wp\/v2\/comments?post=428741"}],"version-history":[{"count":1,"href":"https:\/\/notinor.com\/jujuy\/wp-json\/wp\/v2\/posts\/428741\/revisions"}],"predecessor-version":[{"id":428743,"href":"https:\/\/notinor.com\/jujuy\/wp-json\/wp\/v2\/posts\/428741\/revisions\/428743"}],"wp:featuredmedia":[{"embeddable":true,"href":"https:\/\/notinor.com\/jujuy\/wp-json\/wp\/v2\/media\/428742"}],"wp:attachment":[{"href":"https:\/\/notinor.com\/jujuy\/wp-json\/wp\/v2\/media?parent=428741"}],"wp:term":[{"taxonomy":"category","embeddable":true,"href":"https:\/\/notinor.com\/jujuy\/wp-json\/wp\/v2\/categories?post=428741"},{"taxonomy":"post_tag","embeddable":true,"href":"https:\/\/notinor.com\/jujuy\/wp-json\/wp\/v2\/tags?post=428741"}],"curies":[{"name":"wp","href":"https:\/\/api.w.org\/{rel}","templated":true}]}}