{"id":428706,"date":"2025-06-13T00:40:27","date_gmt":"2025-06-13T03:40:27","guid":{"rendered":"https:\/\/notinor.com\/jujuy\/?p=428706"},"modified":"2025-06-13T00:40:29","modified_gmt":"2025-06-13T03:40:29","slug":"jujuy-se-planta-ante-la-violencia-online-y-blinda-a-ninos-ninas-y-jovenes","status":"publish","type":"post","link":"https:\/\/notinor.com\/jujuy\/jujuy-se-planta-ante-la-violencia-online-y-blinda-a-ninos-ninas-y-jovenes\/","title":{"rendered":"Jujuy se planta ante la violencia online y blinda a ni\u00f1os, ni\u00f1as y j\u00f3venes"},"content":{"rendered":"\n<p class=\"has-medium-font-size\"><strong><em>El gobernador de la Provincia, Carlos Sadir, anunci\u00f3 que Jujuy contar\u00e1 pronto con la primera sede de la ONG Grooming Argentina en el Norte del pa\u00eds.<\/em><\/strong><\/p>\n\n\n\n<p><\/p>\n\n\n<div class=\"wp-block-image\">\n<figure class=\"aligncenter size-full\"><img decoding=\"async\" loading=\"lazy\" width=\"800\" height=\"450\" src=\"https:\/\/notinor.com\/jujuy\/wp-content\/uploads\/2025\/02\/carlos-sadir-2.jpg\" alt=\"\" class=\"wp-image-423856\" srcset=\"https:\/\/notinor.com\/jujuy\/wp-content\/uploads\/2025\/02\/carlos-sadir-2.jpg 800w, https:\/\/notinor.com\/jujuy\/wp-content\/uploads\/2025\/02\/carlos-sadir-2-649x365.jpg 649w, https:\/\/notinor.com\/jujuy\/wp-content\/uploads\/2025\/02\/carlos-sadir-2-500x280.jpg 500w, https:\/\/notinor.com\/jujuy\/wp-content\/uploads\/2025\/02\/carlos-sadir-2-768x432.jpg 768w, https:\/\/notinor.com\/jujuy\/wp-content\/uploads\/2025\/02\/carlos-sadir-2-750x422.jpg 750w\" sizes=\"(max-width: 800px) 100vw, 800px\" \/><\/figure><\/div>\n\n\n<p><\/p>\n\n\n\n<p>En este sentido, destac\u00f3 que ser\u00e1 <strong>\u201cun espacio de asesoramiento y apoyo en caso de grooming\u201d, adem\u00e1s de \u201caportar a la prevenci\u00f3n y a la b\u00fasqueda de justicia\u201d.<\/strong><\/p>\n\n\n\n<p>Asimismo, el mandatario enfatiz\u00f3 que \u201cen Jujuy protegemos activamente a nuestros ni\u00f1os, ni\u00f1as y j\u00f3venes\u201d.<\/p>\n\n\n\n<p>Subray\u00f3 finalmente, que<strong> \u201ccombatimos este delito con la seriedad, responsabilidad y urgencia que demanda\u201d.<\/strong><\/p>\n","protected":false},"excerpt":{"rendered":"<p>El gobernador de la Provincia, Carlos Sadir, anunci\u00f3 que Jujuy contar\u00e1 pronto con la primera sede de la ONG Grooming Argentina en el Norte del pa\u00eds. En este sentido, destac\u00f3 que ser\u00e1 \u201cun espacio de asesoramiento y apoyo en caso de grooming\u201d, adem\u00e1s de \u201caportar a la prevenci\u00f3n y a la b\u00fasqueda de justicia\u201d. Asimismo, [&hellip;]<\/p>\n","protected":false},"author":49,"featured_media":423856,"comment_status":"open","ping_status":"open","sticky":false,"template":"","format":"standard","meta":{"_stopmodifiedupdate":false,"_modified_date":"","inline_featured_image":false,"spay_email":"","jetpack_publicize_message":""},"categories":[2,514],"tags":[],"jetpack_featured_media_url":"https:\/\/notinor.com\/jujuy\/wp-content\/uploads\/2025\/02\/carlos-sadir-2.jpg","jetpack_publicize_connections":[],"_links":{"self":[{"href":"https:\/\/notinor.com\/jujuy\/wp-json\/wp\/v2\/posts\/428706"}],"collection":[{"href":"https:\/\/notinor.com\/jujuy\/wp-json\/wp\/v2\/posts"}],"about":[{"href":"https:\/\/notinor.com\/jujuy\/wp-json\/wp\/v2\/types\/post"}],"author":[{"embeddable":true,"href":"https:\/\/notinor.com\/jujuy\/wp-json\/wp\/v2\/users\/49"}],"replies":[{"embeddable":true,"href":"https:\/\/notinor.com\/jujuy\/wp-json\/wp\/v2\/comments?post=428706"}],"version-history":[{"count":1,"href":"https:\/\/notinor.com\/jujuy\/wp-json\/wp\/v2\/posts\/428706\/revisions"}],"predecessor-version":[{"id":428707,"href":"https:\/\/notinor.com\/jujuy\/wp-json\/wp\/v2\/posts\/428706\/revisions\/428707"}],"wp:featuredmedia":[{"embeddable":true,"href":"https:\/\/notinor.com\/jujuy\/wp-json\/wp\/v2\/media\/423856"}],"wp:attachment":[{"href":"https:\/\/notinor.com\/jujuy\/wp-json\/wp\/v2\/media?parent=428706"}],"wp:term":[{"taxonomy":"category","embeddable":true,"href":"https:\/\/notinor.com\/jujuy\/wp-json\/wp\/v2\/categories?post=428706"},{"taxonomy":"post_tag","embeddable":true,"href":"https:\/\/notinor.com\/jujuy\/wp-json\/wp\/v2\/tags?post=428706"}],"curies":[{"name":"wp","href":"https:\/\/api.w.org\/{rel}","templated":true}]}}