{"id":428614,"date":"2025-06-11T12:03:52","date_gmt":"2025-06-11T15:03:52","guid":{"rendered":"https:\/\/notinor.com\/jujuy\/?p=428614"},"modified":"2025-06-11T12:04:47","modified_gmt":"2025-06-11T15:04:47","slug":"patricia-bullrich-define-el-lugar-donde-quedara-detenida-cristina-kirchner-que-opciones-se-evaluan-y-el-pedido-de-los-abogados","status":"publish","type":"post","link":"https:\/\/notinor.com\/jujuy\/patricia-bullrich-define-el-lugar-donde-quedara-detenida-cristina-kirchner-que-opciones-se-evaluan-y-el-pedido-de-los-abogados\/","title":{"rendered":"Patricia Bullrich define el lugar donde quedar\u00e1 detenida Cristina Kirchner: qu\u00e9 opciones se eval\u00faan y el pedido de los abogados"},"content":{"rendered":"\n<p class=\"has-medium-font-size\"><strong><em>El Ministerio de Seguridad estudia dependencias de las fuerzas federales a solicitud de la Justicia. La exmandataria espera quedar en prisi\u00f3n domiciliaria. Se prepara una denuncia ante la Comisi\u00f3n Interamericana de Derechos Humanos (CIDH).<\/em><\/strong><\/p>\n\n\n\n<p class=\"has-text-align-center\"><img decoding=\"async\" loading=\"lazy\" height=\"2773\" width=\"4160\" src=\"https:\/\/www.infobae.com\/resizer\/v2\/IQOU4TD2GJBXBHD5ATI4S5QLOE.jpeg?auth=e670801863af9e87a93a66809cc783f67080206d551ec8e7ff1a6c8aa2c333c9&amp;smart=true&amp;width=350&amp;height=233&amp;quality=85\" alt=\"Cristina Kirchner habla ante la\">Cristina Kirchner habla ante la militancia tras conocer el fallo de la Corte Suprema<\/p>\n\n\n\n<p>La jornada comenz\u00f3 muy temprano en el Ministerio de Seguridad Nacional que comanda Patricia\u00a0<strong>Bullrich<\/strong>, con reuniones que ten\u00edan como fin determinar cu\u00e1l es la dependencia de las fuerzas federales <strong>donde deber\u00e1 quedar detenida<\/strong>,\u00a0si es que no se le convalida la prisi\u00f3n domiciliaria-\u00a0<strong>Cristina Kirchner<\/strong>.<\/p>\n\n\n\n<p>Fue un pedido expl\u00edcito que realiz\u00f3 el juez del&nbsp;<strong>Tribunal Oral Federal 2 (TOF 2)<\/strong>&nbsp;Jorge Gorini ayer por la tarde a la ministra, solicit\u00e1ndole que decida \u201cuna dependencia de las fuerzas federales que cumpla con las condiciones adecuadas para el alojamiento de las personas nombradas\u201d. Es decir, la dos veces presidenta y los otros ocho condenados por la&nbsp;<strong>Causa Vialidad<\/strong>.<\/p>\n\n\n\n<p>Dado su comportamiento a derecho durante todo el proceso que llev\u00f3 la causa, es altamente probable que la Justicia convalide el pedido de prisi\u00f3n domiciliaria que formularon ayer los abogados de la exmandataria, Alberto Beraldi y Ary Llernovoy. Por lo pronto, Gorini le notific\u00f3 a Kirchner y a los dem\u00e1s condenados que <strong>tienen cinco d\u00edas h\u00e1biles para presentarse en los tribunales de Comodoro Py para quedar detenidos<\/strong>.<\/p>\n\n\n\n<p>Cabe la posibilidad de que la convalidaci\u00f3n de la prisi\u00f3n domiciliaria no llegue a darse antes de que Cristina se presente para comenzar a cumplir su pena. De ser as\u00ed, la expresidenta deber\u00e1 permanecer ese per\u00edodo detenida en un establecimiento de las fuerzas federales.<\/p>\n\n\n\n<p><strong>En Comodoro Py existen negociaciones&nbsp;<\/strong>para que la expresidenta se presente en esos tribunales, pero que se vuelva instant\u00e1neamente a cumplir su condena en el departamento que tiene en el barrio de Constituci\u00f3n.<\/p>\n\n\n\n<p class=\"has-text-align-center\"><a rel=\"noreferrer noopener\" href=\"https:\/\/www.infobae.com\/politica\/2025\/06\/11\/cfk-condenada-tension-politica-calculo-electoral-y-prueba-crucial-para-la-interna-del-peronismo\/\" target=\"_blank\"><\/a><img decoding=\"async\" loading=\"lazy\" height=\"533\" width=\"800\" src=\"https:\/\/www.infobae.com\/resizer\/v2\/AMW6QXX4C5BD3KAH5VDHJEOIF4.jpg?auth=319b209bfaf48cdbb83fb2d058eea9970be586c4f8596c537a4fd32a8c1aaa9b&amp;smart=true&amp;width=350&amp;height=233&amp;quality=85\" alt=\"Foto de archivo: la ministra\"><\/p>\n\n\n\n<p>                          Foto de archivo: la ministra de Seguridad de Argentina, Patricia Bullrich                                                                                                                                                                                                                                                                                                                                                                                                                                                                                                                                                                                                                                                                                                                                                                                                                                                                                                                                                                                                                                                                  <\/p>\n\n\n\n<p>En el&nbsp;<strong>Ministerio de Seguridad Nacional<\/strong>&nbsp;se reunieron esta ma\u00f1ana para evaluar las opciones que m\u00e1s se atienen al pedido de Gorini, quien pidi\u00f3 tener en cuenta la situaci\u00f3n particular que conlleva la detenci\u00f3n de la exmandataria, tanto por su edad, las cuestiones de seguridad por haber sido presidenta y vicepresidenta y el intento de homicidio que sufri\u00f3 en 2022.<\/p>\n\n\n\n<p>\u201cRequi\u00e9rase al&nbsp;<strong>Ministerio de Seguridad Nacional<\/strong>&nbsp;que en el t\u00e9rmino de 24 horas procure asignar una dependencia de las fuerzas federales que cumpla con las condiciones adecuadas para el alojamiento de las personas nombradas. H\u00e1gase saber que, para determinar el lugar de detenci\u00f3n, se deber\u00e1 atender y darse una consideraci\u00f3n espec\u00edfica a las caracter\u00edsticas particulares individuales de cada una de ellas\u201d, mand\u00f3 Gorini ayer por la tarde.<\/p>\n\n\n\n<p>Altas fuentes ministeriales confirmaron a&nbsp;<strong>Infobae<\/strong>&nbsp;que el lugar se est\u00e1 decidiendo por estas horas. \u201cSe est\u00e1 definiendo el d\u00f3nde. En cualquier situaci\u00f3n nos vamos a ajustar a los requerimientos de la Justicia\u201d, afirmaron muy cerca de Bullrich, donde agregan que \u201cest\u00e1n pensando en un lugar acorde\u201d por el probable caso de que deba pasar sus primeros d\u00edas de prisi\u00f3n en un establecimiento federal.<\/p>\n\n\n\n<p>Uno de los sitios que se estaban pensando para ese eventual traslado transitorio era la&nbsp;<strong>Alcaid\u00eda de Mujeres<\/strong>, ubicada en la intersecci\u00f3n de Cavia y Figueroa Alcorta, en el barrio porte\u00f1o de Palermo. Tambi\u00e9n estaba en estudio un establecimiento federal de&nbsp;<strong>Gendarmer\u00eda<\/strong>&nbsp;en el barrio de Retiro, muy cerca de los tribunales de&nbsp;<strong>Comodoro Py 2002<\/strong>, donde deber\u00e1 presentarse Cristina en los pr\u00f3ximos d\u00edas.<\/p>\n\n\n\n<p>En el entorno de Cristina Kirchner le restaron importancia a la decisi\u00f3n de Bullrich. Su abogado -y quien est\u00e1 tomando la vocer\u00eda del caso-\u00a0<strong>Gregorio Dalb\u00f3n<\/strong>, afirm\u00f3 que \u201cla situaci\u00f3n suya depender\u00e1 exclusivamente del TOF 2 que la juzg\u00f3. De ninguna manera depende de la ministra.\u00a0<strong>No tiene competencia para inmiscuirse en el Poder Judicial<\/strong>\u201d.<\/p>\n\n\n\n<p class=\"has-text-align-center\"><img decoding=\"async\" loading=\"lazy\" height=\"1080\" width=\"1920\" src=\"https:\/\/www.infobae.com\/resizer\/v2\/ZZZY74CIXJGJHIKYVBTWLJX6ZU.JPG?auth=51751c82e25786556a5e83bda84b3f3dc4f160343366255889668ececb9798aa&amp;smart=true&amp;width=350&amp;height=197&amp;quality=85\" alt=\"Gregorio Dalb\u00f3n, uno de los\">Gregorio Dalb\u00f3n, uno de los abogados de Cristina Kirchner<\/p>\n\n\n\n<p>\u201cBullrich es una represora de ni\u00f1os y jubilados. Su funci\u00f3n es ejecutiva y depende de Milei. Hay una enemistad manifiesta con ella. Recordemos que se hac\u00eda campa\u00f1a con una c\u00e1rcel con el nombre de CFK. Por tal motivo no hay ni m\u00ednima chance de la Ministra participe del proceso de ejecuci\u00f3n\u201d, pidi\u00f3 agregar enf\u00e1ticamente el letrado.<\/p>\n\n\n\n<p>Dalb\u00f3n se encuentra actualmente en&nbsp;<strong>La Haya<\/strong>,&nbsp;<strong>Pa\u00edses Bajos<\/strong>, donde present\u00f3 una denuncia ante la&nbsp;<strong>Corte Penal Internacional<\/strong>&nbsp;una \u201cpersecuci\u00f3n pol\u00edtica, judicial y medi\u00e1tica\u201d contra CFK.<\/p>\n\n\n\n<p>Se espera que el abogado se traslade la semana que viene a&nbsp;<strong>Washington D.C.<\/strong>, en&nbsp;<strong>Estados Unidos<\/strong>. \u201cVamos a hacer de todo para defender la figura de Cristina\u201d, afirm\u00f3 a Infobae. All\u00ed se encuentra la sede de la&nbsp;<strong>Comisi\u00f3n Interamericana de Derechos Humanos (CIDH), donde se va a presentar una denuncia<\/strong>.<\/p>\n\n\n\n<p>Son varios los integrantes del equipo de abogados de la expresidenta. Beraldi y Llernovoy fueron quienes formularon un escrito de 13 p\u00e1ginas que fue presentado ante los responsables del&nbsp;<strong>TOF 2<\/strong>. Cristina Kirchner pidi\u00f3 que el arresto domiciliario sea en el edificio de la calle San Jos\u00e9 1111, donde vive actualmente y donde ayer salud\u00f3 desde el balc\u00f3n a los militantes que la acompa\u00f1aron despu\u00e9s de la resoluci\u00f3n del m\u00e1ximo tribunal.<\/p>\n\n\n\n<p>El&nbsp;<strong>Ministerio de Seguridad Nacional<\/strong>&nbsp;no mont\u00f3 un operativo en esa locaci\u00f3n, aunque est\u00e1n atentos a los movimientos de la expresidenta al momento de presentarse en&nbsp;<strong>Comodoro Py<\/strong>. Esta jornada, tanto la&nbsp;<strong>Casa Rosada<\/strong>&nbsp;como el&nbsp;<strong>Congreso de la Naci\u00f3n<\/strong>&nbsp;aparecieron con vallas sobre su per\u00edmetro. Todos los mi\u00e9rcoles se produce la denominada Marcha de Jubilados, y consideran que la de esta jornada tendr\u00e1 un componente particular.<\/p>\n\n\n\n<p>La tradicional protesta de los mi\u00e9rcoles, que suele reunir a jubilados autoconvocados en la&nbsp;<strong>Plaza de los Dos Congresos<\/strong>&nbsp;de&nbsp;<strong>Buenos Aires<\/strong>, se ampli\u00f3 en las \u00faltimas semanas debido a la crisis econ\u00f3mica, el recorte de medicamentos del&nbsp;<strong>PAMI<\/strong>, la eliminaci\u00f3n de la moratoria previsional, el veto presidencial a la suba de haberes y el conflicto salarial en el hospital pedi\u00e1trico&nbsp;<strong>Garrahan<\/strong>.<\/p>\n\n\n\n<p>La convocatoria, que comenz\u00f3 como un reclamo de jubilados, ahora suma la participaci\u00f3n de gremios, organismos de derechos humanos, docentes universitarios, colectivos de discapacidad, movimientos feministas y agrupaciones como el&nbsp;<strong>Movimiento Evita<\/strong>, la&nbsp;<strong>UTEP<\/strong>&nbsp;y la&nbsp;<strong>CTA<\/strong>. Tambi\u00e9n se prev\u00e9 la presencia de dirigentes pol\u00edticos del peronismo que ya manifestaron su rechazo al fallo judicial. Entre las consignas principales figuran \u201cel rechazo al ajuste econ\u00f3mico\u201d, \u201cla defensa de la democracia\u201d y \u201cla denuncia de lo que consideran una proscripci\u00f3n pol\u00edtica\u201d.<\/p>\n\n\n\n<p>La jornada de protesta est\u00e1 prevista para comenzar a las 15 horas, con columnas que se concentrar\u00e1n sobre las avenidas&nbsp;<strong>Rivadavia<\/strong>,&nbsp;<strong>Callao<\/strong>&nbsp;y&nbsp;<strong>Entre R\u00edos<\/strong>. El operativo de seguridad ser\u00e1 reforzado, con vallados similares a los de movilizaciones anteriores.<\/p>\n","protected":false},"excerpt":{"rendered":"<p>El Ministerio de Seguridad estudia dependencias de las fuerzas federales a solicitud de la Justicia. La exmandataria espera quedar en prisi\u00f3n domiciliaria. Se prepara una denuncia ante la Comisi\u00f3n Interamericana de Derechos Humanos (CIDH). Cristina Kirchner habla ante la militancia tras conocer el fallo de la Corte Suprema La jornada comenz\u00f3 muy temprano en el [&hellip;]<\/p>\n","protected":false},"author":5,"featured_media":428615,"comment_status":"open","ping_status":"open","sticky":false,"template":"","format":"standard","meta":{"_stopmodifiedupdate":false,"_modified_date":"","inline_featured_image":false,"spay_email":"","jetpack_publicize_message":""},"categories":[2],"tags":[],"jetpack_featured_media_url":"https:\/\/notinor.com\/jujuy\/wp-content\/uploads\/2025\/06\/GATA.jpg","jetpack_publicize_connections":[],"_links":{"self":[{"href":"https:\/\/notinor.com\/jujuy\/wp-json\/wp\/v2\/posts\/428614"}],"collection":[{"href":"https:\/\/notinor.com\/jujuy\/wp-json\/wp\/v2\/posts"}],"about":[{"href":"https:\/\/notinor.com\/jujuy\/wp-json\/wp\/v2\/types\/post"}],"author":[{"embeddable":true,"href":"https:\/\/notinor.com\/jujuy\/wp-json\/wp\/v2\/users\/5"}],"replies":[{"embeddable":true,"href":"https:\/\/notinor.com\/jujuy\/wp-json\/wp\/v2\/comments?post=428614"}],"version-history":[{"count":1,"href":"https:\/\/notinor.com\/jujuy\/wp-json\/wp\/v2\/posts\/428614\/revisions"}],"predecessor-version":[{"id":428616,"href":"https:\/\/notinor.com\/jujuy\/wp-json\/wp\/v2\/posts\/428614\/revisions\/428616"}],"wp:featuredmedia":[{"embeddable":true,"href":"https:\/\/notinor.com\/jujuy\/wp-json\/wp\/v2\/media\/428615"}],"wp:attachment":[{"href":"https:\/\/notinor.com\/jujuy\/wp-json\/wp\/v2\/media?parent=428614"}],"wp:term":[{"taxonomy":"category","embeddable":true,"href":"https:\/\/notinor.com\/jujuy\/wp-json\/wp\/v2\/categories?post=428614"},{"taxonomy":"post_tag","embeddable":true,"href":"https:\/\/notinor.com\/jujuy\/wp-json\/wp\/v2\/tags?post=428614"}],"curies":[{"name":"wp","href":"https:\/\/api.w.org\/{rel}","templated":true}]}}