{"id":428602,"date":"2025-06-10T22:20:00","date_gmt":"2025-06-11T01:20:00","guid":{"rendered":"https:\/\/notinor.com\/jujuy\/?p=428602"},"modified":"2025-06-10T10:20:10","modified_gmt":"2025-06-10T10:20:10","slug":"convocan-a-emprendedores-para-participar-del-paseo-de-invierno-2025-en-el-centro-cultural-gral-belgrano","status":"publish","type":"post","link":"https:\/\/notinor.com\/jujuy\/convocan-a-emprendedores-para-participar-del-paseo-de-invierno-2025-en-el-centro-cultural-gral-belgrano\/","title":{"rendered":"Convocan a emprendedores para participar del Paseo de Invierno 2025 en el Centro Cultural Gral. Belgrano"},"content":{"rendered":"\n<p class=\"has-medium-font-size\"><strong><em>El municipio de San Salvador de Jujuy anunci\u00f3 la realizaci\u00f3n del tradicional Paseo de Invierno 2025, que se llevar\u00e1 a cabo nuevamente en el Centro Cultural Manuel Belgrano durante el mes de julio. Este evento se ha consolidado como un espacio de encuentro para vecinos y turistas, quienes podr\u00e1n recorrer diversos stands de emprendedores locales y disfrutar de propuestas gastron\u00f3micas, as\u00ed como actividades culturales y recreativas.<\/em><\/strong><\/p>\n\n\n<div class=\"wp-block-image\">\n<figure class=\"aligncenter size-full\"><img decoding=\"async\" loading=\"lazy\" width=\"787\" height=\"259\" src=\"https:\/\/notinor.com\/jujuy\/wp-content\/uploads\/2025\/06\/EMPRENDE.jpg\" alt=\"\" class=\"wp-image-428603\" srcset=\"https:\/\/notinor.com\/jujuy\/wp-content\/uploads\/2025\/06\/EMPRENDE.jpg 787w, https:\/\/notinor.com\/jujuy\/wp-content\/uploads\/2025\/06\/EMPRENDE-660x217.jpg 660w, https:\/\/notinor.com\/jujuy\/wp-content\/uploads\/2025\/06\/EMPRENDE-768x253.jpg 768w, https:\/\/notinor.com\/jujuy\/wp-content\/uploads\/2025\/06\/EMPRENDE-750x247.jpg 750w\" sizes=\"(max-width: 787px) 100vw, 787px\" \/><\/figure><\/div>\n\n\n<p>En este contexto, se encuentra habilitada la preinscripci\u00f3n para emprendedores y artesanos interesados en participar, hasta el 13 de junio, a trav\u00e9s del siguiente enlace:&nbsp;<a class=\"\" href=\"https:\/\/forms.gle\/mKVu6iEhdqJoh3FN8\">https:\/\/forms.gle\/mKVu6iEhdqJoh3FN8<\/a>.<\/p>\n\n\n\n<p>La directora general de Desarrollo, Jimena Jurado, expres\u00f3 su satisfacci\u00f3n por concretar una nueva edici\u00f3n del Paseo de Invierno y record\u00f3 que el link de preinscripci\u00f3n ya est\u00e1 disponible para que todas las personas interesadas puedan registrarse y formar parte de esta propuesta que, a\u00f1o tras a\u00f1o, re\u00fane a emprendedores y familias.<\/p>\n\n\n\n<figure class=\"wp-block-image\"><img decoding=\"async\" src=\"https:\/\/www.sansalvadordejujuy.gob.ar\/wp-content\/uploads\/2025\/06\/paseo-de-invierno-820x1024.jpeg\" alt=\"\" class=\"wp-image-88614\"\/><\/figure>\n\n\n\n<p>Tras la etapa de preinscripci\u00f3n, explic\u00f3 Jurado, se llevar\u00e1 a cabo una curadur\u00eda donde los emprendedores deber\u00e1n presentar sus productos en el Club de Emprendedores para evaluar si cumplen con los requisitos para participar en la feria. Dado que el evento tiene una duraci\u00f3n de diez d\u00edas, es indispensable contar con stock suficiente. Adem\u00e1s, se solicitar\u00e1 que cada participante disponga de su propio gazebo y que el packaging utilizado sea sustentable.<\/p>\n\n\n<div class=\"wp-block-image\">\n<figure class=\"aligncenter\"><img decoding=\"async\" src=\"https:\/\/www.sansalvadordejujuy.gob.ar\/wp-content\/uploads\/2025\/06\/paseo-de-invierno1-1024x683.jpg\" alt=\"\" class=\"wp-image-88606\"\/><\/figure><\/div>\n\n\n<p>La funcionaria agreg\u00f3 que no est\u00e1 permitido el uso de bolsas pl\u00e1sticas, y que todos los detalles y requisitos se encuentran especificados en el formulario de preinscripci\u00f3n. Los interesados podr\u00e1n consultar all\u00ed las disposiciones necesarias para participar correctamente y asegurar que el Paseo de Invierno sea una experiencia agradable para todos.<\/p>\n\n\n\n<p>Por su parte, el director de Espacios Culturales, Sergio Chac\u00f3n, destac\u00f3 que, como cada a\u00f1o, el Paseo de Invierno incluir\u00e1 diversas actividades recreativas para ni\u00f1os, con el objetivo de que las familias disfruten de una jornada completa de compras y entretenimiento durante las vacaciones de invierno. Adem\u00e1s, se presentar\u00e1n grupos de m\u00fasica y baile que animar\u00e1n las jornadas. Record\u00f3 que todos los requisitos est\u00e1n detallados en el formulario de preinscripci\u00f3n, disponible en las redes sociales de Cultura Muni, el Patio de Emprendedores y la Municipalidad.<\/p>\n\n\n\n<p><strong>Nota audiovisual:<\/strong>&nbsp;<a href=\"https:\/\/youtu.be\/zi_mWLyyRR4\">https:\/\/youtu.be\/zi_mWLyyRR4<\/a><\/p>\n","protected":false},"excerpt":{"rendered":"<p>El municipio de San Salvador de Jujuy anunci\u00f3 la realizaci\u00f3n del tradicional Paseo de Invierno 2025, que se llevar\u00e1 a cabo nuevamente en el Centro Cultural Manuel Belgrano durante el mes de julio. Este evento se ha consolidado como un espacio de encuentro para vecinos y turistas, quienes podr\u00e1n recorrer diversos stands de emprendedores locales [&hellip;]<\/p>\n","protected":false},"author":5,"featured_media":428603,"comment_status":"open","ping_status":"open","sticky":false,"template":"","format":"standard","meta":{"_stopmodifiedupdate":false,"_modified_date":"","inline_featured_image":false,"spay_email":"","jetpack_publicize_message":""},"categories":[514],"tags":[],"jetpack_featured_media_url":"https:\/\/notinor.com\/jujuy\/wp-content\/uploads\/2025\/06\/EMPRENDE.jpg","jetpack_publicize_connections":[],"_links":{"self":[{"href":"https:\/\/notinor.com\/jujuy\/wp-json\/wp\/v2\/posts\/428602"}],"collection":[{"href":"https:\/\/notinor.com\/jujuy\/wp-json\/wp\/v2\/posts"}],"about":[{"href":"https:\/\/notinor.com\/jujuy\/wp-json\/wp\/v2\/types\/post"}],"author":[{"embeddable":true,"href":"https:\/\/notinor.com\/jujuy\/wp-json\/wp\/v2\/users\/5"}],"replies":[{"embeddable":true,"href":"https:\/\/notinor.com\/jujuy\/wp-json\/wp\/v2\/comments?post=428602"}],"version-history":[{"count":1,"href":"https:\/\/notinor.com\/jujuy\/wp-json\/wp\/v2\/posts\/428602\/revisions"}],"predecessor-version":[{"id":428604,"href":"https:\/\/notinor.com\/jujuy\/wp-json\/wp\/v2\/posts\/428602\/revisions\/428604"}],"wp:featuredmedia":[{"embeddable":true,"href":"https:\/\/notinor.com\/jujuy\/wp-json\/wp\/v2\/media\/428603"}],"wp:attachment":[{"href":"https:\/\/notinor.com\/jujuy\/wp-json\/wp\/v2\/media?parent=428602"}],"wp:term":[{"taxonomy":"category","embeddable":true,"href":"https:\/\/notinor.com\/jujuy\/wp-json\/wp\/v2\/categories?post=428602"},{"taxonomy":"post_tag","embeddable":true,"href":"https:\/\/notinor.com\/jujuy\/wp-json\/wp\/v2\/tags?post=428602"}],"curies":[{"name":"wp","href":"https:\/\/api.w.org\/{rel}","templated":true}]}}