{"id":428569,"date":"2025-06-11T00:47:13","date_gmt":"2025-06-11T03:47:13","guid":{"rendered":"https:\/\/notinor.com\/jujuy\/?p=428569"},"modified":"2025-06-11T00:47:14","modified_gmt":"2025-06-11T03:47:14","slug":"chile-hizo-otro-papelon-y-quedo-nuevamente-afuera-del-mundial","status":"publish","type":"post","link":"https:\/\/notinor.com\/jujuy\/chile-hizo-otro-papelon-y-quedo-nuevamente-afuera-del-mundial\/","title":{"rendered":"Chile hizo otro papel\u00f3n y qued\u00f3 nuevamente afuera del Mundial"},"content":{"rendered":"\n<p class=\"has-medium-font-size\"><strong><em>Bolivia se impuso por 2-0, gracias a los goles de Miguel Terceros y Enzo Monteiro, y dej\u00f3 a la Roja sin chances de repechaje para la pr\u00f3xima Copa del Mundo. Tras la derrota, Ricardo Gareca dej\u00f3 de ser el DT del elenco trasandino.<\/em><\/strong><\/p>\n\n\n\n<p><\/p>\n\n\n<div class=\"wp-block-image\">\n<figure class=\"aligncenter size-full\"><img decoding=\"async\" loading=\"lazy\" width=\"800\" height=\"450\" src=\"https:\/\/notinor.com\/jujuy\/wp-content\/uploads\/2025\/06\/bolivia-chile.jpg\" alt=\"\" class=\"wp-image-428570\" srcset=\"https:\/\/notinor.com\/jujuy\/wp-content\/uploads\/2025\/06\/bolivia-chile.jpg 800w, https:\/\/notinor.com\/jujuy\/wp-content\/uploads\/2025\/06\/bolivia-chile-649x365.jpg 649w, https:\/\/notinor.com\/jujuy\/wp-content\/uploads\/2025\/06\/bolivia-chile-500x280.jpg 500w, https:\/\/notinor.com\/jujuy\/wp-content\/uploads\/2025\/06\/bolivia-chile-768x432.jpg 768w, https:\/\/notinor.com\/jujuy\/wp-content\/uploads\/2025\/06\/bolivia-chile-750x422.jpg 750w\" sizes=\"(max-width: 800px) 100vw, 800px\" \/><\/figure><\/div>\n\n\n<p><\/p>\n\n\n\n<p>Chile no jugar\u00e1 el Mundial 2026. El conjunto que se qued\u00f3 sin el DT argentino Ricardo Gareca perdi\u00f3 por 1-0 ante Bolivia en el Alto, producto de los goles de Miguel Terceros (5 minutos) y Enzo Monteiro (90), sigue \u00faltimo en las Eliminatorias Sudamericanas con 10 unidades y ya no tiene chances de ingresar al repechaje.<\/p>\n\n\n\n<p>La Verde lleg\u00f3 a los 17 puntos, uno por debajo de Venezuela, que est\u00e1 s\u00e9ptimo y ocupa el \u00fanico puesto de repechaje.<\/p>\n","protected":false},"excerpt":{"rendered":"<p>Bolivia se impuso por 2-0, gracias a los goles de Miguel Terceros y Enzo Monteiro, y dej\u00f3 a la Roja sin chances de repechaje para la pr\u00f3xima Copa del Mundo. Tras la derrota, Ricardo Gareca dej\u00f3 de ser el DT del elenco trasandino. Chile no jugar\u00e1 el Mundial 2026. El conjunto que se qued\u00f3 sin [&hellip;]<\/p>\n","protected":false},"author":49,"featured_media":428570,"comment_status":"open","ping_status":"open","sticky":false,"template":"","format":"standard","meta":{"_stopmodifiedupdate":false,"_modified_date":"","inline_featured_image":false,"spay_email":"","jetpack_publicize_message":""},"categories":[7],"tags":[],"jetpack_featured_media_url":"https:\/\/notinor.com\/jujuy\/wp-content\/uploads\/2025\/06\/bolivia-chile.jpg","jetpack_publicize_connections":[],"_links":{"self":[{"href":"https:\/\/notinor.com\/jujuy\/wp-json\/wp\/v2\/posts\/428569"}],"collection":[{"href":"https:\/\/notinor.com\/jujuy\/wp-json\/wp\/v2\/posts"}],"about":[{"href":"https:\/\/notinor.com\/jujuy\/wp-json\/wp\/v2\/types\/post"}],"author":[{"embeddable":true,"href":"https:\/\/notinor.com\/jujuy\/wp-json\/wp\/v2\/users\/49"}],"replies":[{"embeddable":true,"href":"https:\/\/notinor.com\/jujuy\/wp-json\/wp\/v2\/comments?post=428569"}],"version-history":[{"count":1,"href":"https:\/\/notinor.com\/jujuy\/wp-json\/wp\/v2\/posts\/428569\/revisions"}],"predecessor-version":[{"id":428571,"href":"https:\/\/notinor.com\/jujuy\/wp-json\/wp\/v2\/posts\/428569\/revisions\/428571"}],"wp:featuredmedia":[{"embeddable":true,"href":"https:\/\/notinor.com\/jujuy\/wp-json\/wp\/v2\/media\/428570"}],"wp:attachment":[{"href":"https:\/\/notinor.com\/jujuy\/wp-json\/wp\/v2\/media?parent=428569"}],"wp:term":[{"taxonomy":"category","embeddable":true,"href":"https:\/\/notinor.com\/jujuy\/wp-json\/wp\/v2\/categories?post=428569"},{"taxonomy":"post_tag","embeddable":true,"href":"https:\/\/notinor.com\/jujuy\/wp-json\/wp\/v2\/tags?post=428569"}],"curies":[{"name":"wp","href":"https:\/\/api.w.org\/{rel}","templated":true}]}}