{"id":428368,"date":"2025-06-05T12:40:55","date_gmt":"2025-06-05T15:40:55","guid":{"rendered":"https:\/\/notinor.com\/jujuy\/?p=428368"},"modified":"2025-06-05T12:40:57","modified_gmt":"2025-06-05T15:40:57","slug":"el-gobierno-salio-al-cruce-de-los-gremios-por-el-paro-en-salud-una-extorsion-politica-disfrazada-de-reclamo","status":"publish","type":"post","link":"https:\/\/notinor.com\/jujuy\/el-gobierno-salio-al-cruce-de-los-gremios-por-el-paro-en-salud-una-extorsion-politica-disfrazada-de-reclamo\/","title":{"rendered":"El Gobierno sali\u00f3 al cruce de los gremios por el paro en Salud: \u201cUna extorsi\u00f3n pol\u00edtica disfrazada de reclamo\u201d"},"content":{"rendered":"\n<p class=\"has-medium-font-size\"><strong><em>Desde el ministerio encabezado por Mario Lugones cuestionaron a los sindicatos por no acatar la conciliaci\u00f3n obligatoria. Fue luego del fracaso del encuentro entre las partes, en pleno conflicto salarial en el Hospital Garrahan.<\/em><\/strong><\/p>\n\n\n<div class=\"wp-block-image\">\n<figure class=\"aligncenter\"><img decoding=\"async\" src=\"https:\/\/tn.com.ar\/resizer\/v2\/el-ministerio-de-salud-encabezado-por-mario-lugones-critico-el-paro-de-los-trabajadores-del-sector-foto-x-minsaludar-KRNXYS5LERGIRC32EISQJZFTKY.jpg?auth=5fd4c3f00f9df7194fc6896fa008f0498c78a2af07d93f611d0951ed4b7f4c16&amp;width=767\" alt=\"El Ministerio de Salud encabezado por Mario Lugones critic\u00f3 el paro de los trabajadores del sector. (Foto: X @MinSalud_Ar)\"\/><figcaption class=\"wp-element-caption\">El Ministerio de Salud encabezado por Mario Lugones critic\u00f3 el paro de los trabajadores del sector.<\/figcaption><\/figure><\/div>\n\n\n<p>Desde el Gobierno salieron al cruce del paro de los <strong>sindicatos en Salud<\/strong>, luego del fracaso de la reuni\u00f3n del mi\u00e9rcoles por el conflicto salarial en el <strong>Hospital Garrahan.<\/strong>\u00a0El Ministerio de Salud difundi\u00f3 un comunicado en el que cuestion\u00f3 a los gremios por<strong>\u00a0no acatar<\/strong>\u00a0la conciliaci\u00f3n obligatoria: \u201cEsto no es una medida gremial,\u00a0<strong>es una extorsi\u00f3n pol\u00edtica disfrazada de reclamo<\/strong>\u201d.<\/p>\n\n\n\n<p>Seg\u00fan los sindicatos, en el encuentro convocado por el Gobierno por el conflicto en hospital pedi\u00e1trico de referencia no hubo ning\u00fan funcionario. El secretario general de ATE,&nbsp;<strong>Rodolfo Aguiar,<\/strong>&nbsp;tild\u00f3 de \u201ccirco y verg\u00fcenza\u201d a la audiencia, dijo en su cuenta de&nbsp;<em>X<\/em>&nbsp;que desde el Ejecutivo \u201cenviaron a \u201ccuatro perejiles\u201d y que el encuentro no tuvo \u201cvalidez\u201d. Adem\u00e1s anunci\u00f3&nbsp;<strong>medidas de fuerza<\/strong>&nbsp;en todos los hospitales, desde la medianoche.<\/p>\n\n\n\n<p>En respuesta, desde el Ministerio de Salud publicaron un duro comunicado contra la medida de los sindicatos: \u201cLos hospitales nacionales expresamos nuestro&nbsp;<strong>absoluto repudio<\/strong>&nbsp;al accionar del gremio ATE, que se&nbsp;<strong>niega&nbsp;<\/strong>a acatar la conciliaci\u00f3n obligatoria dictada por la Secretar\u00eda de Trabajo de la Naci\u00f3n, y contin\u00faa impulsando medidas que implican el abandono de pacientes en instituciones sanitarias p\u00fablicas\u201d.<\/p>\n\n\n\n<p>El Ministerio encabezado por Lugones critic\u00f3: \u201cEsta conducta es&nbsp;<strong>grave y deliberada.&nbsp;<\/strong>El derecho a la salud de los argentinos no puede ser reh\u00e9n de intereses pol\u00edticos y gremiales. Negarse a asistir a los pacientes y deso\u00edr las instancias legales de negociaci\u00f3n atenta contra toda norma \u00e9tica, sanitaria y jur\u00eddica. Esto no es una medida gremial: es una extorsi\u00f3n pol\u00edtica disfrazada de reclamo\u201d.<\/p>\n\n\n\n<p>Desde Salud destacaron: \u201cMientras tanto, el Gobierno Nacional avanza en un proceso de ordenamiento, eficiencia y recuperaci\u00f3n de la misi\u00f3n sanitaria real en todos los hospitales. Cada peso recuperado del&nbsp;<strong>despilfarro&nbsp;<\/strong>y de los<strong>&nbsp;privilegios,<\/strong>&nbsp;se destina al personal de salud que cumple, al equipamiento y al cuidado de los pacientes\u201d.<\/p>\n\n\n\n<p><strong>El Gobierno redobl\u00f3 las cr\u00edticas contra los gremios por el paro en salud: \u201cNo hay excusas\u201d<\/strong><\/p>\n\n\n\n<p>El Gobierno redobl\u00f3 las cr\u00edticas contra los gremios por el paro en salud: \u201cNo hay excusas.&nbsp;<strong>No tienen derecho<\/strong>&nbsp;a incumplir una obligaci\u00f3n. Los trabajadores de la salud que eligen no asistir a sus funciones est\u00e1n violando obligaciones b\u00e1sicas que afectan directamente a personas vulnerables y ponen en riesgo la continuidad asistencial\u201d.<\/p>\n\n\n\n<p>En el comunicaron plantearon que \u201clos hospitales nacionales no son campos de<strong>&nbsp;batalla gremial\u201d,&nbsp;<\/strong>sino \u201clugares de atenci\u00f3n, vocaci\u00f3n y compromiso\u201d. Dijeron que impedir\u00e1n \u201cque unos pocos sigan perjudicando el funcionamiento de todo el sistema por defender intereses propios\u201d.<\/p>\n","protected":false},"excerpt":{"rendered":"<p>Desde el ministerio encabezado por Mario Lugones cuestionaron a los sindicatos por no acatar la conciliaci\u00f3n obligatoria. Fue luego del fracaso del encuentro entre las partes, en pleno conflicto salarial en el Hospital Garrahan. Desde el Gobierno salieron al cruce del paro de los sindicatos en Salud, luego del fracaso de la reuni\u00f3n del mi\u00e9rcoles [&hellip;]<\/p>\n","protected":false},"author":5,"featured_media":428369,"comment_status":"open","ping_status":"open","sticky":false,"template":"","format":"standard","meta":{"_stopmodifiedupdate":false,"_modified_date":"","inline_featured_image":false,"spay_email":"","jetpack_publicize_message":""},"categories":[5],"tags":[],"jetpack_featured_media_url":"https:\/\/notinor.com\/jujuy\/wp-content\/uploads\/2025\/06\/ATE.jpg","jetpack_publicize_connections":[],"_links":{"self":[{"href":"https:\/\/notinor.com\/jujuy\/wp-json\/wp\/v2\/posts\/428368"}],"collection":[{"href":"https:\/\/notinor.com\/jujuy\/wp-json\/wp\/v2\/posts"}],"about":[{"href":"https:\/\/notinor.com\/jujuy\/wp-json\/wp\/v2\/types\/post"}],"author":[{"embeddable":true,"href":"https:\/\/notinor.com\/jujuy\/wp-json\/wp\/v2\/users\/5"}],"replies":[{"embeddable":true,"href":"https:\/\/notinor.com\/jujuy\/wp-json\/wp\/v2\/comments?post=428368"}],"version-history":[{"count":1,"href":"https:\/\/notinor.com\/jujuy\/wp-json\/wp\/v2\/posts\/428368\/revisions"}],"predecessor-version":[{"id":428370,"href":"https:\/\/notinor.com\/jujuy\/wp-json\/wp\/v2\/posts\/428368\/revisions\/428370"}],"wp:featuredmedia":[{"embeddable":true,"href":"https:\/\/notinor.com\/jujuy\/wp-json\/wp\/v2\/media\/428369"}],"wp:attachment":[{"href":"https:\/\/notinor.com\/jujuy\/wp-json\/wp\/v2\/media?parent=428368"}],"wp:term":[{"taxonomy":"category","embeddable":true,"href":"https:\/\/notinor.com\/jujuy\/wp-json\/wp\/v2\/categories?post=428368"},{"taxonomy":"post_tag","embeddable":true,"href":"https:\/\/notinor.com\/jujuy\/wp-json\/wp\/v2\/tags?post=428368"}],"curies":[{"name":"wp","href":"https:\/\/api.w.org\/{rel}","templated":true}]}}