{"id":428360,"date":"2025-06-05T11:16:34","date_gmt":"2025-06-05T14:16:34","guid":{"rendered":"https:\/\/notinor.com\/jujuy\/?p=428360"},"modified":"2025-06-05T11:16:36","modified_gmt":"2025-06-05T14:16:36","slug":"javier-milei-comienza-una-nueva-gira-internacional-se-vera-con-el-papa-leon-xiv-y-profundizara-su-relacion-con-israel","status":"publish","type":"post","link":"https:\/\/notinor.com\/jujuy\/javier-milei-comienza-una-nueva-gira-internacional-se-vera-con-el-papa-leon-xiv-y-profundizara-su-relacion-con-israel\/","title":{"rendered":"Javier Milei comienza una nueva gira internacional: se ver\u00e1 con el Papa Le\u00f3n XIV y profundizar\u00e1 su relaci\u00f3n con Israel"},"content":{"rendered":"\n<p class=\"has-medium-font-size\"><strong><em>El Presidente parte hoy. Tambi\u00e9n tendr\u00e1 un encuentro con Giorgia Meloni e inaugurar\u00e1 el vuelo directo entre Buenos Aires y Tel Aviv.<\/em><\/strong><\/p>\n\n\n<div class=\"wp-block-image\">\n<figure class=\"aligncenter size-large\"><img decoding=\"async\" loading=\"lazy\" width=\"611\" height=\"480\" src=\"https:\/\/notinor.com\/jujuy\/wp-content\/uploads\/2025\/05\/MILEI-5-611x480.jpg\" alt=\"\" class=\"wp-image-427939\" srcset=\"https:\/\/notinor.com\/jujuy\/wp-content\/uploads\/2025\/05\/MILEI-5-611x480.jpg 611w, https:\/\/notinor.com\/jujuy\/wp-content\/uploads\/2025\/05\/MILEI-5-465x365.jpg 465w, https:\/\/notinor.com\/jujuy\/wp-content\/uploads\/2025\/05\/MILEI-5.jpg 750w\" sizes=\"(max-width: 611px) 100vw, 611px\" \/><figcaption class=\"wp-element-caption\">Javier Milei en su \u00faltima visita al Muro de los Lamentos<\/figcaption><\/figure><\/div>\n\n\n<p><strong>Javier Milei<\/strong>&nbsp;emprender\u00e1 este jueves su sexta gira internacional en lo que va de 2025 en una traves\u00eda que lo llevar\u00e1 por<strong>&nbsp;Espa\u00f1a, Italia, Francia e Israel<\/strong>. Ser\u00e1, a la postre, el primer mandatario latinoamericano en ser recibido por el&nbsp;<strong>Papa Le\u00f3n XIV<\/strong>&nbsp;y aprovechar\u00e1 su estad\u00eda en Roma para compartir una cena con la premier italiana&nbsp;<strong>Giorgia Meloni<\/strong>.<\/p>\n\n\n\n<p>El Presidente y una reducida comitiva, que la integran&nbsp;<strong>Karina Milei,<\/strong>&nbsp;el canciller&nbsp;<strong>Gerardo Werthein<\/strong>, el vocero&nbsp;<strong>Manuel Adorni<\/strong>&nbsp;y la ministra de Capital Humano,&nbsp;<strong>Sandra Pettovello,&nbsp;<\/strong>abordar\u00e1n el avi\u00f3n ARG-01 este jueves a las 10 con destino a la ciudad de Roma.<\/p>\n\n\n\n<p>A las 14.30 de este viernes, el mandatario asistir\u00e1 a la firma del Memor\u00e1ndum de entendimiento entre YPF y la petrolera ENI para vigorizar la producci\u00f3n en Vaca Muerta y otros yacimientos de Argentina. Luego Milei tendr\u00e1 una \"comida privada\" con la presidente del Consejo de Ministros de Italia, Meloni.<\/p>\n\n\n\n<p>El s\u00e1bado 7 el jefe de Estado arribar\u00e1 al Vaticano y mantendr\u00e1 una audiencia privada con el flamante Pont\u00edfice. Le\u00f3n XIV lo recibir\u00e1 como el primer representante de la regi\u00f3n y, al mismo tiempo, presidente del pa\u00eds del que era oriundo uno de sus mentores, el fallecido<strong>&nbsp;Papa Francisco.<\/strong><\/p>\n\n\n\n<p>Por la tarde, la comitiva oficial abordar\u00e1 nuevamente el avi\u00f3n presidencial para viajar hasta Madrid. El domingo, a las 14.30 participar\u00e1 del Cierre del Madrid Economic Forum,<strong> un evento econ\u00f3mico privado y auspiciado por una empresa cripto que critic\u00f3 el rol del mandatario en el esc\u00e1ndalo $LIBRA<\/strong>.<\/p>\n\n\n\n<p>Por la noche la comitiva presidencial partir\u00e1 con destino a la ciudad francesa de Niza. El lunes 9 de junio, de este modo, el Presidente se encontrar\u00e1 con su par franc\u00e9s&nbsp;<strong>Emmanuel Macron&nbsp;<\/strong>en esa ciudad costera.<\/p>\n\n\n\n<p><strong>Por la tarde Milei y sus acompa\u00f1antes volver\u00e1n a subir al avi\u00f3n presidencial para continuar su gira por Israel.<\/strong>&nbsp;El martes 10 tendr\u00e1 una nutrida agenda: por la ma\u00f1ana se entrevistar\u00e1 con su par<strong>&nbsp;Isaac Herzog<\/strong>&nbsp;y ambos dar\u00e1n una declaraci\u00f3n conjunta a la prensa. M\u00e1s tarde mantendr\u00e1 una audiencia con el premier israel\u00ed&nbsp;<strong>Benjamin Netanyahu y<\/strong>&nbsp;terminado ese encuentro, habr\u00e1 una reuni\u00f3n ampliada. Aprovechar\u00e1 esa jornada para visitar el Muro de los Lamentos, donde en febrero de 2024 no pudo evitar emocionarse en el marco de su primera gira al pa\u00eds hebreo.<\/p>\n\n\n\n<p>El mi\u00e9rcoles 11, en tanto, el Presidente tendr\u00e1 una agenda agitada, que incluir\u00e1 una visita al Santo Sepulcro, un encuentro con familiares de los secuestrados por Hamas y el descubrimiento a un monolito en homenaje a las v\u00edctimas de ese atentado. M\u00e1s tarde visitar\u00e1 la Legislatura del Estado de Israel,<strong>&nbsp;en la que dar\u00e1 un discurso y ser\u00e1 galardonado con la entrega de la medalla oficial por el Premio Nobel Jud\u00edo.<\/strong><\/p>\n\n\n\n<p>El jueves 12, en tanto, disertar\u00e1 en la Universidad Hebrea de Jerusal\u00e9n y luego encabezar\u00e1 el anuncio de apertura del vuelo directo Buenos Aires - Tel Aviv. Por la tarde,&nbsp;<strong>nuevamente abordar\u00e1 el ARG-01 con destino a Madrid. En esa capital recibir\u00e1 el viernes 13 el reconocimiento \"Escuela de Salamanca\".&nbsp;<\/strong>Al otro d\u00eda mantendr\u00e1 una reuni\u00f3n en la embajada argentina con empresarios espa\u00f1oles y luego emprender\u00e1 el regreso a Buenos Aires, donde se estima su arribo a las 23.<\/p>\n\n\n\n<p>Durante su primer a\u00f1o de gesti\u00f3n, el mandatario realiz\u00f3 m\u00e1s de 20 viajes internacionales que tuvieron como destinos principales a Estados Unidos y pa\u00edses de Europa. En el informe de gesti\u00f3n del jefe de gabinete,&nbsp;<strong>Guillermo Francos<\/strong>, se dio cuenta de los lugares visitados, los motivos de los traslados -muchas veces para ser orador en encuentros de grupos conservadores o para recibir premios-&nbsp;<strong>pero en todos los casos se catalog\u00f3 a las traves\u00edas \"como oficiales.\"<\/strong><\/p>\n","protected":false},"excerpt":{"rendered":"<p>El Presidente parte hoy. Tambi\u00e9n tendr\u00e1 un encuentro con Giorgia Meloni e inaugurar\u00e1 el vuelo directo entre Buenos Aires y Tel Aviv. Javier Milei&nbsp;emprender\u00e1 este jueves su sexta gira internacional en lo que va de 2025 en una traves\u00eda que lo llevar\u00e1 por&nbsp;Espa\u00f1a, Italia, Francia e Israel. Ser\u00e1, a la postre, el primer mandatario latinoamericano [&hellip;]<\/p>\n","protected":false},"author":5,"featured_media":427939,"comment_status":"open","ping_status":"open","sticky":false,"template":"","format":"standard","meta":{"_stopmodifiedupdate":false,"_modified_date":"","inline_featured_image":false,"spay_email":"","jetpack_publicize_message":""},"categories":[501],"tags":[],"jetpack_featured_media_url":"https:\/\/notinor.com\/jujuy\/wp-content\/uploads\/2025\/05\/MILEI-5.jpg","jetpack_publicize_connections":[],"_links":{"self":[{"href":"https:\/\/notinor.com\/jujuy\/wp-json\/wp\/v2\/posts\/428360"}],"collection":[{"href":"https:\/\/notinor.com\/jujuy\/wp-json\/wp\/v2\/posts"}],"about":[{"href":"https:\/\/notinor.com\/jujuy\/wp-json\/wp\/v2\/types\/post"}],"author":[{"embeddable":true,"href":"https:\/\/notinor.com\/jujuy\/wp-json\/wp\/v2\/users\/5"}],"replies":[{"embeddable":true,"href":"https:\/\/notinor.com\/jujuy\/wp-json\/wp\/v2\/comments?post=428360"}],"version-history":[{"count":1,"href":"https:\/\/notinor.com\/jujuy\/wp-json\/wp\/v2\/posts\/428360\/revisions"}],"predecessor-version":[{"id":428361,"href":"https:\/\/notinor.com\/jujuy\/wp-json\/wp\/v2\/posts\/428360\/revisions\/428361"}],"wp:featuredmedia":[{"embeddable":true,"href":"https:\/\/notinor.com\/jujuy\/wp-json\/wp\/v2\/media\/427939"}],"wp:attachment":[{"href":"https:\/\/notinor.com\/jujuy\/wp-json\/wp\/v2\/media?parent=428360"}],"wp:term":[{"taxonomy":"category","embeddable":true,"href":"https:\/\/notinor.com\/jujuy\/wp-json\/wp\/v2\/categories?post=428360"},{"taxonomy":"post_tag","embeddable":true,"href":"https:\/\/notinor.com\/jujuy\/wp-json\/wp\/v2\/tags?post=428360"}],"curies":[{"name":"wp","href":"https:\/\/api.w.org\/{rel}","templated":true}]}}