{"id":428113,"date":"2025-05-30T11:16:34","date_gmt":"2025-05-30T14:16:34","guid":{"rendered":"https:\/\/notinor.com\/jujuy\/?p=428113"},"modified":"2025-05-30T11:16:35","modified_gmt":"2025-05-30T14:16:35","slug":"sadir-participo-en-la-conmemoracion-de-los-215-anos-del-ejercito-argentino","status":"publish","type":"post","link":"https:\/\/notinor.com\/jujuy\/sadir-participo-en-la-conmemoracion-de-los-215-anos-del-ejercito-argentino\/","title":{"rendered":"Sadir particip\u00f3 en la conmemoraci\u00f3n de los 215 a\u00f1os del Ej\u00e9rcito Argentino"},"content":{"rendered":"\n<p class=\"has-medium-font-size\"><em><strong>En conmemoraci\u00f3n a un nuevo aniversario de la creaci\u00f3n del Ej\u00e9rcito Argentino, se llev\u00f3 a cabo el acto central con la presencia del gobernador de la Provincia, Carlos<\/strong> <\/em><strong><em>Sadir, quien ponder\u00f3 \u201cel trabajo en cooperaci\u00f3n\u201d para \u201cresponder a necesidades de los juje\u00f1os<\/em>\u201d<\/strong>.<\/p>\n\n\n\n<figure class=\"wp-block-image\"><img decoding=\"async\" src=\"https:\/\/media.prensa.jujuy.gob.ar\/p\/c8ad4d40a51f0544eebf5e7808a04c66\/adjuntos\/301\/imagenes\/000\/411\/0000411668\/1200x0\/smart\/ejercitojpeg.jpeg\" alt=\"Sadir particip\u00f3 en la conmemoraci\u00f3n de los 215 a\u00f1os del Ej\u00e9rcito Argentino\" title=\"Sadir particip\u00f3 en la conmemoraci\u00f3n de los 215 a\u00f1os del Ej\u00e9rcito Argentino\"\/><\/figure>\n\n\n\n<p><a href=\"https:\/\/media.prensa.jujuy.gob.ar\/p\/c8ad4d40a51f0544eebf5e7808a04c66\/adjuntos\/301\/imagenes\/000\/411\/0000411668\/1200x0\/smart\/ejercitojpeg.jpeg\"><\/a><\/p>\n\n\n\n<p><a href=\"https:\/\/media.prensa.jujuy.gob.ar\/p\/c8ad4d40a51f0544eebf5e7808a04c66\/adjuntos\/301\/imagenes\/000\/411\/0000411668\/1200x0\/smart\/ejercitojpeg.jpeg\"><\/a><\/p>\n\n\n<div class=\"wp-block-image\">\n<figure class=\"aligncenter\"><img decoding=\"async\" src=\"https:\/\/media.prensa.jujuy.gob.ar\/p\/d000243929eae6c5740fc3afcd00b05b\/adjuntos\/301\/imagenes\/000\/411\/0000411667\/1200x0\/smart\/ejercito1jpeg.jpeg\" alt=\"Sadir particip\u00f3 en la conmemoraci\u00f3n de los 215 a\u00f1os del Ej\u00e9rcito Argentino\" title=\"Sadir particip\u00f3 en la conmemoraci\u00f3n de los 215 a\u00f1os del Ej\u00e9rcito Argentino\"\/><figcaption class=\"wp-element-caption\">El Gobernado Carlos Sadir y Juan Manuel Pulleiro, fueron recibidos por el coronel Javier Juli\u00e1n Rojo<\/figcaption><\/figure><\/div>\n\n<div class=\"wp-block-image\">\n<figure class=\"aligncenter\"><img decoding=\"async\" src=\"https:\/\/media.prensa.jujuy.gob.ar\/p\/8ad6b96246af50874d49363ca756aa1f\/adjuntos\/301\/imagenes\/000\/411\/0000411666\/1200x0\/smart\/ejercito2jpeg.jpeg\" alt=\"Sadir particip\u00f3 en la conmemoraci\u00f3n de los 215 a\u00f1os del Ej\u00e9rcito Argentino\" title=\"Sadir particip\u00f3 en la conmemoraci\u00f3n de los 215 a\u00f1os del Ej\u00e9rcito Argentino\"\/><\/figure><\/div>\n\n\n<p><a href=\"https:\/\/media.prensa.jujuy.gob.ar\/p\/8ad6b96246af50874d49363ca756aa1f\/adjuntos\/301\/imagenes\/000\/411\/0000411666\/1200x0\/smart\/ejercito2jpeg.jpeg\"><\/a><\/p>\n\n\n<div class=\"wp-block-image\">\n<figure class=\"aligncenter\"><img decoding=\"async\" src=\"https:\/\/media.prensa.jujuy.gob.ar\/p\/9f45cb6bbe7fea2049bb54facd79207e\/adjuntos\/301\/imagenes\/000\/411\/0000411665\/1200x0\/smart\/ejercito3jpeg.jpeg\" alt=\"Sadir particip\u00f3 en la conmemoraci\u00f3n de los 215 a\u00f1os del Ej\u00e9rcito Argentino\" title=\"Sadir particip\u00f3 en la conmemoraci\u00f3n de los 215 a\u00f1os del Ej\u00e9rcito Argentino\"\/><\/figure><\/div>\n\n\n<p>En el predio deportivo del Regimiento de Infanter\u00eda de Monta\u00f1a 20 \u201cCazadores de los Andes\u201d, Sadir y el secretario de Seguridad, Juan Manuel Pulleiro, fueron recibidos por el coronel Javier Juli\u00e1n Rojo, jefe de la Guarnici\u00f3n Ej\u00e9rcito Jujuy.<\/p>\n\n\n\n<p>Durante el acto oficial se entonaron las estrofas del Himno Nacional Argentino, ejecutadas por la banda militar \u201c\u00c9xodo Juje\u00f1o\u201d.<\/p>\n\n\n\n<p>Luego tuvo lugar una invocaci\u00f3n religiosa a cargo del capell\u00e1n Carlos Alfaro.<\/p>\n\n\n\n<p>Con un minuto de silencio, se rindi\u00f3 homenaje a los ca\u00eddos en cumplimiento del deber y se dio lectura al mensaje del jefe del Estado Mayor del Ej\u00e9rcito Argentino, teniente general Carlos Alberto Presti.&nbsp;<\/p>\n\n\n\n<p>Al finalizar el acto protocolar, se realiz\u00f3 el tradicional desfile cuadros operativos, veteranos y retirados, al que se sum\u00f3 Sadir.&nbsp;<\/p>\n\n\n\n<p>En este contexto, el mandatario expres\u00f3 que \u201ces un gusto venir y recordar mi paso por el Ej\u00e9rcito y como sostiene el dicho, una vez soldado, siempre soldado\u201d.&nbsp;<\/p>\n\n\n\n<p>Hizo menci\u00f3n a su experiencia en el Grupo de Artiller\u00eda Monta\u00f1a 5, se\u00f1alando que \u201cuno siempre recuerda los momentos vividos, los desfiles, la cuadra donde se dorm\u00eda, todo lo que es el patio de armas\u201d. \u201cLa verdad que muy lindo recuerdo\u201d, acot\u00f3.&nbsp;<\/p>\n\n\n\n<p>Por su parte, Rojo se\u00f1al\u00f3 que \u201cen Jujuy tenemos muchos soldados que con honor dejaron su vida por la Patria, no solamente aqu\u00ed, sino tambi\u00e9n en Malvinas\u201d.&nbsp;<\/p>\n\n\n\n<p>\u201cEs un orgullo comandar en este momento y en hoy tuvimos la ocasi\u00f3n especial que el gobernador desfile, porque fue soldado\u201d, destac\u00f3 y puntualiz\u00f3 que \u201cfue un lindo momento, ya que desfil\u00f3 con los retirados, veteranos y soldados del Ej\u00e9rcito\u201d.<\/p>\n","protected":false},"excerpt":{"rendered":"<p>En conmemoraci\u00f3n a un nuevo aniversario de la creaci\u00f3n del Ej\u00e9rcito Argentino, se llev\u00f3 a cabo el acto central con la presencia del gobernador de la Provincia, Carlos Sadir, quien ponder\u00f3 \u201cel trabajo en cooperaci\u00f3n\u201d para \u201cresponder a necesidades de los juje\u00f1os\u201d. En el predio deportivo del Regimiento de Infanter\u00eda de Monta\u00f1a 20 \u201cCazadores de [&hellip;]<\/p>\n","protected":false},"author":5,"featured_media":428114,"comment_status":"open","ping_status":"open","sticky":false,"template":"","format":"standard","meta":{"_stopmodifiedupdate":false,"_modified_date":"","inline_featured_image":false,"spay_email":"","jetpack_publicize_message":""},"categories":[2],"tags":[],"jetpack_featured_media_url":"https:\/\/notinor.com\/jujuy\/wp-content\/uploads\/2025\/05\/ANIVERSARIO-12.jpg","jetpack_publicize_connections":[],"_links":{"self":[{"href":"https:\/\/notinor.com\/jujuy\/wp-json\/wp\/v2\/posts\/428113"}],"collection":[{"href":"https:\/\/notinor.com\/jujuy\/wp-json\/wp\/v2\/posts"}],"about":[{"href":"https:\/\/notinor.com\/jujuy\/wp-json\/wp\/v2\/types\/post"}],"author":[{"embeddable":true,"href":"https:\/\/notinor.com\/jujuy\/wp-json\/wp\/v2\/users\/5"}],"replies":[{"embeddable":true,"href":"https:\/\/notinor.com\/jujuy\/wp-json\/wp\/v2\/comments?post=428113"}],"version-history":[{"count":1,"href":"https:\/\/notinor.com\/jujuy\/wp-json\/wp\/v2\/posts\/428113\/revisions"}],"predecessor-version":[{"id":428115,"href":"https:\/\/notinor.com\/jujuy\/wp-json\/wp\/v2\/posts\/428113\/revisions\/428115"}],"wp:featuredmedia":[{"embeddable":true,"href":"https:\/\/notinor.com\/jujuy\/wp-json\/wp\/v2\/media\/428114"}],"wp:attachment":[{"href":"https:\/\/notinor.com\/jujuy\/wp-json\/wp\/v2\/media?parent=428113"}],"wp:term":[{"taxonomy":"category","embeddable":true,"href":"https:\/\/notinor.com\/jujuy\/wp-json\/wp\/v2\/categories?post=428113"},{"taxonomy":"post_tag","embeddable":true,"href":"https:\/\/notinor.com\/jujuy\/wp-json\/wp\/v2\/tags?post=428113"}],"curies":[{"name":"wp","href":"https:\/\/api.w.org\/{rel}","templated":true}]}}