{"id":428110,"date":"2025-05-29T22:44:00","date_gmt":"2025-05-30T01:44:00","guid":{"rendered":"https:\/\/notinor.com\/jujuy\/?p=428110"},"modified":"2025-05-29T10:44:05","modified_gmt":"2025-05-29T10:44:05","slug":"contingente-de-adultos-disfruto-de-un-paseo-saludable-en-el-tren-solar-de-la-quebrada","status":"publish","type":"post","link":"https:\/\/notinor.com\/jujuy\/contingente-de-adultos-disfruto-de-un-paseo-saludable-en-el-tren-solar-de-la-quebrada\/","title":{"rendered":"Contingente de adultos disfrut\u00f3 de un paseo saludable en el Tren Solar de la Quebrada"},"content":{"rendered":"\n<p class=\"has-medium-font-size\"><strong><em>En el marco de actividades de promoci\u00f3n del bienestar integral, el programa Estaci\u00f3n Saludable del municipio de la ciudad, organiz\u00f3 un paseo en el Tren Solar de la Quebrada junto a un contingente de 57 personas, con el objetivo de fomentar el esparcimiento, la vida activa y los paseos saludables como herramientas fundamentales para una mejor calidad de vida.<\/em><\/strong><\/p>\n\n\n<div class=\"wp-block-image\">\n<figure class=\"aligncenter\"><img decoding=\"async\" src=\"https:\/\/www.sansalvadordejujuy.gob.ar\/wp-content\/uploads\/2025\/05\/viaje-tren-2.jpg\" alt=\"\" class=\"wp-image-87825\"\/><\/figure><\/div>\n\n\n<p>Con m\u00e1s detalles sobre el viaje, Sergio Armata, coordinador de H\u00e1bitos Saludable del programa, coment\u00f3 \u201cla jornada de paseo incluy\u00f3 no s\u00f3lo el recorrido en el moderno tren ecol\u00f3gico, que conecta puntos emblem\u00e1ticos de la Quebrada juje\u00f1a, sino tambi\u00e9n vivir una experiencia inolvidable cargada de emociones, aprendizajes, conexi\u00f3n con nuestra tierra y sobre todo fomentar el v\u00ednculo entre compa\u00f1eros\u201d.<\/p>\n\n\n<div class=\"wp-block-image\">\n<figure class=\"aligncenter\"><img decoding=\"async\" src=\"https:\/\/www.sansalvadordejujuy.gob.ar\/wp-content\/uploads\/2025\/05\/viaje-3-1024x667.jpg\" alt=\"\" class=\"wp-image-87826\"\/><\/figure><\/div>\n\n\n<p>Puntualiz\u00f3 adem\u00e1s \u201ces el tercer contingente de personas, alumnos de Estaci\u00f3n Saludable que disfrutaron del viaje totalmente gratis a trav\u00e9s del trabajo articulado del Gobierno de Jujuy y el programa Estaci\u00f3n Saludable de la Secretar\u00eda de Desarrollo Humano del municipio capitalino\u201d.<\/p>\n\n\n<div class=\"wp-block-image\">\n<figure class=\"aligncenter\"><img decoding=\"async\" src=\"https:\/\/www.sansalvadordejujuy.gob.ar\/wp-content\/uploads\/2025\/05\/viaje-1.jpg\" alt=\"\" class=\"wp-image-87829\"\/><\/figure><\/div>\n\n\n<p>Para los alumnos -a\u00f1adi\u00f3 el profesor Armata- \u201csignific\u00f3 m\u00e1s que un paseo, ya que fue una gran oportunidad de aprender desde la vivencia, descubrir paisajes que solo pueden apreciarse al andar lentamente ya que se realiz\u00f3 momentos de caminatas, contacto con la naturaleza, recreaci\u00f3n y socializaci\u00f3n, es decir valorar detalles que muchas veces se pierden al viajar por ruta\u201d.<\/p>\n","protected":false},"excerpt":{"rendered":"<p>En el marco de actividades de promoci\u00f3n del bienestar integral, el programa Estaci\u00f3n Saludable del municipio de la ciudad, organiz\u00f3 un paseo en el Tren Solar de la Quebrada junto a un contingente de 57 personas, con el objetivo de fomentar el esparcimiento, la vida activa y los paseos saludables como herramientas fundamentales para una [&hellip;]<\/p>\n","protected":false},"author":5,"featured_media":428111,"comment_status":"open","ping_status":"open","sticky":false,"template":"","format":"standard","meta":{"_stopmodifiedupdate":false,"_modified_date":"","inline_featured_image":false,"spay_email":"","jetpack_publicize_message":""},"categories":[13],"tags":[],"jetpack_featured_media_url":"https:\/\/notinor.com\/jujuy\/wp-content\/uploads\/2025\/05\/ESTACION-1.jpg","jetpack_publicize_connections":[],"_links":{"self":[{"href":"https:\/\/notinor.com\/jujuy\/wp-json\/wp\/v2\/posts\/428110"}],"collection":[{"href":"https:\/\/notinor.com\/jujuy\/wp-json\/wp\/v2\/posts"}],"about":[{"href":"https:\/\/notinor.com\/jujuy\/wp-json\/wp\/v2\/types\/post"}],"author":[{"embeddable":true,"href":"https:\/\/notinor.com\/jujuy\/wp-json\/wp\/v2\/users\/5"}],"replies":[{"embeddable":true,"href":"https:\/\/notinor.com\/jujuy\/wp-json\/wp\/v2\/comments?post=428110"}],"version-history":[{"count":1,"href":"https:\/\/notinor.com\/jujuy\/wp-json\/wp\/v2\/posts\/428110\/revisions"}],"predecessor-version":[{"id":428112,"href":"https:\/\/notinor.com\/jujuy\/wp-json\/wp\/v2\/posts\/428110\/revisions\/428112"}],"wp:featuredmedia":[{"embeddable":true,"href":"https:\/\/notinor.com\/jujuy\/wp-json\/wp\/v2\/media\/428111"}],"wp:attachment":[{"href":"https:\/\/notinor.com\/jujuy\/wp-json\/wp\/v2\/media?parent=428110"}],"wp:term":[{"taxonomy":"category","embeddable":true,"href":"https:\/\/notinor.com\/jujuy\/wp-json\/wp\/v2\/categories?post=428110"},{"taxonomy":"post_tag","embeddable":true,"href":"https:\/\/notinor.com\/jujuy\/wp-json\/wp\/v2\/tags?post=428110"}],"curies":[{"name":"wp","href":"https:\/\/api.w.org\/{rel}","templated":true}]}}