{"id":428102,"date":"2025-05-29T22:23:00","date_gmt":"2025-05-30T01:23:00","guid":{"rendered":"https:\/\/notinor.com\/jujuy\/?p=428102"},"modified":"2025-05-29T10:23:41","modified_gmt":"2025-05-29T10:23:41","slug":"jornada-gratuita-de-primeros-auxilios-abierta-a-la-comunidad","status":"publish","type":"post","link":"https:\/\/notinor.com\/jujuy\/jornada-gratuita-de-primeros-auxilios-abierta-a-la-comunidad\/","title":{"rendered":"Jornada Gratuita de Primeros Auxilios Abierta a la Comunidad"},"content":{"rendered":"\n<p class=\"has-medium-font-size\"><strong><em>La Municipalidad de San Salvador de Jujuy, a trav\u00e9s de la Secretar\u00eda de Desarrollo Humano, invita a la comunidad a participar de una capacitaci\u00f3n gratuita en primeros auxilios, destinada a vecinos y vecinas interesados en adquirir conocimientos b\u00e1sicos para actuar ante situaciones de emergencia.<\/em><\/strong><\/p>\n\n\n\n<figure class=\"wp-block-image\"><img decoding=\"async\" src=\"https:\/\/www.sansalvadordejujuy.gob.ar\/wp-content\/uploads\/2025\/05\/FLYER-CPV.jpg\" alt=\"\" class=\"wp-image-87965\"\/><\/figure>\n\n\n\n<p>La jornada se realizar\u00e1 el viernes 30 de mayo, de 15 a 18 horas, en el Centro de Participaci\u00f3n Vecinal (CPV) del barrio Chijra, ubicado en la esquina de Llamas y Los Manantiales.<\/p>\n\n\n\n<p>El encuentro estar\u00e1 a cargo del instructor \u00c1ngel Guerrero y contar\u00e1 con la coordinaci\u00f3n general de la Lic. Laura M. Zamora, representante de la Cruz Roja Argentina.<\/p>\n\n\n\n<p><strong>Requisitos para participar:<\/strong><\/p>\n\n\n\n<ul>\n<li>Presentar una copia del Documento Nacional de Identidad (DNI).<\/li>\n\n\n\n<li>Inscribirse previamente en la administraci\u00f3n del CPV, disponible todos los d\u00edas en el horario de 8:00 a 22:00.<\/li>\n<\/ul>\n\n\n\n<p>Al finalizar la jornada, los participantes recibir\u00e1n una certificaci\u00f3n oficial de participaci\u00f3n, emitida por la Cruz Roja Argentina.<\/p>\n","protected":false},"excerpt":{"rendered":"<p>La Municipalidad de San Salvador de Jujuy, a trav\u00e9s de la Secretar\u00eda de Desarrollo Humano, invita a la comunidad a participar de una capacitaci\u00f3n gratuita en primeros auxilios, destinada a vecinos y vecinas interesados en adquirir conocimientos b\u00e1sicos para actuar ante situaciones de emergencia. La jornada se realizar\u00e1 el viernes 30 de mayo, de 15 [&hellip;]<\/p>\n","protected":false},"author":5,"featured_media":0,"comment_status":"open","ping_status":"open","sticky":false,"template":"","format":"standard","meta":{"_stopmodifiedupdate":false,"_modified_date":"","inline_featured_image":false,"spay_email":"","jetpack_publicize_message":""},"categories":[828],"tags":[],"jetpack_featured_media_url":"","jetpack_publicize_connections":[],"_links":{"self":[{"href":"https:\/\/notinor.com\/jujuy\/wp-json\/wp\/v2\/posts\/428102"}],"collection":[{"href":"https:\/\/notinor.com\/jujuy\/wp-json\/wp\/v2\/posts"}],"about":[{"href":"https:\/\/notinor.com\/jujuy\/wp-json\/wp\/v2\/types\/post"}],"author":[{"embeddable":true,"href":"https:\/\/notinor.com\/jujuy\/wp-json\/wp\/v2\/users\/5"}],"replies":[{"embeddable":true,"href":"https:\/\/notinor.com\/jujuy\/wp-json\/wp\/v2\/comments?post=428102"}],"version-history":[{"count":1,"href":"https:\/\/notinor.com\/jujuy\/wp-json\/wp\/v2\/posts\/428102\/revisions"}],"predecessor-version":[{"id":428106,"href":"https:\/\/notinor.com\/jujuy\/wp-json\/wp\/v2\/posts\/428102\/revisions\/428106"}],"wp:attachment":[{"href":"https:\/\/notinor.com\/jujuy\/wp-json\/wp\/v2\/media?parent=428102"}],"wp:term":[{"taxonomy":"category","embeddable":true,"href":"https:\/\/notinor.com\/jujuy\/wp-json\/wp\/v2\/categories?post=428102"},{"taxonomy":"post_tag","embeddable":true,"href":"https:\/\/notinor.com\/jujuy\/wp-json\/wp\/v2\/tags?post=428102"}],"curies":[{"name":"wp","href":"https:\/\/api.w.org\/{rel}","templated":true}]}}