{"id":428079,"date":"2025-05-29T23:45:00","date_gmt":"2025-05-30T02:45:00","guid":{"rendered":"https:\/\/notinor.com\/jujuy\/?p=428079"},"modified":"2025-05-29T23:45:00","modified_gmt":"2025-05-29T23:45:00","slug":"racing-le-gano-a-fortaleza-con-un-gol-agonico-de-maravilla-y-se-aseguro-el-primer-puesto-del-grupo-e-en-la-copa-libertadores","status":"publish","type":"post","link":"https:\/\/notinor.com\/jujuy\/racing-le-gano-a-fortaleza-con-un-gol-agonico-de-maravilla-y-se-aseguro-el-primer-puesto-del-grupo-e-en-la-copa-libertadores\/","title":{"rendered":"Racing le gan\u00f3 a Fortaleza con un gol ag\u00f3nico de Maravilla y se asegur\u00f3 el primer puesto del Grupo E en la Copa Libertadores"},"content":{"rendered":"\n<p class=\"has-medium-font-size\"><strong><em>La Academia se qued\u00f3 con la victoria por 1-0 ante el Tricolor de Vojvoda con el tanto del delantero en la \u00faltima jugada del encuentro, para quedar como uno de los mejores punteros del campeonato.<\/em><\/strong><\/p>\n\n\n\n<p><\/p>\n\n\n<div class=\"wp-block-image\">\n<figure class=\"aligncenter size-full\"><img decoding=\"async\" loading=\"lazy\" width=\"800\" height=\"450\" src=\"https:\/\/notinor.com\/jujuy\/wp-content\/uploads\/2025\/05\/racing.jpg\" alt=\"\" class=\"wp-image-428080\" srcset=\"https:\/\/notinor.com\/jujuy\/wp-content\/uploads\/2025\/05\/racing.jpg 800w, https:\/\/notinor.com\/jujuy\/wp-content\/uploads\/2025\/05\/racing-649x365.jpg 649w, https:\/\/notinor.com\/jujuy\/wp-content\/uploads\/2025\/05\/racing-500x280.jpg 500w, https:\/\/notinor.com\/jujuy\/wp-content\/uploads\/2025\/05\/racing-768x432.jpg 768w, https:\/\/notinor.com\/jujuy\/wp-content\/uploads\/2025\/05\/racing-750x422.jpg 750w\" sizes=\"(max-width: 800px) 100vw, 800px\" \/><\/figure><\/div>\n\n\n<p><\/p>\n\n\n\n<p>No alcanzan los adjetivos. Todos quedar\u00edan cortos. Habr\u00e1 que resumirlo en una sola palabra. En su marca registrada. Maravilla. No s\u00f3lo su tonelada de goles lo hace maravilloso. Tambi\u00e9n las formas y contextos. Este jueves lo demostr\u00f3 una vez m\u00e1s. El partido se mor\u00eda. Racing hab\u00eda jugado mal ante Fortaleza y, casi sin patear al arco, apenas se conformaba con un 0-0 que lo dejaba primero pero lejos de los mejores de la Copa. Pero en la \u00faltima, en el cuarto minuto adicionado, Adri\u00e1n Mart\u00ednez pele\u00f3 y choc\u00f3 por \u00faltima vez. Fren\u00f3 el pelotazo con su cabeza, se acomod\u00f3 en el aire y sac\u00f3 una pirueta para rematar junto a un palo. Triunfo. Golazo. Locura. \u00c9xtasis. Con el mejor goleador del continente, todo es posible.<\/p>\n\n\n\n<p>Los tres puntos para el equipo de Costas, m\u00e1s all\u00e1 de ya estar clasificado, eran importantes. Lo posicionaba como el tercer mejor primero (s\u00f3lo por detr\u00e1s de Palmeiras y Sao Paulo). Este era el gran objetivo de la Academia, porque el premio era tener m\u00e1s chances de cerrar como local a partir de cuartos de final. Enfrentaba estaba un Fortaleza que con el punto se met\u00eda sin importar lo que le pasaba a Bucaramanga (termin\u00f3 perdiendo) y con el triunfo lo sacaba a Racing del primer puesto. Pero esto nunca le interes\u00f3 al equipo de Vojvoda. Llegaron a Avellaneda con la misi\u00f3n de empatar y estuvieron a un Maravilla de conseguirlo.<\/p>\n\n\n\n<p>Desde muy temprano en la fr\u00eda noche de Avellaneda, qued\u00f3 claro cu\u00e1nto iba a extra\u00f1ar el equipo de Costas a todo su poder\u00edo en ataque. Salvo Maravilla Mart\u00ednez, los costados del ataque fueron ocupados por la tercera l\u00ednea. Sin Solari ni Vietto (lesionados) y con Salas semi recuperado en el banco, el pibe Degregorio y Toto Fern\u00e1ndez fueron de inicio. A Racing le falt\u00f3 poder de fuego hasta el \u00faltimo instante. En los primeros 45 apenas amag\u00f3 de arranque y luego se qued\u00f3. No hab\u00eda explosi\u00f3n por las bandas, a pesar de que la m\u00e1s clara del PT fue un zurdazo del propio Degregorio que desde el borde del \u00e1rea chica le sali\u00f3 al cuerpo de Ricardo, el 1 de la visita.<\/p>\n\n\n\n<p>Es sabido que el equipo de Costas es uno de individualidades. Ya desde el a\u00f1o pasado que no se destaca por avanzar tocando con juego corto asociado. Letal en el mano a mano de sus delanteros titulares, no los tuvo y Fortaleza le hizo m\u00e1s fuerza de lo que se pod\u00eda esperar en la previa.<\/p>\n\n\n\n<p>Pero lo gan\u00f3 a su modo. Apostando todo al 9 y con un pelotazo. Sin juego ni ideas, el partido pudo haber durado tres minutos. Los finales. De un remate al travesa\u00f1o de Martirena casi llega el gol de Prior y de ah\u00ed el golazo de Maravilla Mart\u00ednez. La Academia se va de vacaciones con el golazo del 9 en las retinas y con la ilusi\u00f3n de pelear la Copa Libertadores. Con sus goles, todo es posible...<\/p>\n","protected":false},"excerpt":{"rendered":"<p>La Academia se qued\u00f3 con la victoria por 1-0 ante el Tricolor de Vojvoda con el tanto del delantero en la \u00faltima jugada del encuentro, para quedar como uno de los mejores punteros del campeonato. No alcanzan los adjetivos. Todos quedar\u00edan cortos. Habr\u00e1 que resumirlo en una sola palabra. En su marca registrada. Maravilla. No [&hellip;]<\/p>\n","protected":false},"author":49,"featured_media":428080,"comment_status":"open","ping_status":"open","sticky":false,"template":"","format":"standard","meta":{"_stopmodifiedupdate":false,"_modified_date":"","inline_featured_image":false,"spay_email":"","jetpack_publicize_message":""},"categories":[7],"tags":[],"jetpack_featured_media_url":"https:\/\/notinor.com\/jujuy\/wp-content\/uploads\/2025\/05\/racing.jpg","jetpack_publicize_connections":[],"_links":{"self":[{"href":"https:\/\/notinor.com\/jujuy\/wp-json\/wp\/v2\/posts\/428079"}],"collection":[{"href":"https:\/\/notinor.com\/jujuy\/wp-json\/wp\/v2\/posts"}],"about":[{"href":"https:\/\/notinor.com\/jujuy\/wp-json\/wp\/v2\/types\/post"}],"author":[{"embeddable":true,"href":"https:\/\/notinor.com\/jujuy\/wp-json\/wp\/v2\/users\/49"}],"replies":[{"embeddable":true,"href":"https:\/\/notinor.com\/jujuy\/wp-json\/wp\/v2\/comments?post=428079"}],"version-history":[{"count":1,"href":"https:\/\/notinor.com\/jujuy\/wp-json\/wp\/v2\/posts\/428079\/revisions"}],"predecessor-version":[{"id":428081,"href":"https:\/\/notinor.com\/jujuy\/wp-json\/wp\/v2\/posts\/428079\/revisions\/428081"}],"wp:featuredmedia":[{"embeddable":true,"href":"https:\/\/notinor.com\/jujuy\/wp-json\/wp\/v2\/media\/428080"}],"wp:attachment":[{"href":"https:\/\/notinor.com\/jujuy\/wp-json\/wp\/v2\/media?parent=428079"}],"wp:term":[{"taxonomy":"category","embeddable":true,"href":"https:\/\/notinor.com\/jujuy\/wp-json\/wp\/v2\/categories?post=428079"},{"taxonomy":"post_tag","embeddable":true,"href":"https:\/\/notinor.com\/jujuy\/wp-json\/wp\/v2\/tags?post=428079"}],"curies":[{"name":"wp","href":"https:\/\/api.w.org\/{rel}","templated":true}]}}