{"id":428073,"date":"2025-05-29T23:15:28","date_gmt":"2025-05-30T02:15:28","guid":{"rendered":"https:\/\/notinor.com\/jujuy\/?p=428073"},"modified":"2025-05-29T23:15:30","modified_gmt":"2025-05-30T02:15:30","slug":"el-gobierno-anuncio-la-implementacion-de-un-servicio-militar-voluntario-para-jovenes-de-18-a-28-anos","status":"publish","type":"post","link":"https:\/\/notinor.com\/jujuy\/el-gobierno-anuncio-la-implementacion-de-un-servicio-militar-voluntario-para-jovenes-de-18-a-28-anos\/","title":{"rendered":"El Gobierno anunci\u00f3 la implementaci\u00f3n de un Servicio Militar Voluntario para j\u00f3venes de 18 a 28 a\u00f1os"},"content":{"rendered":"\n<p class=\"has-medium-font-size\"><strong><em>\u201cEl objetivo es inculcar en los j\u00f3venes argentinos los altos valores que siempre caracterizaron a las fuerzas armadas: esfuerzo, valor, disciplina y amor por nuestra Naci\u00f3n\u201d, plante\u00f3 el vocero presidencial, Manuel Adorni.<\/em><\/strong><\/p>\n\n\n\n<p><\/p>\n\n\n<div class=\"wp-block-image\">\n<figure class=\"aligncenter size-full\"><img decoding=\"async\" loading=\"lazy\" width=\"800\" height=\"450\" src=\"https:\/\/notinor.com\/jujuy\/wp-content\/uploads\/2025\/05\/Servicio-Militar-Voluntario.jpg\" alt=\"\" class=\"wp-image-428074\" srcset=\"https:\/\/notinor.com\/jujuy\/wp-content\/uploads\/2025\/05\/Servicio-Militar-Voluntario.jpg 800w, https:\/\/notinor.com\/jujuy\/wp-content\/uploads\/2025\/05\/Servicio-Militar-Voluntario-649x365.jpg 649w, https:\/\/notinor.com\/jujuy\/wp-content\/uploads\/2025\/05\/Servicio-Militar-Voluntario-500x280.jpg 500w, https:\/\/notinor.com\/jujuy\/wp-content\/uploads\/2025\/05\/Servicio-Militar-Voluntario-768x432.jpg 768w, https:\/\/notinor.com\/jujuy\/wp-content\/uploads\/2025\/05\/Servicio-Militar-Voluntario-750x422.jpg 750w\" sizes=\"(max-width: 800px) 100vw, 800px\" \/><\/figure><\/div>\n\n\n<p><\/p>\n\n\n\n<p><strong>El gobierno nacional, a trav\u00e9s del vocero presidencial, Manuel Adorni, anunci\u00f3 hoy la ampliaci\u00f3n del Servicio Militar Voluntario, coordinado por los ministerios de Defensa y Capital Humano, con el objetivo de \u201cinculcar en los j\u00f3venes argentinos los altos valores que siempre caracterizaron a las fuerzas armadas: esfuerzo, valor\u201d.<\/strong><\/p>\n\n\n\n<p>En su habitual conferencia de prensa, el funcionario detall\u00f3 que este programa estar\u00e1 destinado a j\u00f3venes de entre 18 y 28 a\u00f1os, que se podr\u00e1n formar en oficios como \u201ccocinas, talleres mec\u00e1nicos, o tareas de vigilancia, que los podr\u00e1n ayudar a desenvolverse en el futuro\u201d.<\/p>\n\n\n\n<p>A su vez, Adorni detall\u00f3: <strong>\u201cCon el objetivo de fortalecer la respuesta ante emergencia, se incrementaron las semanas de instrucci\u00f3n militar inicial y se ampli\u00f3 la formaci\u00f3n en tareas de emergencia y respuesta ante cat\u00e1strofes como inundaciones o incendios\u201d.<\/strong><\/p>\n\n\n\n<p><strong>A principios de este a\u00f1o, los ministros Luis Petri y Sandra Pettovello hab\u00edan anunciado un plan de para \u201cmejorar el Servicio Militar Voluntario, incorporando un enfoque integral y moderno\u201d.<\/strong> En aquel momento, se destac\u00f3 la necesidad de combinar la educaci\u00f3n y la capacitaci\u00f3n con las funciones t\u00e1cticas, t\u00e9cnicas y log\u00edsticas que ya realizan los soldados.<\/p>\n\n\n\n<p><strong>Actualmente, este programa est\u00e1 disponible para j\u00f3venes argentinos de entre 18 y 24 a\u00f1os, una opci\u00f3n que permite a los interesados contribuir a la defensa nacional a trav\u00e9s de actividades en las Fuerzas Armadas, que incluyen tareas administrativas y de mantenimiento en unidades y bases.<\/strong><\/p>\n\n\n\n<p>Es m\u00e1s, el Ministerio de Defensa ofrece un apartado en su sitio web dedicado a la \u201cIncorporaci\u00f3n de Soldados Voluntarios\u201d, donde se ofrecen los siguientes beneficios: \u201ccapacitaci\u00f3n, educaci\u00f3n e instrucci\u00f3n para desempe\u00f1arse dentro del sistema de defensa nacional; trabajo en relaci\u00f3n de dependencia con firma compromiso de servicio\u201d.<\/p>\n\n\n\n<p>Tambi\u00e9n:<strong> \u201cSueldo mensual, aguinaldo y aportes jubilatorios transferibles al finalizar su permanencia; asistencia sanitaria y afiliaci\u00f3n a la obra social mientras presta servicio; adquisici\u00f3n de experiencia laboral, capacitaci\u00f3n y disciplina de trabajo, para desempe\u00f1arse en la vida civil a su baja; desarrollo de contactos personales en un clima de camarader\u00eda y respeto\u201d.<\/strong><\/p>\n\n\n\n<p>Adorni, por otro lado, anunci\u00f3 que el gobierno de Javier Milei lanzar\u00e1 una serie de licitaciones nacionales e internacionales para obras con financiamiento privado por m\u00e1s de USD 6.600 millones para mejorar la red de transporte el\u00e9ctrico en varios puntos de la Argentina y mitigar los cortes de luz, tal como hab\u00eda anticipado Infobae en marzo.<\/p>\n\n\n\n<p><strong>El recupero de las inversiones por parte de las empresas ser\u00e1 trasladado a las boletas de los usuarios que se beneficien de cada proyecto, pero una vez que se pongan en funcionamiento y no durante la construcci\u00f3n, seg\u00fan supo este medio.<\/strong><\/p>\n\n\n\n<p>El Ministro de Econom\u00eda, Luis Caputo, firmar\u00e1 una resoluci\u00f3n que establecer\u00e1 cu\u00e1les ser\u00e1n las obras prioritarias, anticip\u00f3 este jueves el vocero presidencial Manuel Adorni durante una conferencia de prensa. El objetivo es mitigar los cuellos de botella del sistema y mejorar la capacidad del Sistema Argentino de Interconexi\u00f3n (SADI).<\/p>\n\n\n\n<p><strong>En total, el plan contempla 15 obras distribuidas a lo largo del territorio nacional. Las iniciativas abarcan la construcci\u00f3n y ampliaci\u00f3n de estaciones transformadoras en 500 kilovatios y la incorporaci\u00f3n de m\u00e1s de 5.600 kil\u00f3metros de l\u00edneas el\u00e9ctricas, lo que representa un aumento del 38% en comparaci\u00f3n con la red existente.<\/strong><\/p>\n\n\n\n<p>Seg\u00fan explic\u00f3 Adorni, estas obras buscar\u00e1n mejorar el servicio, reducir la cantidad de cortes de luz y facilitar nuevas inversiones. <strong>\u201cEs imprescindible en un pa\u00eds preso de distorsiones que gener\u00f3 el populismo energ\u00e9tico en las \u00faltimas d\u00e9cadas\u201d,<\/strong> expres\u00f3.<\/p>\n\n\n\n<p>El vocero tambi\u00e9n brind\u00f3 un diagn\u00f3stico sobre el estado actual del sistema de transmisi\u00f3n el\u00e9ctrica. <strong>En los \u00faltimos seis a\u00f1os, s\u00f3lo se ejecut\u00f3 el 38% de las obras necesarias, lo que gener\u00f3 que el 35% de las instalaciones se encuentre en el final de su vida \u00fatil.<\/strong><\/p>\n","protected":false},"excerpt":{"rendered":"<p>\u201cEl objetivo es inculcar en los j\u00f3venes argentinos los altos valores que siempre caracterizaron a las fuerzas armadas: esfuerzo, valor, disciplina y amor por nuestra Naci\u00f3n\u201d, plante\u00f3 el vocero presidencial, Manuel Adorni. El gobierno nacional, a trav\u00e9s del vocero presidencial, Manuel Adorni, anunci\u00f3 hoy la ampliaci\u00f3n del Servicio Militar Voluntario, coordinado por los ministerios de [&hellip;]<\/p>\n","protected":false},"author":49,"featured_media":428074,"comment_status":"open","ping_status":"open","sticky":false,"template":"","format":"standard","meta":{"_stopmodifiedupdate":false,"_modified_date":"","inline_featured_image":false,"spay_email":"","jetpack_publicize_message":""},"categories":[5,501],"tags":[],"jetpack_featured_media_url":"https:\/\/notinor.com\/jujuy\/wp-content\/uploads\/2025\/05\/Servicio-Militar-Voluntario.jpg","jetpack_publicize_connections":[],"_links":{"self":[{"href":"https:\/\/notinor.com\/jujuy\/wp-json\/wp\/v2\/posts\/428073"}],"collection":[{"href":"https:\/\/notinor.com\/jujuy\/wp-json\/wp\/v2\/posts"}],"about":[{"href":"https:\/\/notinor.com\/jujuy\/wp-json\/wp\/v2\/types\/post"}],"author":[{"embeddable":true,"href":"https:\/\/notinor.com\/jujuy\/wp-json\/wp\/v2\/users\/49"}],"replies":[{"embeddable":true,"href":"https:\/\/notinor.com\/jujuy\/wp-json\/wp\/v2\/comments?post=428073"}],"version-history":[{"count":1,"href":"https:\/\/notinor.com\/jujuy\/wp-json\/wp\/v2\/posts\/428073\/revisions"}],"predecessor-version":[{"id":428075,"href":"https:\/\/notinor.com\/jujuy\/wp-json\/wp\/v2\/posts\/428073\/revisions\/428075"}],"wp:featuredmedia":[{"embeddable":true,"href":"https:\/\/notinor.com\/jujuy\/wp-json\/wp\/v2\/media\/428074"}],"wp:attachment":[{"href":"https:\/\/notinor.com\/jujuy\/wp-json\/wp\/v2\/media?parent=428073"}],"wp:term":[{"taxonomy":"category","embeddable":true,"href":"https:\/\/notinor.com\/jujuy\/wp-json\/wp\/v2\/categories?post=428073"},{"taxonomy":"post_tag","embeddable":true,"href":"https:\/\/notinor.com\/jujuy\/wp-json\/wp\/v2\/tags?post=428073"}],"curies":[{"name":"wp","href":"https:\/\/api.w.org\/{rel}","templated":true}]}}