{"id":427932,"date":"2025-05-26T22:37:00","date_gmt":"2025-05-27T01:37:00","guid":{"rendered":"https:\/\/notinor.com\/jujuy\/?p=427932"},"modified":"2025-05-26T10:37:57","modified_gmt":"2025-05-26T10:37:57","slug":"mas-deporte-caminando-con-los-sentidos-propone-una-jornada-de-trekking-y-educacion-ambiental-para-todos","status":"publish","type":"post","link":"https:\/\/notinor.com\/jujuy\/mas-deporte-caminando-con-los-sentidos-propone-una-jornada-de-trekking-y-educacion-ambiental-para-todos\/","title":{"rendered":"+ M\u00c1S DEPORTE: \u201cCaminando con los sentidos\u201d propone una jornada de trekking y educaci\u00f3n ambiental para todos"},"content":{"rendered":"\n<p class=\"has-medium-font-size\"><strong><em>La Secretar\u00eda de Desarrollo Humano, a trav\u00e9s de la Coordinaci\u00f3n de Inclusi\u00f3n de la Municipalidad de San Salvador de Jujuy, invita a toda la comunidad a participar de la actividad \u201cCaminando con los sentidos\u201d, una propuesta gratuita que combina trekking y educaci\u00f3n ambiental en un entorno natural accesible para todo p\u00fablico.<\/em><\/strong><\/p>\n\n\n<div class=\"wp-block-image\">\n<figure class=\"aligncenter size-full\"><img decoding=\"async\" loading=\"lazy\" width=\"520\" height=\"479\" src=\"https:\/\/notinor.com\/jujuy\/wp-content\/uploads\/2025\/05\/MAS-DEPORTE.jpg\" alt=\"\" class=\"wp-image-427933\" srcset=\"https:\/\/notinor.com\/jujuy\/wp-content\/uploads\/2025\/05\/MAS-DEPORTE.jpg 520w, https:\/\/notinor.com\/jujuy\/wp-content\/uploads\/2025\/05\/MAS-DEPORTE-396x365.jpg 396w\" sizes=\"(max-width: 520px) 100vw, 520px\" \/><\/figure><\/div>\n\n\n<p>El encuentro tendr\u00e1 lugar el s\u00e1bado 31 de mayo a las 9:00 hs, con punto de partida en la estaci\u00f3n de servicio de Villa Jard\u00edn de Reyes (frente a la rotonda). La iniciativa busca fomentar el deporte al aire libre, la inclusi\u00f3n y la concientizaci\u00f3n sobre el cuidado del ambiente.<\/p>\n\n\n\n<p>Con el lema \u201c+ M\u00c1S DEPORTE\u201d, la actividad contar\u00e1 con cupos limitados, por lo que se recomienda realizar la inscripci\u00f3n previa a trav\u00e9s del n\u00famero de WhatsApp 3885628276. Adem\u00e1s del recorrido en contacto con la naturaleza, se invita a los participantes a llevar comida para compartir.<\/p>\n\n\n\n<p>La propuesta est\u00e1 pensada para personas de todas las edades y capacidades, y se destaca por su enfoque inclusivo, representado en las ilustraciones promocionales que reflejan diversidad e integraci\u00f3n.<\/p>\n","protected":false},"excerpt":{"rendered":"<p>La Secretar\u00eda de Desarrollo Humano, a trav\u00e9s de la Coordinaci\u00f3n de Inclusi\u00f3n de la Municipalidad de San Salvador de Jujuy, invita a toda la comunidad a participar de la actividad \u201cCaminando con los sentidos\u201d, una propuesta gratuita que combina trekking y educaci\u00f3n ambiental en un entorno natural accesible para todo p\u00fablico. El encuentro tendr\u00e1 lugar [&hellip;]<\/p>\n","protected":false},"author":5,"featured_media":427933,"comment_status":"open","ping_status":"open","sticky":false,"template":"","format":"standard","meta":{"_stopmodifiedupdate":false,"_modified_date":"","inline_featured_image":false,"spay_email":"","jetpack_publicize_message":""},"categories":[13],"tags":[],"jetpack_featured_media_url":"https:\/\/notinor.com\/jujuy\/wp-content\/uploads\/2025\/05\/MAS-DEPORTE.jpg","jetpack_publicize_connections":[],"_links":{"self":[{"href":"https:\/\/notinor.com\/jujuy\/wp-json\/wp\/v2\/posts\/427932"}],"collection":[{"href":"https:\/\/notinor.com\/jujuy\/wp-json\/wp\/v2\/posts"}],"about":[{"href":"https:\/\/notinor.com\/jujuy\/wp-json\/wp\/v2\/types\/post"}],"author":[{"embeddable":true,"href":"https:\/\/notinor.com\/jujuy\/wp-json\/wp\/v2\/users\/5"}],"replies":[{"embeddable":true,"href":"https:\/\/notinor.com\/jujuy\/wp-json\/wp\/v2\/comments?post=427932"}],"version-history":[{"count":1,"href":"https:\/\/notinor.com\/jujuy\/wp-json\/wp\/v2\/posts\/427932\/revisions"}],"predecessor-version":[{"id":427934,"href":"https:\/\/notinor.com\/jujuy\/wp-json\/wp\/v2\/posts\/427932\/revisions\/427934"}],"wp:featuredmedia":[{"embeddable":true,"href":"https:\/\/notinor.com\/jujuy\/wp-json\/wp\/v2\/media\/427933"}],"wp:attachment":[{"href":"https:\/\/notinor.com\/jujuy\/wp-json\/wp\/v2\/media?parent=427932"}],"wp:term":[{"taxonomy":"category","embeddable":true,"href":"https:\/\/notinor.com\/jujuy\/wp-json\/wp\/v2\/categories?post=427932"},{"taxonomy":"post_tag","embeddable":true,"href":"https:\/\/notinor.com\/jujuy\/wp-json\/wp\/v2\/tags?post=427932"}],"curies":[{"name":"wp","href":"https:\/\/api.w.org\/{rel}","templated":true}]}}