{"id":427928,"date":"2025-05-26T22:09:00","date_gmt":"2025-05-27T01:09:00","guid":{"rendered":"https:\/\/notinor.com\/jujuy\/?p=427928"},"modified":"2025-05-27T10:29:53","modified_gmt":"2025-05-27T13:29:53","slug":"con-multiples-servicios-gratuitos-la-muni-junto-a-vos-visitara-a-vecinos-de-las-30-hectareas","status":"publish","type":"post","link":"https:\/\/notinor.com\/jujuy\/con-multiples-servicios-gratuitos-la-muni-junto-a-vos-visitara-a-vecinos-de-las-30-hectareas\/","title":{"rendered":"Con m\u00faltiples servicios gratuitos \u201cLa Muni Junto a Vos\u201d visitar\u00e1 a vecinos de las 30 hect\u00e1reas"},"content":{"rendered":"\n<p class=\"has-medium-font-size\"><strong><em>Una nueva jornada del programa \u201cLa Muni junto a vos\u201d, que lleva adelante el municipio de la ciudad recorriendo diferentes barrios, se realizar\u00e1 durante la jornada del d\u00eda mi\u00e9rcoles 28 de mayo en el sector Mza. Ap. 1, Lt. 1 \u201330 Hect\u00e1reas \u2013 (SUM \u2013 cancha ) del distrito Alto Comedero, acercando m\u00faltiples tr\u00e1mites, asesoramiento y servicios esenciales para la comunidad durante el horario de 9 a 12:30.<\/em><\/strong><\/p>\n\n\n\n<figure class=\"wp-block-image\"><img decoding=\"async\" src=\"https:\/\/www.sansalvadordejujuy.gob.ar\/wp-content\/uploads\/2025\/05\/muni-junto-a-vos-flyer-prensa-muni-jujuy-815x1024.jpg\" alt=\"\" class=\"wp-image-87774\"\/><\/figure>\n\n\n\n<p>Durante la jornada del mi\u00e9rcoles, los vecinos podr\u00e1n acceder a una amplia variedad de gestiones y servicios, tales como tr\u00e1mites del Registro Civil, consultas con la Defensor\u00eda del Pueblo y asesoramiento de la Unidad Digital del Ministerio de Seguridad. Tambi\u00e9n estar\u00e1 presente el enlace comunitario de la Direcci\u00f3n de Relaciones con la Comunidad, as\u00ed como los servicios de Seguridad Alimentaria y la SUSEPU.<\/p>\n\n\n\n<p>En cuanto a la atenci\u00f3n comunitaria, habr\u00e1 stand dedicados a la ni\u00f1ez, adolescencia y adultos mayores, as\u00ed como la difusi\u00f3n del trabajo del COPRETI en la lucha contra el trabajo infantil. Tambi\u00e9n se ofrecer\u00e1 asesoramiento en gestiones administrativas.<\/p>\n\n\n\n<p>En cuanto a la atenci\u00f3n en materia de salud, el operativo contar\u00e1 con atenci\u00f3n nutricional, electrocardiogramas y la presencia de \u201cEl Escuchadero\u201d, un dispositivo de escucha activa y contenci\u00f3n emocional. Adem\u00e1s, se brindar\u00e1 informaci\u00f3n sobre el Banco Ortop\u00e9dico Municipal, destinado a facilitar elementos de asistencia para personas con movilidad reducida.<\/p>\n\n\n\n<p>En este contexto, la Municipalidad a trav\u00e9s de sus diferentes \u00e1reas municipales, resalt\u00f3 que el operativo territorial est\u00e1 destinado a fortalecer el v\u00ednculo entre el Estado y la comunidad vecinal fortaleciendo la descentralizaci\u00f3n en cuanto a la promoci\u00f3n del acceso a servicios esenciales.<\/p>\n","protected":false},"excerpt":{"rendered":"<p>Una nueva jornada del programa \u201cLa Muni junto a vos\u201d, que lleva adelante el municipio de la ciudad recorriendo diferentes barrios, se realizar\u00e1 durante la jornada del d\u00eda mi\u00e9rcoles 28 de mayo en el sector Mza. Ap. 1, Lt. 1 \u201330 Hect\u00e1reas \u2013 (SUM \u2013 cancha ) del distrito Alto Comedero, acercando m\u00faltiples tr\u00e1mites, asesoramiento [&hellip;]<\/p>\n","protected":false},"author":5,"featured_media":426562,"comment_status":"open","ping_status":"open","sticky":false,"template":"","format":"standard","meta":{"_stopmodifiedupdate":false,"_modified_date":"","inline_featured_image":false,"spay_email":"","jetpack_publicize_message":""},"categories":[13],"tags":[],"jetpack_featured_media_url":"https:\/\/notinor.com\/jujuy\/wp-content\/uploads\/2025\/04\/muni-3.jpg","jetpack_publicize_connections":[],"_links":{"self":[{"href":"https:\/\/notinor.com\/jujuy\/wp-json\/wp\/v2\/posts\/427928"}],"collection":[{"href":"https:\/\/notinor.com\/jujuy\/wp-json\/wp\/v2\/posts"}],"about":[{"href":"https:\/\/notinor.com\/jujuy\/wp-json\/wp\/v2\/types\/post"}],"author":[{"embeddable":true,"href":"https:\/\/notinor.com\/jujuy\/wp-json\/wp\/v2\/users\/5"}],"replies":[{"embeddable":true,"href":"https:\/\/notinor.com\/jujuy\/wp-json\/wp\/v2\/comments?post=427928"}],"version-history":[{"count":2,"href":"https:\/\/notinor.com\/jujuy\/wp-json\/wp\/v2\/posts\/427928\/revisions"}],"predecessor-version":[{"id":427931,"href":"https:\/\/notinor.com\/jujuy\/wp-json\/wp\/v2\/posts\/427928\/revisions\/427931"}],"wp:featuredmedia":[{"embeddable":true,"href":"https:\/\/notinor.com\/jujuy\/wp-json\/wp\/v2\/media\/426562"}],"wp:attachment":[{"href":"https:\/\/notinor.com\/jujuy\/wp-json\/wp\/v2\/media?parent=427928"}],"wp:term":[{"taxonomy":"category","embeddable":true,"href":"https:\/\/notinor.com\/jujuy\/wp-json\/wp\/v2\/categories?post=427928"},{"taxonomy":"post_tag","embeddable":true,"href":"https:\/\/notinor.com\/jujuy\/wp-json\/wp\/v2\/tags?post=427928"}],"curies":[{"name":"wp","href":"https:\/\/api.w.org\/{rel}","templated":true}]}}