{"id":427925,"date":"2025-05-26T21:54:00","date_gmt":"2025-05-27T00:54:00","guid":{"rendered":"https:\/\/notinor.com\/jujuy\/?p=427925"},"modified":"2025-05-26T09:54:43","modified_gmt":"2025-05-26T09:54:43","slug":"el-intendente-chuli-jorge-acompano-el-lanzamiento-en-jujuy-del-programa-vivamos-de-fundae","status":"publish","type":"post","link":"https:\/\/notinor.com\/jujuy\/el-intendente-chuli-jorge-acompano-el-lanzamiento-en-jujuy-del-programa-vivamos-de-fundae\/","title":{"rendered":"El intendente \u201cChuli\u201d Jorge acompa\u00f1\u00f3 el lanzamiento en Jujuy del programa \u201cVivamos\u201d de FUNDAE"},"content":{"rendered":"\n<p class=\"has-medium-font-size\"><strong><em>El intendente de la Municipalidad de San Salvador de Jujuy, Ra\u00fal \u201cChuli\u201d Jorge, celebr\u00f3 el lanzamiento en la provincia del programa \u201cVivamos\u201d, que es promovido por la Fundaci\u00f3n para el Desarrollo y Asistencia Educativa (FUNDAE), cuyo prop\u00f3sito es capacitar a personas, para el acompa\u00f1amiento y cuidado domiciliario de las personas adultas mayores.<\/em><\/strong><\/p>\n\n\n\n<figure class=\"wp-block-image\"><img decoding=\"async\" src=\"https:\/\/www.sansalvadordejujuy.gob.ar\/wp-content\/uploads\/2025\/05\/presentacionfundae-prensamunijujuy-011096984315756276130-1024x713.jpg\" alt=\"\" class=\"wp-image-87723\"\/><\/figure>\n\n\n\n<p>En la ocasi\u00f3n, el intendente de la capital, <strong>Ra\u00fal \u201cChuli\u201d Jorge<\/strong>, celebr\u00f3 que Jujuy sea la primera sede de la fundaci\u00f3n en el interior del pa\u00eds. A la vez, afirm\u00f3 que FUNDAE, \u201ctiene un fundamento muy grande para formar t\u00e9cnicos y especialistas en el cuidado de las personas de la tercera edad, dando capacitaci\u00f3n en enfermer\u00eda y cuidados especiales para domicilios\u201d. Tambi\u00e9n remarc\u00f3 que la puesta en marcha del programa constituye, \u201cuna manera de generar empleo y una salida mucho m\u00e1s digna que otras alternativas para las familias que tienen dificultades con los adultos mayores\u201d.<\/p>\n\n\n\n<p>Se\u00f1al\u00f3 que la implementaci\u00f3n de \u201cVivamos\u201d en Jujuy conlleva, \u201cposibilidades laborales\u201d, y que por ello, \u201ctenemos que acompa\u00f1ar estos proyectos que van generando estas alternativas tan positivas para la poblaci\u00f3n\u201d. No dej\u00f3 de mencionar que la fundaci\u00f3n, adem\u00e1s de la tarea en favor de los adultos mayores, basa su trabajo en la contenci\u00f3n de ni\u00f1as y ni\u00f1os mediante \u201cacciones directas y solidarias con la ni\u00f1ez m\u00e1s necesitada<\/p>\n\n\n\n<p>En este sentido, anticip\u00f3 que desde el municipio se procurar\u00e1, \u201carticular todos los mecanismos para que los privados puedan desarrollar estas actividades, facilitando espacios, la difusi\u00f3n y la integraci\u00f3n de gente que necesita tener un trabajo formal como el que proponen ellos\u201d.<\/p>\n\n\n<div class=\"wp-block-image\">\n<figure class=\"aligncenter\"><img decoding=\"async\" src=\"https:\/\/www.sansalvadordejujuy.gob.ar\/wp-content\/uploads\/2025\/05\/PresentacionFUNDAE-PrensaMuniJujuy-05-1024x705.jpg\" alt=\"\" class=\"wp-image-87682\"\/><\/figure><\/div>\n\n\n<p>Cabe precisar que FUNDAE es una entidad sin fines de lucro que desarroll\u00f3 el programa \u201cVivamos\u201dque claramente tiene un rol social y asistencial. Al respecto, el m\u00e9dico, <strong>Pablo Perovic<\/strong>, referente local de la fundaci\u00f3n, valor\u00f3 el hecho de que Jujuy sea la primera provincia en implementar dicha iniciativa. Rese\u00f1\u00f3 que la entidad, con asiento en Buenos Aires, \u201ccomenz\u00f3 trabajando en apoyo a la ni\u00f1ez, luego comenzaron a trabajar con apoyo a personas que necesitaban acompa\u00f1amiento en sus domicilios, especialmente adultos mayores\u201d.<\/p>\n\n\n\n<p>\u201cEste es un proyecto muy exitoso, y la comisi\u00f3n directiva decidi\u00f3 comenzar actividades en el interior del pa\u00eds, y fuimos elegidos en Jujuy para ser la primera sede de FUNDAE y del programa Vivamos en el pa\u00eds\u201d, rese\u00f1\u00f3, para luego afirmar que, \u201ces muy importante que esto se de a conocer a la comunidad porque es la primera vez que se organiza institucionalmente este tipo de ayuda para la comunidad tan necesaria, y cada vez m\u00e1s necesaria\u201d.<\/p>\n\n\n\n<figure class=\"wp-block-image\"><img decoding=\"async\" src=\"https:\/\/www.sansalvadordejujuy.gob.ar\/wp-content\/uploads\/2025\/05\/presentacionfundae-prensamunijujuy-032193483437953077103-1024x633.jpg\" alt=\"\" class=\"wp-image-87724\"\/><\/figure>\n\n\n\n<p>Al fundamentar los alcances del programa, explic\u00f3 que, \u201cen un momento las familias se encargaban de acompa\u00f1ar a los adultos mayores, pero hoy las familias tambi\u00e9n tienen que salir a trabajar y a veces no hay tiempo, o no hay capacidad t\u00e9cnica para hacerlo, entonces nosotros lo que hacemos es capacitar personal, entrenar personas para que hagan este acompa\u00f1amiento en los domicilios y ayudar a las familias para que se queden tranquilas\u201d.<\/p>\n\n\n<div class=\"wp-block-image\">\n<figure class=\"aligncenter\"><img decoding=\"async\" src=\"https:\/\/www.sansalvadordejujuy.gob.ar\/wp-content\/uploads\/2025\/05\/PresentacionFUNDAE-PrensaMuniJujuy-07-1024x691.jpg\" alt=\"\" class=\"wp-image-87684\"\/><\/figure><\/div>\n\n\n<p>En cuanto a las caracter\u00edsticas del trabajo a desarrollar, precis\u00f3 que las personas que no tienen trabajo pueden acercarse a la Fundaci\u00f3n donde, \u201clas vamos a capacitar y entrenar, y certificar para que a partir de ah\u00ed pueda empezar a brindar un servicio a los pacientes que ya tenga la fundaci\u00f3n\u201d. Puntualiz\u00f3 que esas personas, \u201cpasar\u00e1n a cobrar sus honorarios seg\u00fan las horas trabajadas, a trav\u00e9s de una cuenta bancaria, y a la vez, contar\u00e1n con un seguro y un equipo de trabajo para que se sienta apoyado y pueda crecer junto a FUNDAE\u201d.<\/p>\n\n\n\n<figure class=\"wp-block-image\"><img decoding=\"async\" src=\"https:\/\/www.sansalvadordejujuy.gob.ar\/wp-content\/uploads\/2025\/05\/PresentacionFUNDAE-PrensaMuniJujuy-02-1024x683.jpg\" alt=\"\" class=\"wp-image-87685\"\/><\/figure>\n\n\n\n<p>Vale precisar que en la presentaci\u00f3n del programa estuvo presente, la doctora <strong>Mar\u00eda Celia Cadoppi<\/strong> <strong>Aguilar<\/strong>, fundadora y referente de la fundaci\u00f3n a nivel nacional, quien expres\u00f3 su agradecimiento por la predisposici\u00f3n de las autoridades locales para acompa\u00f1ar la iniciativa. \u00a0\u201cAgradecemos a la provincia de Jujuy que nos haya recibido porque tiene un esp\u00edritu de lucha que es ideal para que FUNDAE nazca a nivel nacional\u201d, manifest\u00f3.<\/p>\n\n\n\n<p>Asimismo, puso de relieve que adem\u00e1s del cuidado y acompa\u00f1amiento de los adultos mayores, la entidad tiene como \u201cobjetivo institucional profundo el cuidado de la ni\u00f1ez\u201d. Sobre el particular, reconoci\u00f3 que el objetivo de quienes forman parte de la misma es lograr que \u201cque la ni\u00f1ez pase a un plano de primer orden en la agenda nacional\u201d.<\/p>\n\n\n<div class=\"wp-block-image\">\n<figure class=\"aligncenter\"><img decoding=\"async\" src=\"https:\/\/www.sansalvadordejujuy.gob.ar\/wp-content\/uploads\/2025\/05\/PresentacionFUNDAE-PrensaMuniJujuy-06-1024x681.jpg\" alt=\"\" class=\"wp-image-87686\"\/><\/figure><\/div>\n\n\n<p>El lanzamiento del programa, que por primera vez se presenta en el interior del pa\u00eds, se cumpli\u00f3 en Altos de la Vi\u00f1a donde estuvieron presentes representantes nacionales y provinciales de la Fundaci\u00f3n, autoridades del municipio capitalino, legisladores provinciales e invitados especiales. Los presentes valoraron no solo la puesta en marcha del programa sino tambi\u00e9n el arribo de la fundaci\u00f3n a la provincia que, seg\u00fan se remarc\u00f3, constituir\u00eda un modelo a seguir en otros distritos del pa\u00eds.<\/p>\n\n\n\n<p><strong>Nota audiovisual:<\/strong>&nbsp;<a href=\"https:\/\/youtu.be\/uRhke-Mx8W8\">https:\/\/youtu.be\/uRhke-Mx8W8<\/a><\/p>\n","protected":false},"excerpt":{"rendered":"<p>El intendente de la Municipalidad de San Salvador de Jujuy, Ra\u00fal \u201cChuli\u201d Jorge, celebr\u00f3 el lanzamiento en la provincia del programa \u201cVivamos\u201d, que es promovido por la Fundaci\u00f3n para el Desarrollo y Asistencia Educativa (FUNDAE), cuyo prop\u00f3sito es capacitar a personas, para el acompa\u00f1amiento y cuidado domiciliario de las personas adultas mayores. En la ocasi\u00f3n, [&hellip;]<\/p>\n","protected":false},"author":5,"featured_media":427926,"comment_status":"open","ping_status":"open","sticky":false,"template":"","format":"standard","meta":{"_stopmodifiedupdate":false,"_modified_date":"","inline_featured_image":false,"spay_email":"","jetpack_publicize_message":""},"categories":[13],"tags":[],"jetpack_featured_media_url":"https:\/\/notinor.com\/jujuy\/wp-content\/uploads\/2025\/05\/programa.jpg","jetpack_publicize_connections":[],"_links":{"self":[{"href":"https:\/\/notinor.com\/jujuy\/wp-json\/wp\/v2\/posts\/427925"}],"collection":[{"href":"https:\/\/notinor.com\/jujuy\/wp-json\/wp\/v2\/posts"}],"about":[{"href":"https:\/\/notinor.com\/jujuy\/wp-json\/wp\/v2\/types\/post"}],"author":[{"embeddable":true,"href":"https:\/\/notinor.com\/jujuy\/wp-json\/wp\/v2\/users\/5"}],"replies":[{"embeddable":true,"href":"https:\/\/notinor.com\/jujuy\/wp-json\/wp\/v2\/comments?post=427925"}],"version-history":[{"count":1,"href":"https:\/\/notinor.com\/jujuy\/wp-json\/wp\/v2\/posts\/427925\/revisions"}],"predecessor-version":[{"id":427927,"href":"https:\/\/notinor.com\/jujuy\/wp-json\/wp\/v2\/posts\/427925\/revisions\/427927"}],"wp:featuredmedia":[{"embeddable":true,"href":"https:\/\/notinor.com\/jujuy\/wp-json\/wp\/v2\/media\/427926"}],"wp:attachment":[{"href":"https:\/\/notinor.com\/jujuy\/wp-json\/wp\/v2\/media?parent=427925"}],"wp:term":[{"taxonomy":"category","embeddable":true,"href":"https:\/\/notinor.com\/jujuy\/wp-json\/wp\/v2\/categories?post=427925"},{"taxonomy":"post_tag","embeddable":true,"href":"https:\/\/notinor.com\/jujuy\/wp-json\/wp\/v2\/tags?post=427925"}],"curies":[{"name":"wp","href":"https:\/\/api.w.org\/{rel}","templated":true}]}}