{"id":427911,"date":"2025-05-26T21:14:00","date_gmt":"2025-05-27T00:14:00","guid":{"rendered":"https:\/\/notinor.com\/jujuy\/?p=427911"},"modified":"2025-05-26T09:14:41","modified_gmt":"2025-05-26T09:14:41","slug":"la-comision-de-salud-recibio-a-la-comision-directiva-de-atsa","status":"publish","type":"post","link":"https:\/\/notinor.com\/jujuy\/la-comision-de-salud-recibio-a-la-comision-directiva-de-atsa\/","title":{"rendered":"<strong>La Comisi\u00f3n de Salud recibi\u00f3 a la Comisi\u00f3n Directiva de ATSA<\/strong>"},"content":{"rendered":"\n<p class=\"has-medium-font-size\"><strong><em>En el sal\u00f3n Dr. Ra\u00fal Alfons\u00edn de la Legislatura, la comisi\u00f3n de salud, presidida por el diputado Omar Guti\u00e9rrez, se reuni\u00f3 con Viviana L\u00f3pez, secretaria general de ATSA (Asociaci\u00f3n de Trabajadores de la Sanidad Argentina), Mauricio Alvarado, secretario gremial y Sandra Tolaba, secretaria de prensa. Los integrantes de la comisi\u00f3n directiva fueron convocados por los diputados para plantear las inquietudes del gremio.<\/em><\/strong><\/p>\n\n\n<div class=\"wp-block-image\">\n<figure class=\"aligncenter size-large\"><img decoding=\"async\" loading=\"lazy\" width=\"719\" height=\"480\" src=\"https:\/\/notinor.com\/jujuy\/wp-content\/uploads\/2025\/05\/REUNION-6-719x480.jpeg\" alt=\"\" class=\"wp-image-427913\" srcset=\"https:\/\/notinor.com\/jujuy\/wp-content\/uploads\/2025\/05\/REUNION-6-719x480.jpeg 719w, https:\/\/notinor.com\/jujuy\/wp-content\/uploads\/2025\/05\/REUNION-6-547x365.jpeg 547w, https:\/\/notinor.com\/jujuy\/wp-content\/uploads\/2025\/05\/REUNION-6-768x513.jpeg 768w, https:\/\/notinor.com\/jujuy\/wp-content\/uploads\/2025\/05\/REUNION-6-1536x1025.jpeg 1536w, https:\/\/notinor.com\/jujuy\/wp-content\/uploads\/2025\/05\/REUNION-6-750x501.jpeg 750w, https:\/\/notinor.com\/jujuy\/wp-content\/uploads\/2025\/05\/REUNION-6-1140x761.jpeg 1140w, https:\/\/notinor.com\/jujuy\/wp-content\/uploads\/2025\/05\/REUNION-6.jpeg 1600w\" sizes=\"(max-width: 719px) 100vw, 719px\" \/><\/figure><\/div>\n\n\n<p>El Presidente de la Comisi\u00f3n destac\u00f3 que en la Legislatura siempre est\u00e1 la intenci\u00f3n de colaborar y tratar de ayudar para el bienestar de los trabajadores de salud. \"Hemos tomado nota de todo lo planteado y tambi\u00e9n lo discutiremos internamente en el bloque. Trataremos de llevar las inquietudes a las autoridades que toman las decisiones\", agreg\u00f3 Gutierrez.<\/p>\n\n\n<div class=\"wp-block-image\">\n<figure class=\"aligncenter size-large\"><img decoding=\"async\" loading=\"lazy\" width=\"719\" height=\"480\" src=\"https:\/\/notinor.com\/jujuy\/wp-content\/uploads\/2025\/05\/REUNION-7-719x480.jpeg\" alt=\"\" class=\"wp-image-427914\" srcset=\"https:\/\/notinor.com\/jujuy\/wp-content\/uploads\/2025\/05\/REUNION-7-719x480.jpeg 719w, https:\/\/notinor.com\/jujuy\/wp-content\/uploads\/2025\/05\/REUNION-7-547x365.jpeg 547w, https:\/\/notinor.com\/jujuy\/wp-content\/uploads\/2025\/05\/REUNION-7-768x513.jpeg 768w, https:\/\/notinor.com\/jujuy\/wp-content\/uploads\/2025\/05\/REUNION-7-1536x1025.jpeg 1536w, https:\/\/notinor.com\/jujuy\/wp-content\/uploads\/2025\/05\/REUNION-7-750x501.jpeg 750w, https:\/\/notinor.com\/jujuy\/wp-content\/uploads\/2025\/05\/REUNION-7-1140x761.jpeg 1140w, https:\/\/notinor.com\/jujuy\/wp-content\/uploads\/2025\/05\/REUNION-7.jpeg 1600w\" sizes=\"(max-width: 719px) 100vw, 719px\" \/><\/figure><\/div>\n\n\n<p>La Secretaria General destac\u00f3 que uno de los temas m\u00e1s importantes es el salarial: \"consideramos que todos los trabajadores del sistema de salud estamos con un salario bajo que no llega a cubrir las necesidades b\u00e1sicas. Esto est\u00e1 llevando al pluriempleo de los trabajadores, la ausencia en sus hogares y las consecuencias que esto genera a nivel social\".<\/p>\n\n\n<div class=\"wp-block-image\">\n<figure class=\"aligncenter size-large\"><img decoding=\"async\" loading=\"lazy\" width=\"719\" height=\"480\" src=\"https:\/\/notinor.com\/jujuy\/wp-content\/uploads\/2025\/05\/REUNION-8-719x480.jpeg\" alt=\"\" class=\"wp-image-427915\" srcset=\"https:\/\/notinor.com\/jujuy\/wp-content\/uploads\/2025\/05\/REUNION-8-719x480.jpeg 719w, https:\/\/notinor.com\/jujuy\/wp-content\/uploads\/2025\/05\/REUNION-8-547x365.jpeg 547w, https:\/\/notinor.com\/jujuy\/wp-content\/uploads\/2025\/05\/REUNION-8-768x513.jpeg 768w, https:\/\/notinor.com\/jujuy\/wp-content\/uploads\/2025\/05\/REUNION-8-1536x1025.jpeg 1536w, https:\/\/notinor.com\/jujuy\/wp-content\/uploads\/2025\/05\/REUNION-8-750x501.jpeg 750w, https:\/\/notinor.com\/jujuy\/wp-content\/uploads\/2025\/05\/REUNION-8-1140x761.jpeg 1140w, https:\/\/notinor.com\/jujuy\/wp-content\/uploads\/2025\/05\/REUNION-8.jpeg 1600w\" sizes=\"(max-width: 719px) 100vw, 719px\" \/><\/figure><\/div>\n\n\n<p>En la ocasi\u00f3n, los representantes gremiales tambi\u00e9n se refirieron a la ley del escalaf\u00f3n de los trabajadores de salud; destacaron que pese a estar vigente no se aplica en su totalidad: \"por ejemplo, el pago por zona; hasta el momento los trabajadores no han podido percibir el pago que se hab\u00eda acordado en la ley.\" Adem\u00e1s, L\u00f3pez dej\u00f3 en claro a los diputados que es muy importante para el trabajador de salud, por ser persona esencial, tener el transporte gratuito.<\/p>\n\n\n\n<p>L\u00f3pez destac\u00f3 el compromiso de los diputados con los temas planteados y que manifestaron que llevar\u00e1n los mismos a las autoridades que corresponda.<\/p>\n","protected":false},"excerpt":{"rendered":"<p>En el sal\u00f3n Dr. Ra\u00fal Alfons\u00edn de la Legislatura, la comisi\u00f3n de salud, presidida por el diputado Omar Guti\u00e9rrez, se reuni\u00f3 con Viviana L\u00f3pez, secretaria general de ATSA (Asociaci\u00f3n de Trabajadores de la Sanidad Argentina), Mauricio Alvarado, secretario gremial y Sandra Tolaba, secretaria de prensa. Los integrantes de la comisi\u00f3n directiva fueron convocados por los [&hellip;]<\/p>\n","protected":false},"author":5,"featured_media":427912,"comment_status":"open","ping_status":"open","sticky":false,"template":"","format":"standard","meta":{"_stopmodifiedupdate":false,"_modified_date":"","inline_featured_image":false,"spay_email":"","jetpack_publicize_message":""},"categories":[514],"tags":[],"jetpack_featured_media_url":"https:\/\/notinor.com\/jujuy\/wp-content\/uploads\/2025\/05\/REUNION-5.jpeg","jetpack_publicize_connections":[],"_links":{"self":[{"href":"https:\/\/notinor.com\/jujuy\/wp-json\/wp\/v2\/posts\/427911"}],"collection":[{"href":"https:\/\/notinor.com\/jujuy\/wp-json\/wp\/v2\/posts"}],"about":[{"href":"https:\/\/notinor.com\/jujuy\/wp-json\/wp\/v2\/types\/post"}],"author":[{"embeddable":true,"href":"https:\/\/notinor.com\/jujuy\/wp-json\/wp\/v2\/users\/5"}],"replies":[{"embeddable":true,"href":"https:\/\/notinor.com\/jujuy\/wp-json\/wp\/v2\/comments?post=427911"}],"version-history":[{"count":1,"href":"https:\/\/notinor.com\/jujuy\/wp-json\/wp\/v2\/posts\/427911\/revisions"}],"predecessor-version":[{"id":427916,"href":"https:\/\/notinor.com\/jujuy\/wp-json\/wp\/v2\/posts\/427911\/revisions\/427916"}],"wp:featuredmedia":[{"embeddable":true,"href":"https:\/\/notinor.com\/jujuy\/wp-json\/wp\/v2\/media\/427912"}],"wp:attachment":[{"href":"https:\/\/notinor.com\/jujuy\/wp-json\/wp\/v2\/media?parent=427911"}],"wp:term":[{"taxonomy":"category","embeddable":true,"href":"https:\/\/notinor.com\/jujuy\/wp-json\/wp\/v2\/categories?post=427911"},{"taxonomy":"post_tag","embeddable":true,"href":"https:\/\/notinor.com\/jujuy\/wp-json\/wp\/v2\/tags?post=427911"}],"curies":[{"name":"wp","href":"https:\/\/api.w.org\/{rel}","templated":true}]}}