{"id":427906,"date":"2025-05-26T20:48:00","date_gmt":"2025-05-26T23:48:00","guid":{"rendered":"https:\/\/notinor.com\/jujuy\/?p=427906"},"modified":"2025-05-27T09:08:55","modified_gmt":"2025-05-27T12:08:55","slug":"la-comision-de-cultura-y-turismo-recibio-a-la-directora-del-cabildo-de-jujuy","status":"publish","type":"post","link":"https:\/\/notinor.com\/jujuy\/la-comision-de-cultura-y-turismo-recibio-a-la-directora-del-cabildo-de-jujuy\/","title":{"rendered":"La comisi\u00f3n de Cultura y Turismo recibi\u00f3 a la directora del Cabildo de Jujuy"},"content":{"rendered":"\n<p class=\"has-medium-font-size\"><strong><em>En el sal\u00f3n Marcos Paz, la Comisi\u00f3n de Cultura y Turismo de la Legislatura recibi\u00f3 la visita de la directora del Cabildo de Jujuy, Nadia Serrano, con quien abordaron temas vinculados a las actividades culturales que se desarrollan en ese espacio hist\u00f3rico, adem\u00e1s plantearon inquietudes en referencia a las tarifas para el acceso al museo.<\/em><\/strong><\/p>\n\n\n<div class=\"wp-block-image\">\n<figure class=\"aligncenter size-large\"><img decoding=\"async\" loading=\"lazy\" width=\"719\" height=\"480\" src=\"https:\/\/notinor.com\/jujuy\/wp-content\/uploads\/2025\/05\/cabildo-1-719x480.jpeg\" alt=\"\" class=\"wp-image-427908\" srcset=\"https:\/\/notinor.com\/jujuy\/wp-content\/uploads\/2025\/05\/cabildo-1-719x480.jpeg 719w, https:\/\/notinor.com\/jujuy\/wp-content\/uploads\/2025\/05\/cabildo-1-547x365.jpeg 547w, https:\/\/notinor.com\/jujuy\/wp-content\/uploads\/2025\/05\/cabildo-1-768x513.jpeg 768w, https:\/\/notinor.com\/jujuy\/wp-content\/uploads\/2025\/05\/cabildo-1-1536x1025.jpeg 1536w, https:\/\/notinor.com\/jujuy\/wp-content\/uploads\/2025\/05\/cabildo-1-750x501.jpeg 750w, https:\/\/notinor.com\/jujuy\/wp-content\/uploads\/2025\/05\/cabildo-1-1140x761.jpeg 1140w, https:\/\/notinor.com\/jujuy\/wp-content\/uploads\/2025\/05\/cabildo-1.jpeg 1600w\" sizes=\"(max-width: 719px) 100vw, 719px\" \/><\/figure><\/div>\n\n\n<p>Luego de la reuni\u00f3n la presidenta de la Comisi\u00f3n <strong>Mariela Ortiz<\/strong>, afirm\u00f3 que el Cabildo se ha consolidado como una obra cultural e hist\u00f3rica, \"un lugar que forma parte de nuestra identidad, y que d\u00eda a d\u00eda vemos gratamente c\u00f3mo es apropiado por los juje\u00f1os con distintas actividades, especialmente por los j\u00f3venes\".<\/p>\n\n\n\n<p>Asimismo, Ortiz puso en valor el funcionamiento diario del espacio, que alberga biblioteca, archivo hist\u00f3rico, salones de conferencia y el museo hist\u00f3rico, \"el que fue destacado por su propuesta innovadora y el uso de tecnolog\u00eda de \u00faltima generaci\u00f3n\", remarc\u00f3.<\/p>\n\n\n<div class=\"wp-block-image\">\n<figure class=\"aligncenter size-large\"><img decoding=\"async\" loading=\"lazy\" width=\"719\" height=\"480\" src=\"https:\/\/notinor.com\/jujuy\/wp-content\/uploads\/2025\/05\/cabildo-2-719x480.jpeg\" alt=\"\" class=\"wp-image-427909\" srcset=\"https:\/\/notinor.com\/jujuy\/wp-content\/uploads\/2025\/05\/cabildo-2-719x480.jpeg 719w, https:\/\/notinor.com\/jujuy\/wp-content\/uploads\/2025\/05\/cabildo-2-547x365.jpeg 547w, https:\/\/notinor.com\/jujuy\/wp-content\/uploads\/2025\/05\/cabildo-2-768x513.jpeg 768w, https:\/\/notinor.com\/jujuy\/wp-content\/uploads\/2025\/05\/cabildo-2-1536x1025.jpeg 1536w, https:\/\/notinor.com\/jujuy\/wp-content\/uploads\/2025\/05\/cabildo-2-750x501.jpeg 750w, https:\/\/notinor.com\/jujuy\/wp-content\/uploads\/2025\/05\/cabildo-2-1140x761.jpeg 1140w, https:\/\/notinor.com\/jujuy\/wp-content\/uploads\/2025\/05\/cabildo-2.jpeg 1600w\" sizes=\"(max-width: 719px) 100vw, 719px\" \/><\/figure><\/div>\n\n\n<p>Tambi\u00e9n se refiri\u00f3 al sistema de tarifas de ingreso al museo que contempla valores diferenciados para facilitar el acceso a distintos sectores de la comunidad. \"Existen d\u00edas gratuitos para escuelas, tarifas especiales para jubilados, y gratuidad para personas con discapacidad, veteranos de Malvinas, y en fechas especiales como el D\u00eda de la Mujer o el D\u00eda de la Madre\".<\/p>\n\n\n\n<p>La legisladora adelant\u00f3 que en este marco se eval\u00faa la posibilidad de agregar un d\u00eda de acceso gratuito para todos los ciudadanos de la provincia. Indic\u00f3 que es un proyecto que ingres\u00f3 a la comisi\u00f3n y que se analizar\u00e1 junto con la administraci\u00f3n del Cabildo, \"siempre buscando que estos espacios est\u00e9n m\u00e1s cerca de la gente\", afirm\u00f3.<\/p>\n\n\n\n<p>Sin embargo, expres\u00f3 su preocupaci\u00f3n por los recortes presupuestarios en cultura a nivel nacional. \"En momentos en que se debilita el federalismo cultural y se disuelven instituciones como el Instituto Belgraniano, desde la provincia se redobla el esfuerzo para sostener la gratuidad de estos espacios, sobre todo en la cultura\", afirm\u00f3.<\/p>\n\n\n\n<p>\"Espacios como el Cabildo o el futuro Museo Lola Mora son pol\u00edticas de Estado que contribuyen al desarrollo de nuestra identidad y tambi\u00e9n del turismo. Queremos seguir mostrando Jujuy al mundo entero\", concluy\u00f3.<\/p>\n","protected":false},"excerpt":{"rendered":"<p>En el sal\u00f3n Marcos Paz, la Comisi\u00f3n de Cultura y Turismo de la Legislatura recibi\u00f3 la visita de la directora del Cabildo de Jujuy, Nadia Serrano, con quien abordaron temas vinculados a las actividades culturales que se desarrollan en ese espacio hist\u00f3rico, adem\u00e1s plantearon inquietudes en referencia a las tarifas para el acceso al museo. [&hellip;]<\/p>\n","protected":false},"author":5,"featured_media":427907,"comment_status":"open","ping_status":"open","sticky":false,"template":"","format":"standard","meta":{"_stopmodifiedupdate":false,"_modified_date":"","inline_featured_image":false,"spay_email":"","jetpack_publicize_message":""},"categories":[13],"tags":[],"jetpack_featured_media_url":"https:\/\/notinor.com\/jujuy\/wp-content\/uploads\/2025\/05\/cabildo.jpeg","jetpack_publicize_connections":[],"_links":{"self":[{"href":"https:\/\/notinor.com\/jujuy\/wp-json\/wp\/v2\/posts\/427906"}],"collection":[{"href":"https:\/\/notinor.com\/jujuy\/wp-json\/wp\/v2\/posts"}],"about":[{"href":"https:\/\/notinor.com\/jujuy\/wp-json\/wp\/v2\/types\/post"}],"author":[{"embeddable":true,"href":"https:\/\/notinor.com\/jujuy\/wp-json\/wp\/v2\/users\/5"}],"replies":[{"embeddable":true,"href":"https:\/\/notinor.com\/jujuy\/wp-json\/wp\/v2\/comments?post=427906"}],"version-history":[{"count":1,"href":"https:\/\/notinor.com\/jujuy\/wp-json\/wp\/v2\/posts\/427906\/revisions"}],"predecessor-version":[{"id":427910,"href":"https:\/\/notinor.com\/jujuy\/wp-json\/wp\/v2\/posts\/427906\/revisions\/427910"}],"wp:featuredmedia":[{"embeddable":true,"href":"https:\/\/notinor.com\/jujuy\/wp-json\/wp\/v2\/media\/427907"}],"wp:attachment":[{"href":"https:\/\/notinor.com\/jujuy\/wp-json\/wp\/v2\/media?parent=427906"}],"wp:term":[{"taxonomy":"category","embeddable":true,"href":"https:\/\/notinor.com\/jujuy\/wp-json\/wp\/v2\/categories?post=427906"},{"taxonomy":"post_tag","embeddable":true,"href":"https:\/\/notinor.com\/jujuy\/wp-json\/wp\/v2\/tags?post=427906"}],"curies":[{"name":"wp","href":"https:\/\/api.w.org\/{rel}","templated":true}]}}