{"id":427883,"date":"2025-05-26T14:08:57","date_gmt":"2025-05-26T17:08:57","guid":{"rendered":"https:\/\/notinor.com\/jujuy\/?p=427883"},"modified":"2025-05-26T14:08:58","modified_gmt":"2025-05-26T17:08:58","slug":"cumbre-en-casa-rosada-karina-milei-y-pareja-recibiran-hoy-a-ritondo-y-a-santilli-para-cerrar-un-frente-con-pro-en-pba","status":"publish","type":"post","link":"https:\/\/notinor.com\/jujuy\/cumbre-en-casa-rosada-karina-milei-y-pareja-recibiran-hoy-a-ritondo-y-a-santilli-para-cerrar-un-frente-con-pro-en-pba\/","title":{"rendered":"Cumbre en Casa Rosada: Karina Milei y Pareja recibir\u00e1n hoy a Ritondo y a Santilli para cerrar un frente con PRO en PBA"},"content":{"rendered":"\n<p class=\"has-medium-font-size\"><strong><em>La Secretaria General de Presidencia y el armador bonaerense de LLA se reunir\u00e1n a las 14 con los dirigentes de PRO en Balcarce 50. El pacto electoral tendr\u00eda condiciones diferentes para septiembre y octubre.<\/em><\/strong><\/p>\n\n\n\n<p class=\"has-text-align-center\"><img decoding=\"async\" loading=\"lazy\" height=\"1080\" width=\"1920\" src=\"https:\/\/www.infobae.com\/resizer\/v2\/CZKTNEHJBRG6HB76IVVMMI6FCA.jpg?auth=af1881c9a742d43e84b05debca099656cba07efd719b95e808f414533e0f8ea9&amp;smart=true&amp;width=350&amp;height=197&amp;quality=85\" alt=\"(Fuente)\"><\/p>\n\n\n\n<p>Aunque todav\u00eda no hay definiciones concretas, el acuerdo electoral entre La Libertad Avanza y el PRO para competir juntos en la provincia de Buenos Aires sigue su curso y tendr\u00e1, por primera vez despu\u00e9s de semanas, una&nbsp;<strong>reuni\u00f3n clave<\/strong>&nbsp;entre los responsables partidarios. La presidente nacional de LLA,&nbsp;<strong>Karina Milei<\/strong>, recibir\u00e1 a las 14 horas en Casa Rosada junto a su armador bonaerense&nbsp;<strong>Sebasti\u00e1n Pareja<\/strong>&nbsp;al titular bonaerense del PRO,&nbsp;<strong>Cristian Ritondo<\/strong>, y el diputado nacional&nbsp;<strong>Diego Santilli<\/strong>.<\/p>\n\n\n\n<p>En ambos sectores afirman que a\u00fan&nbsp;<strong>no hay definiciones -aunque s\u00ed algunas aproximaciones- sobre c\u00f3mo ser\u00e1 el acuerdo<\/strong>, pero que el contacto telef\u00f3nico que hubo la semana pasada entre Javier Milei y Mauricio Macri sirvi\u00f3 como un nuevo est\u00edmulo para continuar con las conversaciones.<strong>&nbsp;El encuentro de este lunes fue negociado entre Pareja y Ritondo<\/strong>, ambos jefes partidarios en Provincia y quienes integran la mesa chica que busca cerrar el acuerdo electoral para las elecciones bonaerenses de septiembre y las nacionales de octubre.<\/p>\n\n\n\n<p>\u201cDespu\u00e9s de esto seguro que&nbsp;<strong>van a surgir novedades<\/strong>&nbsp;en t\u00e9rminos de actividades y nuevas reuniones\u201d, aseguraron desde el PRO, que pone todo el peso de la negociaci\u00f3n en Ritondo luego de que Mauricio Macri se fuera del pa\u00eds d\u00edas atr\u00e1s, despu\u00e9s de la derrota electoral de su partido en la Ciudad.<\/p>\n\n\n\n<p>Ritondo tiene una excelente relaci\u00f3n con todos los v\u00e9rtices del Tri\u00e1ngulo de Hierro, compuesto por los hermanos Milei y el asesor presidencial Santiago Caputo.\u00a0<strong>El Presidente revel\u00f3 d\u00edas atr\u00e1s en entrevista con Radio Mitre que tuvo una cena secreta con el jefe PRO en la noche del jueves en Quinta de Olivos.<\/strong>\u00a0<\/p>\n\n\n\n<p>Tal y como lo revel\u00f3 Infobae, el presidente del PRO bonaerense y a la vez titular de la bancada amarilla en Diputados se fue de la Residencia Presidencial con la sensaci\u00f3n de que fue un excelente encuentro.<\/p>\n\n\n\n<p class=\"has-text-align-center\"><img decoding=\"async\" loading=\"lazy\" height=\"1080\" width=\"1920\" src=\"https:\/\/www.infobae.com\/resizer\/v2\/4KE5YGAWRFHQ5DG2MX3W5GSMPA.png?auth=4d1183d880eaceed022495d5c5b8a8a6b47350264b27e076075911475c07a872&amp;smart=true&amp;width=350&amp;height=197&amp;quality=85\" alt=\"Sebasti\u00e1n Pareja y Cristian Ritondo,\">Sebasti\u00e1n Pareja y Cristian Ritondo, actores clave de la negociaci\u00f3n<\/p>\n\n\n\n<p>De cualquier manera, a\u00fan no est\u00e1 previsto un encuentro presencial entre todas las partes que involucre a Javier Milei, quien delega esos aspectos partidarios a su hermana Karina.<\/p>\n\n\n\n<p>Por el momento<strong>, todo se encamina a construir un frente com\u00fan entre La Libertad Avanza y el PRO para las elecciones locales<\/strong>, con el compromiso de que en octubre habr\u00e1 boleta violeta.<\/p>\n\n\n\n<p>En el partido&nbsp;<strong>La Libertad Avanza (LLA)<\/strong>, est\u00e1n dispuestos a ceder en su identidad libertaria para las elecciones locales, donde se eligen legisladores y concejales, y competir en un frente con el PRO y otros aliados. La c\u00fapula del partido no considera estas elecciones tan importantes como las nacionales y cree que los dirigentes del PRO que a\u00fan apoyan a Macri no tendr\u00e1n otra opci\u00f3n que unirse a ellos. Sin embargo, Ritondo ha dejado claro que no est\u00e1n dispuestos a realizar \u201cpases\u201d entre fuerzas, aunque una opci\u00f3n intermedia podr\u00eda ser la creaci\u00f3n de un frente llamado La Libertad Avanza.<\/p>\n\n\n\n<p>Las conversaciones entre ambos espacios en el territorio bonaerense han sido lideradas por Ritondo y&nbsp;<strong>Santiago Caputo<\/strong>, con la participaci\u00f3n ocasional de&nbsp;<strong>Karina Milei<\/strong>, titular de LLA a nivel nacional. En la \u00faltima etapa, estas negociaciones han estado a cargo de Sebasti\u00e1n Pareja, colaborador de Karina Milei en la provincia de Buenos Aires. No obstante, en Balcarce 50 se ha sugerido que Pareja podr\u00eda dejar de ser el \u00fanico interlocutor libertario con los l\u00edderes bonaerenses de Macri, aunque no se ha especificado qui\u00e9n podr\u00eda unirse a estas conversaciones.<\/p>\n\n\n\n<p>Pareja ha enfrentado cr\u00edticas de sectores afines a Caputo, identificados con \u201cLas Fuerzas del Cielo\u201d, debido a algunos dirigentes que ha convocado para coordinar en el territorio y, potencialmente, para conformar las listas electorales. A pesar de estas cr\u00edticas, en el c\u00edrculo de Pareja aseguran que su rol como negociador con el PRO sigue siendo firme. La reciente fotograf\u00eda de Pareja con Ritondo fue interpretada como una se\u00f1al de su continuidad en este papel, aunque algunos en el Gobierno consideran que su autoridad podr\u00eda verse disminuida.<\/p>\n\n\n\n<p><strong>El nuevo acto que planea Karina<\/strong><\/p>\n\n\n\n<p>En un esfuerzo por consolidar su presencia pol\u00edtica en la provincia de Buenos Aires,&nbsp;<strong>Karina Milei<\/strong>, secretaria general de la Presidencia y l\u00edder de&nbsp;<strong>La Libertad Avanza<\/strong>, est\u00e1 organizando un acto en&nbsp;<strong>La Plata<\/strong>. Este evento, que se llevar\u00e1 a cabo en el sal\u00f3n Vonharv en Gonnet, busca mostrar la fuerza pol\u00edtica del partido y posicionarse como una alternativa al gobierno de&nbsp;<strong>Axel Kicillof<\/strong>.<\/p>\n\n\n\n<p>El acto se realizar\u00e1 pocos d\u00edas antes del cierre de las alianzas electorales, programado para el 9 de julio, y contar\u00e1 con la participaci\u00f3n de ministros, intendentes y diputados. El evento, conocido como el \u201ccongreso libertario\u201d, hab\u00eda sido pospuesto debido al fallecimiento del papa Francisco, lo que alter\u00f3 la agenda pol\u00edtica local.<\/p>\n\n\n\n<p>El congreso se llevar\u00e1 a cabo en un momento crucial, ya que los partidos pol\u00edticos tienen hasta el 9 de julio para anunciar sus alianzas de cara a las elecciones del 7 de septiembre, donde se elegir\u00e1n legisladores provinciales y concejales. Posteriormente, el 19 de julio, vencer\u00e1 el plazo para presentar las listas de candidatos, y el 8 de agosto se confirmar\u00e1n las boletas electorales.<\/p>\n\n\n\n<p>Se espera la presencia de figuras destacadas como el jefe de Gabinete,&nbsp;<strong>Guillermo Francos<\/strong>, y el presidente de la C\u00e1mara de Diputados,&nbsp;<strong>Mart\u00edn Menem<\/strong>. Entre los asistentes se espera la presencia de los intendentes de Tres de Febrero,&nbsp;<strong>Diego Valenzuela<\/strong>, y de Capit\u00e1n Sarmiento,&nbsp;<strong>Fernanda Astorino<\/strong>, as\u00ed como del diputado&nbsp;<strong>Alejandro Carrancio<\/strong>&nbsp;y el senador provincial&nbsp;<strong>Carlos Curestis<\/strong>.<\/p>\n\n\n\n<p>Tambi\u00e9n participar\u00e1n coordinadores de las secciones electorales y miembros de la mesa pol\u00edtica de&nbsp;<strong>La Libertad Avanza<\/strong>&nbsp;en la provincia, como&nbsp;<strong>Andrea Vera<\/strong>,&nbsp;<strong>Anal\u00eda Corvino<\/strong>,&nbsp;<strong>Juanes Osaba<\/strong>,&nbsp;<strong>Gustavo Bories<\/strong>,&nbsp;<strong>Gast\u00f3n Abonjo<\/strong>,&nbsp;<strong>Franca Grippo<\/strong>,&nbsp;<strong>Carlos Calvella<\/strong>, y el anfitri\u00f3n&nbsp;<strong>Mat\u00edas de Urraza<\/strong>.<\/p>\n","protected":false},"excerpt":{"rendered":"<p>La Secretaria General de Presidencia y el armador bonaerense de LLA se reunir\u00e1n a las 14 con los dirigentes de PRO en Balcarce 50. El pacto electoral tendr\u00eda condiciones diferentes para septiembre y octubre. Aunque todav\u00eda no hay definiciones concretas, el acuerdo electoral entre La Libertad Avanza y el PRO para competir juntos en la [&hellip;]<\/p>\n","protected":false},"author":5,"featured_media":427884,"comment_status":"open","ping_status":"open","sticky":false,"template":"","format":"standard","meta":{"_stopmodifiedupdate":false,"_modified_date":"","inline_featured_image":false,"spay_email":"","jetpack_publicize_message":""},"categories":[501],"tags":[],"jetpack_featured_media_url":"https:\/\/notinor.com\/jujuy\/wp-content\/uploads\/2025\/05\/KARINA.jpg","jetpack_publicize_connections":[],"_links":{"self":[{"href":"https:\/\/notinor.com\/jujuy\/wp-json\/wp\/v2\/posts\/427883"}],"collection":[{"href":"https:\/\/notinor.com\/jujuy\/wp-json\/wp\/v2\/posts"}],"about":[{"href":"https:\/\/notinor.com\/jujuy\/wp-json\/wp\/v2\/types\/post"}],"author":[{"embeddable":true,"href":"https:\/\/notinor.com\/jujuy\/wp-json\/wp\/v2\/users\/5"}],"replies":[{"embeddable":true,"href":"https:\/\/notinor.com\/jujuy\/wp-json\/wp\/v2\/comments?post=427883"}],"version-history":[{"count":1,"href":"https:\/\/notinor.com\/jujuy\/wp-json\/wp\/v2\/posts\/427883\/revisions"}],"predecessor-version":[{"id":427885,"href":"https:\/\/notinor.com\/jujuy\/wp-json\/wp\/v2\/posts\/427883\/revisions\/427885"}],"wp:featuredmedia":[{"embeddable":true,"href":"https:\/\/notinor.com\/jujuy\/wp-json\/wp\/v2\/media\/427884"}],"wp:attachment":[{"href":"https:\/\/notinor.com\/jujuy\/wp-json\/wp\/v2\/media?parent=427883"}],"wp:term":[{"taxonomy":"category","embeddable":true,"href":"https:\/\/notinor.com\/jujuy\/wp-json\/wp\/v2\/categories?post=427883"},{"taxonomy":"post_tag","embeddable":true,"href":"https:\/\/notinor.com\/jujuy\/wp-json\/wp\/v2\/tags?post=427883"}],"curies":[{"name":"wp","href":"https:\/\/api.w.org\/{rel}","templated":true}]}}