{"id":427588,"date":"2025-05-20T22:05:00","date_gmt":"2025-05-21T01:05:00","guid":{"rendered":"https:\/\/notinor.com\/jujuy\/?p=427588"},"modified":"2025-05-20T10:05:33","modified_gmt":"2025-05-20T10:05:33","slug":"la-promesa-a-la-bandera-podria-ser-tomada-por-un-excombatiente-de-malvinas","status":"publish","type":"post","link":"https:\/\/notinor.com\/jujuy\/la-promesa-a-la-bandera-podria-ser-tomada-por-un-excombatiente-de-malvinas\/","title":{"rendered":"<strong>La Promesa a la Bandera podr\u00eda ser tomada por un excombatiente de Malvinas<\/strong>"},"content":{"rendered":"\n<p class=\"has-medium-font-size\"><strong><em>En el Sal\u00f3n Marcos Paz, la Comisi\u00f3n de Educaci\u00f3n se reuni\u00f3 para emitir despacho favorable a los Proyectos de Ley de imposici\u00f3n del nombre 'Nuestra Se\u00f1ora de El Carmen' a la escuela Nro. 378 de Tilcara y para que la Promesa a la Bandera por parte de los estudiantes de 4to. grado de las escuelas primarias pueda ser tomada por un excombatiente de Malvinas.<\/em><\/strong><\/p>\n\n\n<div class=\"wp-block-image\">\n<figure class=\"aligncenter size-large\"><img decoding=\"async\" loading=\"lazy\" width=\"720\" height=\"480\" src=\"https:\/\/notinor.com\/jujuy\/wp-content\/uploads\/2025\/05\/proyecto-6-720x480.jpeg\" alt=\"\" class=\"wp-image-427590\" srcset=\"https:\/\/notinor.com\/jujuy\/wp-content\/uploads\/2025\/05\/proyecto-6-720x480.jpeg 720w, https:\/\/notinor.com\/jujuy\/wp-content\/uploads\/2025\/05\/proyecto-6-547x365.jpeg 547w, https:\/\/notinor.com\/jujuy\/wp-content\/uploads\/2025\/05\/proyecto-6-768x512.jpeg 768w, https:\/\/notinor.com\/jujuy\/wp-content\/uploads\/2025\/05\/proyecto-6-1536x1024.jpeg 1536w, https:\/\/notinor.com\/jujuy\/wp-content\/uploads\/2025\/05\/proyecto-6-750x500.jpeg 750w, https:\/\/notinor.com\/jujuy\/wp-content\/uploads\/2025\/05\/proyecto-6-1140x760.jpeg 1140w, https:\/\/notinor.com\/jujuy\/wp-content\/uploads\/2025\/05\/proyecto-6.jpeg 1600w\" sizes=\"(max-width: 720px) 100vw, 720px\" \/><figcaption class=\"wp-element-caption\">Mar\u00eda Teresa Ferr\u00edn<\/figcaption><\/figure><\/div>\n\n\n<p>Al respecto del primer Proyecto, la presidenta de la Comisi\u00f3n, <strong>Mar\u00eda Teresa Ferr\u00edn<\/strong>, se\u00f1al\u00f3 \"es un pedido que viene del Ministerio de Educaci\u00f3n y que cumple con toda la formalidad que exige la Ley, que es el acuerdo por medio de acta de toda la comunidad educativa, que es la que pide el cambio o la imposici\u00f3n del nombre\".<\/p>\n\n\n<div class=\"wp-block-image\">\n<figure class=\"aligncenter size-large\"><img decoding=\"async\" loading=\"lazy\" width=\"720\" height=\"480\" src=\"https:\/\/notinor.com\/jujuy\/wp-content\/uploads\/2025\/05\/proyecto-7-720x480.jpeg\" alt=\"\" class=\"wp-image-427591\" srcset=\"https:\/\/notinor.com\/jujuy\/wp-content\/uploads\/2025\/05\/proyecto-7-720x480.jpeg 720w, https:\/\/notinor.com\/jujuy\/wp-content\/uploads\/2025\/05\/proyecto-7-547x365.jpeg 547w, https:\/\/notinor.com\/jujuy\/wp-content\/uploads\/2025\/05\/proyecto-7-768x512.jpeg 768w, https:\/\/notinor.com\/jujuy\/wp-content\/uploads\/2025\/05\/proyecto-7-1536x1024.jpeg 1536w, https:\/\/notinor.com\/jujuy\/wp-content\/uploads\/2025\/05\/proyecto-7-750x500.jpeg 750w, https:\/\/notinor.com\/jujuy\/wp-content\/uploads\/2025\/05\/proyecto-7-1140x760.jpeg 1140w, https:\/\/notinor.com\/jujuy\/wp-content\/uploads\/2025\/05\/proyecto-7.jpeg 1600w\" sizes=\"(max-width: 720px) 100vw, 720px\" \/><\/figure><\/div>\n\n\n<p>Asimismo, en relaci\u00f3n al Proyecto que solicita que la promesa a la bandera pueda ser le\u00edda por un excombatiente de Malvinas, explic\u00f3 \"esto, l\u00f3gicamente, es en los lugares donde haya un excombatiente, de manera que las escuelas puedan invitarlos para que hagan esa promesa\".<\/p>\n\n\n<div class=\"wp-block-image\">\n<figure class=\"aligncenter size-large\"><img decoding=\"async\" loading=\"lazy\" width=\"766\" height=\"480\" src=\"https:\/\/notinor.com\/jujuy\/wp-content\/uploads\/2025\/05\/proyecto-8-766x480.jpeg\" alt=\"\" class=\"wp-image-427592\" srcset=\"https:\/\/notinor.com\/jujuy\/wp-content\/uploads\/2025\/05\/proyecto-8-766x480.jpeg 766w, https:\/\/notinor.com\/jujuy\/wp-content\/uploads\/2025\/05\/proyecto-8-583x365.jpeg 583w, https:\/\/notinor.com\/jujuy\/wp-content\/uploads\/2025\/05\/proyecto-8-768x481.jpeg 768w, https:\/\/notinor.com\/jujuy\/wp-content\/uploads\/2025\/05\/proyecto-8-1536x962.jpeg 1536w, https:\/\/notinor.com\/jujuy\/wp-content\/uploads\/2025\/05\/proyecto-8-750x470.jpeg 750w, https:\/\/notinor.com\/jujuy\/wp-content\/uploads\/2025\/05\/proyecto-8-1140x714.jpeg 1140w, https:\/\/notinor.com\/jujuy\/wp-content\/uploads\/2025\/05\/proyecto-8.jpeg 1600w\" sizes=\"(max-width: 766px) 100vw, 766px\" \/><\/figure><\/div>\n\n\n<p>Para finalizar y en relaci\u00f3n a los cambios en la Grilla de Calificaci\u00f3n Docente, la legisladora se\u00f1al\u00f3 \"hemos comentado cu\u00e1l ha sido el proceso que venimos llevando adelante con un trabajo entre todos los vocales de la junta, con todos los presidentes de la junta y los gremios docentes sobre su actualizaci\u00f3n. Un trabajo que est\u00e1 llegando a su fin y que en las pr\u00f3ximas Sesiones puede ser tratado en la Legislatura\".<\/p>\n","protected":false},"excerpt":{"rendered":"<p>En el Sal\u00f3n Marcos Paz, la Comisi\u00f3n de Educaci\u00f3n se reuni\u00f3 para emitir despacho favorable a los Proyectos de Ley de imposici\u00f3n del nombre 'Nuestra Se\u00f1ora de El Carmen' a la escuela Nro. 378 de Tilcara y para que la Promesa a la Bandera por parte de los estudiantes de 4to. grado de las escuelas [&hellip;]<\/p>\n","protected":false},"author":5,"featured_media":427589,"comment_status":"open","ping_status":"open","sticky":false,"template":"","format":"standard","meta":{"_stopmodifiedupdate":false,"_modified_date":"","inline_featured_image":false,"spay_email":"","jetpack_publicize_message":""},"categories":[514],"tags":[],"jetpack_featured_media_url":"https:\/\/notinor.com\/jujuy\/wp-content\/uploads\/2025\/05\/proyecto-5.jpeg","jetpack_publicize_connections":[],"_links":{"self":[{"href":"https:\/\/notinor.com\/jujuy\/wp-json\/wp\/v2\/posts\/427588"}],"collection":[{"href":"https:\/\/notinor.com\/jujuy\/wp-json\/wp\/v2\/posts"}],"about":[{"href":"https:\/\/notinor.com\/jujuy\/wp-json\/wp\/v2\/types\/post"}],"author":[{"embeddable":true,"href":"https:\/\/notinor.com\/jujuy\/wp-json\/wp\/v2\/users\/5"}],"replies":[{"embeddable":true,"href":"https:\/\/notinor.com\/jujuy\/wp-json\/wp\/v2\/comments?post=427588"}],"version-history":[{"count":1,"href":"https:\/\/notinor.com\/jujuy\/wp-json\/wp\/v2\/posts\/427588\/revisions"}],"predecessor-version":[{"id":427593,"href":"https:\/\/notinor.com\/jujuy\/wp-json\/wp\/v2\/posts\/427588\/revisions\/427593"}],"wp:featuredmedia":[{"embeddable":true,"href":"https:\/\/notinor.com\/jujuy\/wp-json\/wp\/v2\/media\/427589"}],"wp:attachment":[{"href":"https:\/\/notinor.com\/jujuy\/wp-json\/wp\/v2\/media?parent=427588"}],"wp:term":[{"taxonomy":"category","embeddable":true,"href":"https:\/\/notinor.com\/jujuy\/wp-json\/wp\/v2\/categories?post=427588"},{"taxonomy":"post_tag","embeddable":true,"href":"https:\/\/notinor.com\/jujuy\/wp-json\/wp\/v2\/tags?post=427588"}],"curies":[{"name":"wp","href":"https:\/\/api.w.org\/{rel}","templated":true}]}}