{"id":427583,"date":"2025-05-20T21:46:00","date_gmt":"2025-05-21T00:46:00","guid":{"rendered":"https:\/\/notinor.com\/jujuy\/?p=427583"},"modified":"2025-05-20T09:46:24","modified_gmt":"2025-05-20T09:46:24","slug":"la-comision-de-asuntos-sociales-avanza-en-varios-proyectos","status":"publish","type":"post","link":"https:\/\/notinor.com\/jujuy\/la-comision-de-asuntos-sociales-avanza-en-varios-proyectos\/","title":{"rendered":"<strong>La comisi\u00f3n de Asuntos Sociales avanza en varios proyectos<\/strong>"},"content":{"rendered":"\n<p class=\"has-medium-font-size\"><strong><em>En el sal\u00f3n Dr. Manuel Padilla de la Legislatura, la comisi\u00f3n de Asuntos Sociales, presidida por la diputada Malena Amerise se reuni\u00f3 para trabajar sobre varios expedientes ingresados el a\u00f1o pasado, analizarlos y brindar despachos favorables, as\u00ed como de los nuevos proyectos.<\/em><\/strong><\/p>\n\n\n<div class=\"wp-block-image\">\n<figure class=\"aligncenter size-large\"><img decoding=\"async\" loading=\"lazy\" width=\"720\" height=\"480\" src=\"https:\/\/notinor.com\/jujuy\/wp-content\/uploads\/2025\/05\/proyecto-3-720x480.jpeg\" alt=\"\" class=\"wp-image-427585\" srcset=\"https:\/\/notinor.com\/jujuy\/wp-content\/uploads\/2025\/05\/proyecto-3-720x480.jpeg 720w, https:\/\/notinor.com\/jujuy\/wp-content\/uploads\/2025\/05\/proyecto-3-548x365.jpeg 548w, https:\/\/notinor.com\/jujuy\/wp-content\/uploads\/2025\/05\/proyecto-3-768x512.jpeg 768w, https:\/\/notinor.com\/jujuy\/wp-content\/uploads\/2025\/05\/proyecto-3-1536x1023.jpeg 1536w, https:\/\/notinor.com\/jujuy\/wp-content\/uploads\/2025\/05\/proyecto-3-750x500.jpeg 750w, https:\/\/notinor.com\/jujuy\/wp-content\/uploads\/2025\/05\/proyecto-3-1140x760.jpeg 1140w, https:\/\/notinor.com\/jujuy\/wp-content\/uploads\/2025\/05\/proyecto-3.jpeg 1600w\" sizes=\"(max-width: 720px) 100vw, 720px\" \/><figcaption class=\"wp-element-caption\">Proyecto de Ley<\/figcaption><\/figure><\/div>\n\n\n<p>Uno de ellos se va a tratar la semana que viene, para lo que se invit\u00f3 al autor del mismo el diputado <strong>Adriano Morone<\/strong>,\u00a0\u00a0que tiene que ver con los deportes electr\u00f3nicos \"algo que consideramos interesante porque es una tem\u00e1tica de actualidad y que se enriquece en la voz del autor\", dijo Amerise; y agreg\u00f3 que otras instituciones seguramente podr\u00e1n realizar aportes a la tem\u00e1tica.<\/p>\n\n\n<div class=\"wp-block-image\">\n<figure class=\"aligncenter size-large\"><img decoding=\"async\" loading=\"lazy\" width=\"720\" height=\"480\" src=\"https:\/\/notinor.com\/jujuy\/wp-content\/uploads\/2025\/05\/proyecto-4-720x480.jpeg\" alt=\"\" class=\"wp-image-427586\" srcset=\"https:\/\/notinor.com\/jujuy\/wp-content\/uploads\/2025\/05\/proyecto-4-720x480.jpeg 720w, https:\/\/notinor.com\/jujuy\/wp-content\/uploads\/2025\/05\/proyecto-4-548x365.jpeg 548w, https:\/\/notinor.com\/jujuy\/wp-content\/uploads\/2025\/05\/proyecto-4-768x512.jpeg 768w, https:\/\/notinor.com\/jujuy\/wp-content\/uploads\/2025\/05\/proyecto-4-1536x1023.jpeg 1536w, https:\/\/notinor.com\/jujuy\/wp-content\/uploads\/2025\/05\/proyecto-4-750x500.jpeg 750w, https:\/\/notinor.com\/jujuy\/wp-content\/uploads\/2025\/05\/proyecto-4-1140x760.jpeg 1140w, https:\/\/notinor.com\/jujuy\/wp-content\/uploads\/2025\/05\/proyecto-4.jpeg 1600w\" sizes=\"(max-width: 720px) 100vw, 720px\" \/><\/figure><\/div>\n\n\n<p>Tambi\u00e9n est\u00e1 previsto trabajar sobre otro proyecto de ley referente a las guardias de veterinarias, \"un proyecto que no solo tiene importancia en el Ejecutivo que va a regular esto, en caso de ser sancionada, pero esta bueno poder indagar en la propuesta que hace el diputado Angelini\", quien va a ser invitado para que exponga en que consiste y lo que motiva este tipo de proyectos se\u00f1al\u00f3 la legisladora.<\/p>\n\n\n\n<p>De igual forma se va a tratar un proyecto que tiene que ver con la Diversidad Corporal de la diputada Gisel Bravo \"las voces de sus autores nutren los proyectos y nos permiten elaborar leyes que puedan tener consistencia y aplicaci\u00f3n, fundamentalmente\", consider\u00f3 finalmente&nbsp;&nbsp;Amerise.<\/p>\n","protected":false},"excerpt":{"rendered":"<p>En el sal\u00f3n Dr. Manuel Padilla de la Legislatura, la comisi\u00f3n de Asuntos Sociales, presidida por la diputada Malena Amerise se reuni\u00f3 para trabajar sobre varios expedientes ingresados el a\u00f1o pasado, analizarlos y brindar despachos favorables, as\u00ed como de los nuevos proyectos. Uno de ellos se va a tratar la semana que viene, para lo [&hellip;]<\/p>\n","protected":false},"author":5,"featured_media":427584,"comment_status":"open","ping_status":"open","sticky":false,"template":"","format":"standard","meta":{"_stopmodifiedupdate":false,"_modified_date":"","inline_featured_image":false,"spay_email":"","jetpack_publicize_message":""},"categories":[514],"tags":[],"jetpack_featured_media_url":"https:\/\/notinor.com\/jujuy\/wp-content\/uploads\/2025\/05\/proyecto-2.jpeg","jetpack_publicize_connections":[],"_links":{"self":[{"href":"https:\/\/notinor.com\/jujuy\/wp-json\/wp\/v2\/posts\/427583"}],"collection":[{"href":"https:\/\/notinor.com\/jujuy\/wp-json\/wp\/v2\/posts"}],"about":[{"href":"https:\/\/notinor.com\/jujuy\/wp-json\/wp\/v2\/types\/post"}],"author":[{"embeddable":true,"href":"https:\/\/notinor.com\/jujuy\/wp-json\/wp\/v2\/users\/5"}],"replies":[{"embeddable":true,"href":"https:\/\/notinor.com\/jujuy\/wp-json\/wp\/v2\/comments?post=427583"}],"version-history":[{"count":1,"href":"https:\/\/notinor.com\/jujuy\/wp-json\/wp\/v2\/posts\/427583\/revisions"}],"predecessor-version":[{"id":427587,"href":"https:\/\/notinor.com\/jujuy\/wp-json\/wp\/v2\/posts\/427583\/revisions\/427587"}],"wp:featuredmedia":[{"embeddable":true,"href":"https:\/\/notinor.com\/jujuy\/wp-json\/wp\/v2\/media\/427584"}],"wp:attachment":[{"href":"https:\/\/notinor.com\/jujuy\/wp-json\/wp\/v2\/media?parent=427583"}],"wp:term":[{"taxonomy":"category","embeddable":true,"href":"https:\/\/notinor.com\/jujuy\/wp-json\/wp\/v2\/categories?post=427583"},{"taxonomy":"post_tag","embeddable":true,"href":"https:\/\/notinor.com\/jujuy\/wp-json\/wp\/v2\/tags?post=427583"}],"curies":[{"name":"wp","href":"https:\/\/api.w.org\/{rel}","templated":true}]}}