{"id":427570,"date":"2025-05-20T19:08:47","date_gmt":"2025-05-20T22:08:47","guid":{"rendered":"https:\/\/notinor.com\/jujuy\/?p=427570"},"modified":"2025-05-20T19:09:03","modified_gmt":"2025-05-20T22:09:03","slug":"suspendieron-el-juicio-por-la-muerte-de-diego-maradona-por-7-dias","status":"publish","type":"post","link":"https:\/\/notinor.com\/jujuy\/suspendieron-el-juicio-por-la-muerte-de-diego-maradona-por-7-dias\/","title":{"rendered":"Suspendieron el juicio por la muerte de Diego Maradona por 7 d\u00edas"},"content":{"rendered":"\n<p class=\"has-medium-font-size\"><strong><em>Lo definieron los jueces del Tribunal Oral en lo Criminal N\u00ba3 de San Isidro, tras un pedido de la Fiscal\u00eda. La decisi\u00f3n fue por el esc\u00e1ndalo de la magistrada Julieta Makintach.<\/em><\/strong><\/p>\n\n\n\n<p><\/p>\n\n\n<div class=\"wp-block-image\">\n<figure class=\"aligncenter size-full\"><img decoding=\"async\" loading=\"lazy\" width=\"800\" height=\"450\" src=\"https:\/\/notinor.com\/jujuy\/wp-content\/uploads\/2025\/05\/diego-maradona.jpg\" alt=\"\" class=\"wp-image-427571\" srcset=\"https:\/\/notinor.com\/jujuy\/wp-content\/uploads\/2025\/05\/diego-maradona.jpg 800w, https:\/\/notinor.com\/jujuy\/wp-content\/uploads\/2025\/05\/diego-maradona-649x365.jpg 649w, https:\/\/notinor.com\/jujuy\/wp-content\/uploads\/2025\/05\/diego-maradona-500x280.jpg 500w, https:\/\/notinor.com\/jujuy\/wp-content\/uploads\/2025\/05\/diego-maradona-768x432.jpg 768w, https:\/\/notinor.com\/jujuy\/wp-content\/uploads\/2025\/05\/diego-maradona-750x422.jpg 750w\" sizes=\"(max-width: 800px) 100vw, 800px\" \/><\/figure><\/div>\n\n\n<p><\/p>\n\n\n\n<p><strong>Los jueces del Tribunal Oral en lo Criminal N\u00ba3 de San Isidro resolvieron suspender por 7 d\u00edas el juicio por la muerte de Diego Maradona tras el esc\u00e1ndalo que envuelve a la jueza Julieta Makintach, quien es investigada por, presuntamente, haber autorizado la realizaci\u00f3n de un documental sin el consentimiento de las partes.<\/strong><\/p>\n\n\n\n<p>El debate se reanudar\u00e1 el 27 de mayo a las 10:30. El juez Maximiliano Savarino, quien preside y dirige el juicio, comunic\u00f3 la decisi\u00f3n por unanimidad luego de un breve cuarto intermedio en el que deliberaron sobre el pedido que hab\u00eda realizado la Fiscal\u00eda.<\/p>\n\n\n\n<p><strong>\u201cEntendemos que es un plazo razonable que garantiza que el tribunal pueda resolver la cuesti\u00f3n\u201d,<\/strong> aleg\u00f3 el presidente del TOC N\u00b03 al pronunciarse al respecto.<\/p>\n\n\n\n<p><strong>Asimismo, Savarino inform\u00f3 a todas las partes que para el pr\u00f3ximo martes, cuando se reanude el juicio, ser\u00e1 necesario que asistan nuevamente los siete imputados en la causa, tal como en las primeras audiencias.<\/strong><\/p>\n\n\n\n<p><strong>Luego de la comunicaci\u00f3n de la decisi\u00f3n del tribunal y antes de que se diera por finalizada la jornada, la jueza Makintach pidi\u00f3 la palabra e hizo un breve descargo en el que adelant\u00f3 que, para que el proceso judicial no corra peligro, quiz\u00e1s ella misma tome la decisi\u00f3n de apartarse del debate.<\/strong><\/p>\n\n\n\n<p><strong>\u201cEntiendo la zozobra de todos. Estoy convencida de mi imparcialidad y no hay sospechas que puedan comprometer mi honor ni prestigio. Voy a dar las explicaciones del caso. Para denunciar a un juez hay que tener motivos fundados\u201d<\/strong>, dijo Makintach.<\/p>\n\n\n\n<p>Luego agreg\u00f3: \u201cOjal\u00e1 alcance a dar las razones del caso. En caso de que haya algo que est\u00e9 en peligro, quiz\u00e1 sea yo la que me aparte. Para denunciar a un juez hay que tener motivos serios y fundados porque las instituciones est\u00e1n en juego y la trayectoria tambi\u00e9n\u201d.<\/p>\n\n\n\n<p>La medida adoptada por los jueces responde al pedido que hab\u00eda efectuado al comienzo de la jornada el fiscal general adjunto de San Isidro Patricio Ferrari. Junto a su colega Cosme Iribarren, hab\u00edan solicitado que el debate oral se pause por 10 d\u00edas, que es el plazo m\u00e1ximo que se puede suspender un juicio seg\u00fan el C\u00f3digo Procesal de la provincia de Buenos Aires.<\/p>\n\n\n\n<p><strong>Sin embargo, tras analizarlo en un cuarto intermedio de media hora, los magistrados resolvieron la suspensi\u00f3n del proceso judicial, pero por una semana.<\/strong><\/p>\n\n\n\n<p>En su solicitud, el fiscal Ferrari hab\u00eda se\u00f1alado: <strong>\u201cSe\u00f1ores jueces, no ha escapado a ninguno de nosotros que lo sucedido en la \u00faltima jornada a todas luces implica gravedad institucional. Muchas veces se habla de la gravedad institucional en sentido abstracto, pero desde la l\u00f3gica y racionalidad es lo que pas\u00f3. \u00bfQu\u00e9 podr\u00edamos hacer ahora a partir de lo que observamos en la \u00faltima audiencia? \u00bfFingir demencia, hacer que no paso nada?\u201c.<\/strong><\/p>\n\n\n\n<p>Ferrari, quien junto a Iribarren lleva a cabo la acusaci\u00f3n contra los siete imputados, aleg\u00f3 que lo ocurrido compromete el prestigio del Poder Judicial y dijo que las primeras pruebas recabadas en la investigaci\u00f3n iniciada a partir de la denuncia de los abogados Fernando Burlando y Mario Baudry, \u201cno son alentadoras\u201d.<\/p>\n\n\n\n<p>El expediente en el que se investiga a la magistrada lo lleva la fiscal del \u00e1rea Criminal de San Isidro, Carolina Asprella.<\/p>\n\n\n\n<p><strong>\u201cNos parece sumamente prudente el aplazamiento del juicio por un plazo de 10 d\u00edas para resolver sobre un tema que aparece trayendo aparejada la gravedad institucional\u201d,<\/strong> dijo el fiscal Ferrari al concluir.<\/p>\n\n\n\n<p><strong>Su solicitud fue adherida por Burlando, representante de Dalma y Gianinna Maradona, quien manifest\u00f3 que \u201cno\u201d se puede \u201crecuperar del impacto\u201d que le generaron \u201clos hechos conocidos en la \u00faltima audiencia\u201d.<\/strong><\/p>\n\n\n\n<p>Tambi\u00e9n tuvo el aval del abogado de Jana Maradona, F\u00e9lix Linfante, que cit\u00f3 al fiscal Ferrari al decir: \u201cNo se puede fingir demencia tras lo ocurrido\u201d; de Mario Baudry, representante legal de Dieguito Fernando Maradona; de Pablo Jurado, que patrocina a las hermanas de Diego; y del letrado de Diego Junior.<\/p>\n\n\n\n<p><strong>Algunos defensores coincidieron con la propuesta. Entre ellos, Vadim Mischachunk, letrado de la psiquiatra Agustina Cosachov; Diego Olmedo, abogado de psic\u00f3logo Carlos D\u00edaz; y Mar\u00eda Julia Marcelli, que representa al cl\u00ednico imputado Pedro Di Spagna.<\/strong><\/p>\n\n\n\n<p class=\"has-medium-font-size\"><strong>El esc\u00e1ndalo que se investiga<\/strong><\/p>\n\n\n\n<p>La suspensi\u00f3n del debate oral por la muerte de Maradona se solicit\u00f3 mientras avanza un expediente en paralelo que se abri\u00f3 a partir de una denuncia penal realizada por los abogados Burlando y Baudry el jueves pasado.<\/p>\n\n\n\n<p><strong>La investigaci\u00f3n se centra en determinar si la jueza Makintach hab\u00eda autorizado o no el ingreso de dos infiltrados de una productora audiovisual que estaban grabando las audiencias a escondidas, a fin de hacer material para un presunto documental sobre el caso. Lo habr\u00edan hecho sin el consentimiento de las partes.<\/strong><\/p>\n\n\n\n<p>En el marco del expediente, que est\u00e1 a cargo de la fiscal Asprella, ya declararon dos polic\u00edas: <strong>aseguraron que la magistrada autoriz\u00f3 a un hombre y una mujer a ingresar a la sala. Se tratar\u00eda, en principio, de la misma pareja que en la audiencia pasada fue se\u00f1alada por el defensor de Luque como los supuestos infiltrados de la compa\u00f1\u00eda audiovisual.<\/strong><\/p>\n\n\n\n<p>En ese entonces, los se\u00f1alados dijeron no tener nada que ver con una productora. No obstante, este martes el fiscal Ferrari asegur\u00f3 en la audiencia que, con solo googlearlos, descubri\u00f3 que, al menos el hombre, era productor.<\/p>\n\n\n\n<p><strong>Este martes, cuando se decidi\u00f3 la suspensi\u00f3n del juicio y se debati\u00f3 el posible apartamiento de la jueza, ninguno de los dos se\u00f1alados se hizo presente en el palacio de Ituzaing\u00f3: en los \u00faltimos dos meses hab\u00edan asistido a casi todas las jornadas.<\/strong><\/p>\n","protected":false},"excerpt":{"rendered":"<p>Lo definieron los jueces del Tribunal Oral en lo Criminal N\u00ba3 de San Isidro, tras un pedido de la Fiscal\u00eda. La decisi\u00f3n fue por el esc\u00e1ndalo de la magistrada Julieta Makintach. Los jueces del Tribunal Oral en lo Criminal N\u00ba3 de San Isidro resolvieron suspender por 7 d\u00edas el juicio por la muerte de Diego [&hellip;]<\/p>\n","protected":false},"author":49,"featured_media":427571,"comment_status":"open","ping_status":"open","sticky":false,"template":"","format":"standard","meta":{"_stopmodifiedupdate":false,"_modified_date":"","inline_featured_image":false,"spay_email":"","jetpack_publicize_message":""},"categories":[2,5,3],"tags":[],"jetpack_featured_media_url":"https:\/\/notinor.com\/jujuy\/wp-content\/uploads\/2025\/05\/diego-maradona.jpg","jetpack_publicize_connections":[],"_links":{"self":[{"href":"https:\/\/notinor.com\/jujuy\/wp-json\/wp\/v2\/posts\/427570"}],"collection":[{"href":"https:\/\/notinor.com\/jujuy\/wp-json\/wp\/v2\/posts"}],"about":[{"href":"https:\/\/notinor.com\/jujuy\/wp-json\/wp\/v2\/types\/post"}],"author":[{"embeddable":true,"href":"https:\/\/notinor.com\/jujuy\/wp-json\/wp\/v2\/users\/49"}],"replies":[{"embeddable":true,"href":"https:\/\/notinor.com\/jujuy\/wp-json\/wp\/v2\/comments?post=427570"}],"version-history":[{"count":1,"href":"https:\/\/notinor.com\/jujuy\/wp-json\/wp\/v2\/posts\/427570\/revisions"}],"predecessor-version":[{"id":427572,"href":"https:\/\/notinor.com\/jujuy\/wp-json\/wp\/v2\/posts\/427570\/revisions\/427572"}],"wp:featuredmedia":[{"embeddable":true,"href":"https:\/\/notinor.com\/jujuy\/wp-json\/wp\/v2\/media\/427571"}],"wp:attachment":[{"href":"https:\/\/notinor.com\/jujuy\/wp-json\/wp\/v2\/media?parent=427570"}],"wp:term":[{"taxonomy":"category","embeddable":true,"href":"https:\/\/notinor.com\/jujuy\/wp-json\/wp\/v2\/categories?post=427570"},{"taxonomy":"post_tag","embeddable":true,"href":"https:\/\/notinor.com\/jujuy\/wp-json\/wp\/v2\/tags?post=427570"}],"curies":[{"name":"wp","href":"https:\/\/api.w.org\/{rel}","templated":true}]}}