{"id":427567,"date":"2025-05-20T17:34:30","date_gmt":"2025-05-20T20:34:30","guid":{"rendered":"https:\/\/notinor.com\/jujuy\/?p=427567"},"modified":"2025-05-20T17:34:34","modified_gmt":"2025-05-20T20:34:34","slug":"ciudadania-italiana-ya-es-ley-el-restrictivo-decreto-que-deja-afuera-del-tramite-a-miles-de-bisnietos-en-la-argentina","status":"publish","type":"post","link":"https:\/\/notinor.com\/jujuy\/ciudadania-italiana-ya-es-ley-el-restrictivo-decreto-que-deja-afuera-del-tramite-a-miles-de-bisnietos-en-la-argentina\/","title":{"rendered":"Ciudadan\u00eda italiana: ya es ley el restrictivo decreto que deja afuera del tr\u00e1mite a miles de bisnietos en la Argentina"},"content":{"rendered":"\n<p class=\"has-medium-font-size\"><strong><em>La C\u00e1mara de Diputados lo acaba de aprobar en Roma. \u00bfQu\u00e9 pasar\u00e1 a partir de ahora?<\/em><\/strong><\/p>\n\n\n<div class=\"wp-block-image\">\n<figure class=\"aligncenter size-large\"><img decoding=\"async\" loading=\"lazy\" width=\"840\" height=\"423\" src=\"https:\/\/notinor.com\/jujuy\/wp-content\/uploads\/2025\/05\/image-37-840x423.png\" alt=\"\" class=\"wp-image-427568\" srcset=\"https:\/\/notinor.com\/jujuy\/wp-content\/uploads\/2025\/05\/image-37-840x423.png 840w, https:\/\/notinor.com\/jujuy\/wp-content\/uploads\/2025\/05\/image-37-660x332.png 660w, https:\/\/notinor.com\/jujuy\/wp-content\/uploads\/2025\/05\/image-37-768x386.png 768w, https:\/\/notinor.com\/jujuy\/wp-content\/uploads\/2025\/05\/image-37-360x180.png 360w, https:\/\/notinor.com\/jujuy\/wp-content\/uploads\/2025\/05\/image-37-750x377.png 750w, https:\/\/notinor.com\/jujuy\/wp-content\/uploads\/2025\/05\/image-37-1140x574.png 1140w, https:\/\/notinor.com\/jujuy\/wp-content\/uploads\/2025\/05\/image-37.png 1232w\" sizes=\"(max-width: 840px) 100vw, 840px\" \/><\/figure><\/div>\n\n\n<p><\/p>\n\n\n\n<p><strong>La\u00a0ciudadan\u00eda italiana<\/strong>, que por muchos a\u00f1os fue la \u201cpuerta de entrada a Europa\u201d, casi un derecho garantizado para los descendientes de italianos en la Argentina,\u00a0<strong>se acaba de cerrar<\/strong>. Al menos, para miles de bisnietos y tataranietos en el pa\u00eds.<\/p>\n\n\n\n<p><strong>La<\/strong>\u00a0<strong>C\u00e1mara de Diputados de Italia<\/strong>\u00a0<strong>aprob\u00f3 este martes por 137 votos a favor y 83 en contra el decreto-ley 36<\/strong>, que\u00a0limit\u00f3 al extremo el alcance del ius sanguinis\u00a0(derecho de sangre sin l\u00edmite generacional). <strong>Ahora s\u00f3lo pueden transmitir la ciudadan\u00eda padres o abuelos <\/strong>que no se hayan desnaturalizado, es decir, pueden obtenerla\u00a0hijos o nietos de italianos.<\/p>\n\n\n\n<p><strong>Falta la firma del presidente de Italia<\/strong>, lo que ocurrir\u00e1 en las pr\u00f3ximas horas, para que el texto se publique en el Bolet\u00edn Oficial italiano y ya empiece a regir.<\/p>\n\n\n\n<p>Con media sanci\u00f3n en el Senado, el jueves pasado, el restrictivo decreto promovido por el gobierno de Giorgia Meloni comenzaba a cambiar para siempre la historia del aspiracional de cientos de miles de bisnietos y tataranietos en el mundo, y particularmente de los argentinos, a quienes\u00a0<strong>s\u00f3lo en 2024 se les reconocieron 30.000 ciudadan\u00edas<\/strong>.<\/p>\n\n\n\n<p>En la pr\u00e1ctica, el acceso a la ciudadan\u00eda italiana por ius sanguinis fue durante a\u00f1os un\u00a0<strong>salvoconducto para los argentinos que ten\u00edan un antepasado italiano<\/strong>.<\/p>\n\n\n\n<p>As\u00ed lo indica el art\u00edculo 3-bis, inciso c: \u201c<strong>Un ascendiente de primer o segundo grado posee, o pose\u00eda al momento de su fallecimiento, exclusivamente la ciudadan\u00eda italiana\u201d.<\/strong><\/p>\n\n\n\n<p>Esto significa que <strong>los bisnietos y tataranietos <\/strong>\u2014como la mayor\u00eda de los argentinos que hoy intentan tramitar la ciudadan\u00eda en consulados\u2014 <strong>quedan\u00a0excluidos<\/strong>.<\/p>\n\n\n\n<p class=\"has-medium-font-size\"><strong>Miles en el limbo<\/strong><\/p>\n\n\n\n<p>Seg\u00fan estimaciones extraoficiales de consulados,&nbsp;<strong>entre 40.000 y 60.000 solicitudes de ciudadan\u00eda italiana est\u00e1n en curso en la Argentina<\/strong>. La mayor\u00eda, de bisnietos.<\/p>\n\n\n\n<p>Con esta reforma,<strong>\u00a0las carpetas ya presentadas para la realizaci\u00f3n del tr\u00e1mite\u00a0de la ciudadan\u00eda se regir\u00e1n bajo la ley anterior<\/strong>, y <strong>sobre las nuevas solicitudes caer\u00e1 el peso de los nuevos requisitos.<\/strong><\/p>\n\n\n\n<p><strong>Quienes ten\u00edan turnos consulares asignados antes<\/strong> de ese momento l\u00edmite, pero para despu\u00e9s de esa fecha,\u00a0<strong>tambi\u00e9n se regir\u00e1n bajo la ley previa<\/strong>.<\/p>\n\n\n\n<p>El resto, quienes no hab\u00edan logrado presentar la carpeta o ni siquiera obtener una cita \u2014que en Argentina era casi una misi\u00f3n imposible por la falta de turnos\u2014\u00a0<strong>no podr\u00e1n ser italianos<\/strong>.<\/p>\n\n\n\n<p>El 27 de marzo fue\u00a0<strong>el peor d\u00eda para los descendientes de italianos<\/strong>. No hubo anuncio previo ni aviso consular. Se comunic\u00f3 que el \u201cdecreto Tajani\u201d comenzaba a complicar el reconocimiento de la ciudadan\u00eda italiana.<\/p>\n\n\n\n<p>\u201c<strong>Esa barrera burocr\u00e1tica se convirti\u00f3 en\u00a0un muro legal\u00a0para miles de argentinos<\/strong>. Adem\u00e1s, se est\u00e1 considerando a\u00a0<strong>ciudadanos de segunda<\/strong>\u00a0<strong>a los nacidos fuera de Italia<\/strong> comparado a los que nacieron en territorio italiano. Vamos a llevar este acto discriminatorio a las instancias que sean para que la Corte declare su inconstitucionalidad\u201d, adelant\u00f3 el diputado italo-argentino Franco Tirelli, que tiene su banca en el parlamento italiano desde el Movimiento Asociativo Italianos en el Exterior (MAIE).<\/p>\n\n\n\n<p><strong>Muchos argentinos sienten que\u00a0se rompe una promesa hist\u00f3rica<\/strong>. La de que Italia siempre reconocer\u00eda a sus hijos, aunque nacieran lejos.<\/p>\n","protected":false},"excerpt":{"rendered":"<p>La C\u00e1mara de Diputados lo acaba de aprobar en Roma. \u00bfQu\u00e9 pasar\u00e1 a partir de ahora? La\u00a0ciudadan\u00eda italiana, que por muchos a\u00f1os fue la \u201cpuerta de entrada a Europa\u201d, casi un derecho garantizado para los descendientes de italianos en la Argentina,\u00a0se acaba de cerrar. Al menos, para miles de bisnietos y tataranietos en el pa\u00eds. [&hellip;]<\/p>\n","protected":false},"author":51,"featured_media":427568,"comment_status":"open","ping_status":"open","sticky":false,"template":"","format":"standard","meta":{"_stopmodifiedupdate":false,"_modified_date":"","inline_featured_image":false,"spay_email":"","jetpack_publicize_message":""},"categories":[13],"tags":[],"jetpack_featured_media_url":"https:\/\/notinor.com\/jujuy\/wp-content\/uploads\/2025\/05\/image-37.png","jetpack_publicize_connections":[],"_links":{"self":[{"href":"https:\/\/notinor.com\/jujuy\/wp-json\/wp\/v2\/posts\/427567"}],"collection":[{"href":"https:\/\/notinor.com\/jujuy\/wp-json\/wp\/v2\/posts"}],"about":[{"href":"https:\/\/notinor.com\/jujuy\/wp-json\/wp\/v2\/types\/post"}],"author":[{"embeddable":true,"href":"https:\/\/notinor.com\/jujuy\/wp-json\/wp\/v2\/users\/51"}],"replies":[{"embeddable":true,"href":"https:\/\/notinor.com\/jujuy\/wp-json\/wp\/v2\/comments?post=427567"}],"version-history":[{"count":1,"href":"https:\/\/notinor.com\/jujuy\/wp-json\/wp\/v2\/posts\/427567\/revisions"}],"predecessor-version":[{"id":427569,"href":"https:\/\/notinor.com\/jujuy\/wp-json\/wp\/v2\/posts\/427567\/revisions\/427569"}],"wp:featuredmedia":[{"embeddable":true,"href":"https:\/\/notinor.com\/jujuy\/wp-json\/wp\/v2\/media\/427568"}],"wp:attachment":[{"href":"https:\/\/notinor.com\/jujuy\/wp-json\/wp\/v2\/media?parent=427567"}],"wp:term":[{"taxonomy":"category","embeddable":true,"href":"https:\/\/notinor.com\/jujuy\/wp-json\/wp\/v2\/categories?post=427567"},{"taxonomy":"post_tag","embeddable":true,"href":"https:\/\/notinor.com\/jujuy\/wp-json\/wp\/v2\/tags?post=427567"}],"curies":[{"name":"wp","href":"https:\/\/api.w.org\/{rel}","templated":true}]}}