{"id":427400,"date":"2025-05-16T21:29:49","date_gmt":"2025-05-17T00:29:49","guid":{"rendered":"https:\/\/notinor.com\/jujuy\/?p=427400"},"modified":"2025-05-16T21:29:50","modified_gmt":"2025-05-17T00:29:50","slug":"sin-actividad-ni-anuncios-el-triangulo-de-hierro-estuvo-con-adorni-en-el-inicio-de-la-veda-electoral","status":"publish","type":"post","link":"https:\/\/notinor.com\/jujuy\/sin-actividad-ni-anuncios-el-triangulo-de-hierro-estuvo-con-adorni-en-el-inicio-de-la-veda-electoral\/","title":{"rendered":"Sin actividad ni anuncios, el \u201cTri\u00e1ngulo de Hierro\u201d estuvo con Adorni en el inicio de la veda electoral"},"content":{"rendered":"\n<p class=\"has-medium-font-size\"><strong><em>Los planes de revelar medidas con los que especulaban llamar la atenci\u00f3n quedaron anulados para evitar las cr\u00edticas. El Presidente estuvo en Gobierno y volvi\u00f3 a la quinta de Olivos. El vocero-candidato habl\u00f3 con Santiago Caputo y Karina Milei.<\/em><\/strong><\/p>\n\n\n\n<p><\/p>\n\n\n<div class=\"wp-block-image\">\n<figure class=\"aligncenter size-full\"><img decoding=\"async\" loading=\"lazy\" width=\"800\" height=\"450\" src=\"https:\/\/notinor.com\/jujuy\/wp-content\/uploads\/2025\/05\/triangulo-de-hierro.jpg\" alt=\"\" class=\"wp-image-427401\" srcset=\"https:\/\/notinor.com\/jujuy\/wp-content\/uploads\/2025\/05\/triangulo-de-hierro.jpg 800w, https:\/\/notinor.com\/jujuy\/wp-content\/uploads\/2025\/05\/triangulo-de-hierro-649x365.jpg 649w, https:\/\/notinor.com\/jujuy\/wp-content\/uploads\/2025\/05\/triangulo-de-hierro-500x280.jpg 500w, https:\/\/notinor.com\/jujuy\/wp-content\/uploads\/2025\/05\/triangulo-de-hierro-768x432.jpg 768w, https:\/\/notinor.com\/jujuy\/wp-content\/uploads\/2025\/05\/triangulo-de-hierro-750x422.jpg 750w\" sizes=\"(max-width: 800px) 100vw, 800px\" \/><\/figure><\/div>\n\n\n<p><\/p>\n\n\n\n<p>El primer d\u00eda de la veda estuvo aparentemente quieto en la Casa Rosada, con nulas actividades en la agenda oficial, ni reuniones con actores ajenos al Gobierno. <strong>Los movimientos fueron internos, con algunas reuniones clave entre los m\u00e1ximos actores funcionarios para sopesar el escenario de cara al domingo de elecciones en la Ciudad, el primer gran moj\u00f3n electoral para el oficialismo desde que Javier Milei lleg\u00f3 al poder.<\/strong><\/p>\n\n\n\n<p><strong>El \u201ctri\u00e1ngulo de hierro\u201d (en palabras de Milei) que conforman el Presidente, la secretaria general, Karina Milei, y el superasesor Santiago Caputo estuvieron activos en la sede gubermanental.<\/strong> El primero lleg\u00f3 temprano por la ma\u00f1ana y se fue pasado el mediod\u00eda; la funcionaria y el estratega tambi\u00e9n llegaron antes de las 10, pero se quedaron entrada la tarde, al igual que el portavoz.<\/p>\n\n\n\n<p><strong>Karina, Caputo y Adorni estuvieron reunidos en el inicio de la tarde hasta cerca de las 15, definitivamente sin planes de hacer declaraciones ni exhibiciones p\u00fablicas, pero \u00e1vidos por seguir en privado y en conjunto las encuestas y los movimientos propios y de los otros candidatos en redes.<\/strong><\/p>\n\n\n\n<p>Despu\u00e9s de un cierre adelantado -lo hicieron el mi\u00e9rcoles, en lugar del jueves, como acostumbran los oficialismos en \u00e9poca electoral- el oficialismo baj\u00f3 desde ayer la velocidad de los anuncios, actos y recorridas que hab\u00eda acelerado durante los \u00faltimos diez d\u00edas de campa\u00f1a. Y si bien en un principio altos funcionarios hab\u00edan dicho que proyectaban revelar medidas incluso durante la veda -dec\u00edan que es \u201cobsoleta\u201d-, finalmente decidieron suspender todo y restringirse a las reuniones privadas para monitorear la jornada.<\/p>\n\n\n\n<p><strong>Inclusive antes de que empezara la prohibici\u00f3n de actividades que puedan influir en el electorado, Adorni dijo en sus redes, ayer, que incluso postergaban hasta nuevo aviso la divulgaci\u00f3n de los detalles de la iniciativa que prepara Econom\u00eda para incentivar el uso de d\u00f3lares \u201cdel colch\u00f3n\u201d y que ten\u00edan previsto difundir sobre el filo de la veda con una conferencia de prensa en la Casa de Gobierno.<\/strong><\/p>\n\n\n\n<p>El motivo: evitar las cr\u00edticas del kirchnerismo por el uso del Estado con fines proselitistas que hab\u00edan recibido con la quita de aranceles a videojuegos y celulares o la reforma migratoria, dadas a conocer en los primeros d\u00edas de la semana. Despu\u00e9s, en una entrevista con A24 -la \u00faltima antes de los comicios- Adorni agreg\u00f3 que hab\u00eda recibido denuncias en la Justicia con estas acusaciones.<\/p>\n\n\n\n<p>La tropa militante de Milei en redes, claro, hizo caso omiso a las interdicciones y sus m\u00e1ximos referentes se mostraban muy activos entre publicaciones de mensajes, videos y emoticones violetas. Mientras tanto, en otros espacios hac\u00edan lo propio en el terreno virtual.<strong> Por caso, Ramiro Marra, el rival \u201cinterno\u201d de Adorni, llamaba a inscribirse en un sorteo por 10 mil d\u00f3lares -que, dijo, fue lo que se ahorr\u00f3 por no hacer un acto de campa\u00f1a de estilo tradicional-.<\/strong><\/p>\n\n\n\n<p>Las Fuerzas del Cielo en X, desde anoche, tambi\u00e9n segu\u00edan dinamitando p\u00fablicamente la relaci\u00f3n con el armador de Karina Milei, Sebasti\u00e1n Pareja, con quien los \u00e1nimos vienen recalent\u00e1ndose. <strong>Espec\u00edficamente, algunos de los tuiteros con m\u00e1s seguidores le reprochaban que hubiera excluido de una foto que public\u00f3 con los m\u00e1ximos exponentes mileistas en la Provincia, a uno de los pesos pesados de la tropa caputista, Agust\u00edn Romo.<\/strong><\/p>\n\n\n\n<p>Esas cuentas, que suelen replicar el Presidente y los funcionarios que responden a Santiago Caputo, le mostraron los dientes, quiz\u00e1 como nunca, a la mano derecha de la Secretaria General en el territorio bonaerense, por no convidar a posar frente a la Casa Rosda al presidente de la bancada libertaria en la Legislatura de PBA y uno de los hombres m\u00e1s cercanos del asesor.<\/p>\n\n\n\n<p><strong>El domingo, el Presidente estar\u00e1 con Adorni en el b\u00fanker del hotel Libertador, el mismo donde los violetas esperaron los resultados en las PASO, las Generales y el ballotage de 2023; y donde Milei se instal\u00f3 durante un mes en el piso 22 durante m\u00e1s de un mes desde que fue electo presidente hasta que se mud\u00f3 a Olivos definitivamente.<\/strong> Adorni, Karina y compa\u00f1\u00eda tienen previsto votar temprano, almorzar -en un lugar a\u00fan no decidido- e ir al edificio de C\u00f3rdoba al 900 entre las 15 y las 16.<\/p>\n\n\n\n<p>Como en esas ocasiones, nuevamente est\u00e1 dispuesto que en el sal\u00f3n m\u00e1s importante, en el primer piso, llamado Grand Bourg, se instale la prensa y un peque\u00f1o escenario para que el Presidente y los suyos hablen despu\u00e9s de que se conozcan los primeros resultados oficiales que, est\u00e1n convencidos, se sabr\u00e1n temprano, y los ubicar\u00e1n en un empate t\u00e9cnico con Leandro Santoro (Es Ahora) y -insisten- muy por encima de Silvia Lospennato (PRO).<\/p>\n","protected":false},"excerpt":{"rendered":"<p>Los planes de revelar medidas con los que especulaban llamar la atenci\u00f3n quedaron anulados para evitar las cr\u00edticas. El Presidente estuvo en Gobierno y volvi\u00f3 a la quinta de Olivos. El vocero-candidato habl\u00f3 con Santiago Caputo y Karina Milei. El primer d\u00eda de la veda estuvo aparentemente quieto en la Casa Rosada, con nulas actividades [&hellip;]<\/p>\n","protected":false},"author":49,"featured_media":427401,"comment_status":"open","ping_status":"open","sticky":false,"template":"","format":"standard","meta":{"_stopmodifiedupdate":false,"_modified_date":"","inline_featured_image":false,"spay_email":"","jetpack_publicize_message":""},"categories":[2,501],"tags":[],"jetpack_featured_media_url":"https:\/\/notinor.com\/jujuy\/wp-content\/uploads\/2025\/05\/triangulo-de-hierro.jpg","jetpack_publicize_connections":[],"_links":{"self":[{"href":"https:\/\/notinor.com\/jujuy\/wp-json\/wp\/v2\/posts\/427400"}],"collection":[{"href":"https:\/\/notinor.com\/jujuy\/wp-json\/wp\/v2\/posts"}],"about":[{"href":"https:\/\/notinor.com\/jujuy\/wp-json\/wp\/v2\/types\/post"}],"author":[{"embeddable":true,"href":"https:\/\/notinor.com\/jujuy\/wp-json\/wp\/v2\/users\/49"}],"replies":[{"embeddable":true,"href":"https:\/\/notinor.com\/jujuy\/wp-json\/wp\/v2\/comments?post=427400"}],"version-history":[{"count":1,"href":"https:\/\/notinor.com\/jujuy\/wp-json\/wp\/v2\/posts\/427400\/revisions"}],"predecessor-version":[{"id":427402,"href":"https:\/\/notinor.com\/jujuy\/wp-json\/wp\/v2\/posts\/427400\/revisions\/427402"}],"wp:featuredmedia":[{"embeddable":true,"href":"https:\/\/notinor.com\/jujuy\/wp-json\/wp\/v2\/media\/427401"}],"wp:attachment":[{"href":"https:\/\/notinor.com\/jujuy\/wp-json\/wp\/v2\/media?parent=427400"}],"wp:term":[{"taxonomy":"category","embeddable":true,"href":"https:\/\/notinor.com\/jujuy\/wp-json\/wp\/v2\/categories?post=427400"},{"taxonomy":"post_tag","embeddable":true,"href":"https:\/\/notinor.com\/jujuy\/wp-json\/wp\/v2\/tags?post=427400"}],"curies":[{"name":"wp","href":"https:\/\/api.w.org\/{rel}","templated":true}]}}