{"id":427397,"date":"2025-05-16T13:26:02","date_gmt":"2025-05-16T16:26:02","guid":{"rendered":"https:\/\/notinor.com\/jujuy\/?p=427397"},"modified":"2025-05-16T13:26:04","modified_gmt":"2025-05-16T16:26:04","slug":"jujuy-incorpora-maquinaria-para-reciclado-de-plasticos","status":"publish","type":"post","link":"https:\/\/notinor.com\/jujuy\/jujuy-incorpora-maquinaria-para-reciclado-de-plasticos\/","title":{"rendered":"Jujuy incorpora maquinaria para reciclado de pl\u00e1sticos"},"content":{"rendered":"\n<p class=\"has-medium-font-size\"><strong><em>Se present\u00f3 nuevo equipamiento para el reciclado mec\u00e1nico de\u00a0pl\u00e1sticos\u00a0en el Centro Ambiental Jujuy, que permitir\u00e1 agregar valor a los materiales recuperados y potenciar la cadena productiva local.<\/em><\/strong><\/p>\n\n\n<div class=\"wp-block-image\">\n<figure class=\"aligncenter\"><img decoding=\"async\" src=\"https:\/\/media.prensa.jujuy.gob.ar\/p\/1d577da5e480d40929422429e5ab05e8\/adjuntos\/301\/imagenes\/000\/411\/0000411014\/1200x0\/smart\/img_3698jpg.jpg\" alt=\"Jujuy incorpora maquinaria para reciclado de pl\u00e1sticos\" title=\"Jujuy incorpora maquinaria para reciclado de pl\u00e1sticos\"\/><\/figure><\/div>\n\n\n<p>El Ministerio de Ambiente y Cambio Clim\u00e1tico de Jujuy present\u00f3 la nueva maquinaria adquirida para el reciclado mec\u00e1nico de pl\u00e1sticos. En el marco del proyecto \u201cReciclado mec\u00e1nico de pl\u00e1stico y transferencia tecnol\u00f3gica en el contexto de la econom\u00eda circular y la transici\u00f3n justa en la Provincia de Jujuy\u201d.<a href=\"https:\/\/media.prensa.jujuy.gob.ar\/p\/1d577da5e480d40929422429e5ab05e8\/adjuntos\/301\/imagenes\/000\/411\/0000411014\/1200x0\/smart\/img_3698jpg.jpg\"><\/a><\/p>\n\n\n\n<figure class=\"wp-block-image\"><img decoding=\"async\" src=\"https:\/\/media.prensa.jujuy.gob.ar\/p\/004e2419fbb9390ae997374218e25f33\/adjuntos\/301\/imagenes\/000\/411\/0000411015\/1200x0\/smart\/img_3709jpg.jpg\" alt=\"Jujuy incorpora maquinaria para reciclado de pl\u00e1sticos\" title=\"Jujuy incorpora maquinaria para reciclado de pl\u00e1sticos\"\/><\/figure>\n\n\n\n<p>La iniciativa se concreta a trav\u00e9s del Convenio de Proyectos Federales de Innovaci\u00f3n firmado entre la cartera ambiental provincial y la Agencia de Ciencia, Tecnolog\u00eda e Innovaci\u00f3n, con el objetivo de fortalecer el desarrollo sostenible y la inclusi\u00f3n productiva.<a href=\"https:\/\/media.prensa.jujuy.gob.ar\/p\/004e2419fbb9390ae997374218e25f33\/adjuntos\/301\/imagenes\/000\/411\/0000411015\/1200x0\/smart\/img_3709jpg.jpg\"><\/a><\/p>\n\n\n\n<figure class=\"wp-block-image\"><img decoding=\"async\" src=\"https:\/\/media.prensa.jujuy.gob.ar\/p\/38ff75579983a12655eeb47bb9aea5fc\/adjuntos\/301\/imagenes\/000\/411\/0000411016\/1200x0\/smart\/img_3694jpg.jpg\" alt=\"Jujuy incorpora maquinaria para reciclado de pl\u00e1sticos\" title=\"Jujuy incorpora maquinaria para reciclado de pl\u00e1sticos\"\/><\/figure>\n\n\n\n<p>El equipamiento ser\u00e1 destinado a los trabajadores del Centro Ambiental Jujuy (CAJ), con el fin de mejorar el procesamiento de residuos pl\u00e1sticos y aumentar el valor agregado de los productos que all\u00ed se clasifican.<\/p>\n\n\n\n<p>Durante la presentaci\u00f3n, la ministra <strong>Mar\u00eda In\u00e9s Zigar\u00e1n<\/strong> destac\u00f3 que \u201ceste es un avance muy importante porque permite agregar valor a una de las corrientes de residuos que trabajamos en el CAJ. Agradezco a la Agencia de Ciencia y Tecnolog\u00eda por permitirnos acceder a este proyecto, al INTI, a la empresa estatal GIRSU que administra el Centro, y a la Cooperativa Recicladores del Norte, cuyos integrantes se capacitaron para operar esta maquinaria nueva, eficiente y de gran impacto\".\u00a0<\/p>\n\n\n\n<p>\"Este equipamiento -a\u00f1adi\u00f3- ayudar\u00e1 a poner en el mercado un nuevo producto: el pl\u00e1stico peletizado, con lo cual podemos obtener un mejor valor, teniendo un impacto social, ambiental y econ\u00f3mico, por lo que estamos muy contentos con esta adquisici\u00f3n\u201d, concluy\u00f3.&nbsp;<\/p>\n\n\n\n<p>El proyecto tiene como objetivos ampliar la cadena de valor del reciclaje de pl\u00e1sticos recuperados en cinta, mediante procesos de selecci\u00f3n, lavado y triturado que mejoran su comercializaci\u00f3n; y transferir capacidades a los operarios, quienes fueron formados para el uso de la nueva tecnolog\u00eda, garantizando la sostenibilidad del proceso.&nbsp;<\/p>\n\n\n\n<p>Con esta acci\u00f3n, el Gobierno de Jujuy reafirma su compromiso con una econom\u00eda circular inclusiva y justa, que genera empleo, reduce impactos ambientales y promueve la innovaci\u00f3n productiva.&nbsp;<\/p>\n\n\n\n<p>Estuvieron adem\u00e1s los titulares de distintos organismos junto a sus equipos: el titular de la Agencia de Ciencia, Tecnolog\u00eda e Innovacion, <strong>Luis Bono<\/strong>; del INTI, Sergio Guar<strong>i<\/strong>, Director t\u00e9cnico del proyecto; el presidente de GIRSU S.E. <strong>Leandro \u00c1lvarez<\/strong>; la gerente de GIRSU S.E. <strong>Monica Aramayo<\/strong>; y <strong>Mart\u00edn Lozano<\/strong>, Director de Pol\u00edticas Socioambientales del Ministerio de Ambiente y Cambio Clim\u00e1tico de Jujuy.<\/p>\n","protected":false},"excerpt":{"rendered":"<p>Se present\u00f3 nuevo equipamiento para el reciclado mec\u00e1nico de\u00a0pl\u00e1sticos\u00a0en el Centro Ambiental Jujuy, que permitir\u00e1 agregar valor a los materiales recuperados y potenciar la cadena productiva local. El Ministerio de Ambiente y Cambio Clim\u00e1tico de Jujuy present\u00f3 la nueva maquinaria adquirida para el reciclado mec\u00e1nico de pl\u00e1sticos. En el marco del proyecto \u201cReciclado mec\u00e1nico de [&hellip;]<\/p>\n","protected":false},"author":5,"featured_media":427398,"comment_status":"open","ping_status":"open","sticky":false,"template":"","format":"standard","meta":{"_stopmodifiedupdate":false,"_modified_date":"","inline_featured_image":false,"spay_email":"","jetpack_publicize_message":""},"categories":[2],"tags":[],"jetpack_featured_media_url":"https:\/\/notinor.com\/jujuy\/wp-content\/uploads\/2025\/05\/RECOCLADO.jpg","jetpack_publicize_connections":[],"_links":{"self":[{"href":"https:\/\/notinor.com\/jujuy\/wp-json\/wp\/v2\/posts\/427397"}],"collection":[{"href":"https:\/\/notinor.com\/jujuy\/wp-json\/wp\/v2\/posts"}],"about":[{"href":"https:\/\/notinor.com\/jujuy\/wp-json\/wp\/v2\/types\/post"}],"author":[{"embeddable":true,"href":"https:\/\/notinor.com\/jujuy\/wp-json\/wp\/v2\/users\/5"}],"replies":[{"embeddable":true,"href":"https:\/\/notinor.com\/jujuy\/wp-json\/wp\/v2\/comments?post=427397"}],"version-history":[{"count":1,"href":"https:\/\/notinor.com\/jujuy\/wp-json\/wp\/v2\/posts\/427397\/revisions"}],"predecessor-version":[{"id":427399,"href":"https:\/\/notinor.com\/jujuy\/wp-json\/wp\/v2\/posts\/427397\/revisions\/427399"}],"wp:featuredmedia":[{"embeddable":true,"href":"https:\/\/notinor.com\/jujuy\/wp-json\/wp\/v2\/media\/427398"}],"wp:attachment":[{"href":"https:\/\/notinor.com\/jujuy\/wp-json\/wp\/v2\/media?parent=427397"}],"wp:term":[{"taxonomy":"category","embeddable":true,"href":"https:\/\/notinor.com\/jujuy\/wp-json\/wp\/v2\/categories?post=427397"},{"taxonomy":"post_tag","embeddable":true,"href":"https:\/\/notinor.com\/jujuy\/wp-json\/wp\/v2\/tags?post=427397"}],"curies":[{"name":"wp","href":"https:\/\/api.w.org\/{rel}","templated":true}]}}