{"id":427369,"date":"2025-05-16T10:08:17","date_gmt":"2025-05-16T13:08:17","guid":{"rendered":"https:\/\/notinor.com\/jujuy\/?p=427369"},"modified":"2025-05-16T10:08:19","modified_gmt":"2025-05-16T13:08:19","slug":"leon-xiv-insto-a-los-gobiernos-a-apoyar-la-formacion-de-familias-fundadas-en-la-union-estable-entre-el-hombre-y-la-mujer","status":"publish","type":"post","link":"https:\/\/notinor.com\/jujuy\/leon-xiv-insto-a-los-gobiernos-a-apoyar-la-formacion-de-familias-fundadas-en-la-union-estable-entre-el-hombre-y-la-mujer\/","title":{"rendered":"Le\u00f3n XIV inst\u00f3 a los gobiernos a apoyar la formaci\u00f3n de familias \u201cfundadas en la uni\u00f3n estable entre el hombre y la mujer\u201d"},"content":{"rendered":"\n<p class=\"has-medium-font-size\"><strong><em>El pont\u00edfice brind\u00f3 un discurso ante los representantes de los 184 pa\u00edses con los que la Santa Sede mantiene relaciones diplom\u00e1ticas.<\/em><\/strong><\/p>\n\n\n\n<p class=\"has-text-align-center\"><img decoding=\"async\" loading=\"lazy\" height=\"533\" width=\"800\" src=\"https:\/\/www.infobae.com\/resizer\/v2\/L2CNBZGKIRDORJUVZFSHPQPM3Y.jpg?auth=6f82f3247bd83fb4b0997c981694aff79e915681bbd257acde3af01865955522&amp;smart=true&amp;width=350&amp;height=233&amp;quality=85\" alt=\"El papa Le\u00f3n XIV (REUTERS\/Eloisa\"><\/p>\n\n\n\n<p>                                                                                 El papa Le\u00f3n XIV <\/p>\n\n\n\n<p>El&nbsp;<strong>papa Le\u00f3n XIV<\/strong>&nbsp;inst\u00f3 este viernes a los gobiernos a \u201c<strong>aplicarse para construir sociedades civiles arm\u00f3nicas y pac\u00edficas<\/strong>\u201d, algo que puede \u201c<strong>realizarse sobre todo invirtiendo en la familia, fundada sobre la uni\u00f3n estable entre el hombre y la mujer<\/strong>\u201d, en un discurso al cuerpo diplom\u00e1tico acreditado ante la Santa Sede.<\/p>\n\n\n\n<p>Ante los representantes de los 184 pa\u00edses con los que la Santa Sede mantiene relaciones diplom\u00e1ticas, el pont\u00edfice estadounidense defendi\u00f3 que \u201cen el cambio de \u00e9poca que estamos viviendo, la Santa Sede no puede eximirse de hacer sentir su propia voz ante los numerosos desequilibrios y las injusticias que conducen, entre otras cosas, a&nbsp;<strong>condiciones indignas de trabajo y a sociedades cada vez m\u00e1s fragmentadas y conflictivas<\/strong>\u201d.<\/p>\n\n\n\n<p>Es necesario, adem\u00e1s, \u201c<strong>esforzarse por remediar las desigualdades globales<\/strong>, que trazan surcos profundos de opulencia e indigencia entre continentes, pa\u00edses e, incluso, dentro de las mismas sociedades\u201d.<\/p>\n\n\n\n<p>Y por ello abog\u00f3 a quien tiene responsabilidad de gobierno \u201ca\u00a0<strong>aplicarse para construir sociedades civiles arm\u00f3nicas y pac\u00edficas<\/strong>. Esto puede realizarse sobre todo\u00a0<strong>invirtiendo en la familia<\/strong>,\u00a0<strong>fundada sobre la uni\u00f3n estable entre el hombre y la mujer<\/strong>, bien peque\u00f1a, es cierto, pero verdadera sociedad y m\u00e1s antigua que cualquier otra\u201d.<\/p>\n\n\n\n<p class=\"has-text-align-center\"><img decoding=\"async\" loading=\"lazy\" height=\"533\" width=\"800\" src=\"https:\/\/www.infobae.com\/resizer\/v2\/HJF4KCAFFFEHRDWZVHDBLP23UQ.jpg?auth=18642a457cdad5615f795992c070f5468bbff7aa15c8f02bfa4f8256e82465ad&amp;smart=true&amp;width=350&amp;height=233&amp;quality=85\" alt=\"El papa Le\u00f3n XIV dijo\"><\/p>\n\n\n\n<p>           El papa Le\u00f3n XIV dijo que es necesario \u201cesforzarse por remediar las desigualdades globales\" <\/p>\n\n\n\n<p>Adem\u00e1s, se refiri\u00f3 a la necesidad de \u201c<strong>favorecer contextos en los que se tutele la dignidad de cada persona<\/strong>, especialmente de aquellas m\u00e1s fr\u00e1giles e indefensas, desde el ni\u00f1o por nacer hasta el anciano, desde el enfermo al desocupado, sean estos ciudadanos o inmigrantes\u201d.<\/p>\n\n\n\n<p>En el primer encuentro con los diplom\u00e1ticos,&nbsp;<strong>Le\u00f3n XIV<\/strong>&nbsp;tambi\u00e9n abog\u00f3 por dar nuevo impulso a la diplomacia multilateral y a aquellas instituciones internacionales que fueron queridas y concebidas ante todo para resolver las controversias que puedan surgir en el seno de la comunidad internacional.<\/p>\n\n\n\n<p>Y record\u00f3 la \u00faltima petici\u00f3n del&nbsp;<strong>papa Francisco<\/strong>, el&nbsp;<strong>Domingo de Resurrecci\u00f3n<\/strong>, de&nbsp;<strong>abandonar la carrera al rearme<\/strong>.<\/p>\n\n\n\n<p>\u201cEs un tiempo de conversi\u00f3n y de renovaci\u00f3n, y sobre todo la ocasi\u00f3n para dejar atr\u00e1s las contiendas y comenzar un camino nuevo, animados por la esperanza de poder construir, trabajando juntos, cada uno seg\u00fan sus propias sensibilidades y responsabilidades, un mundo en el que cada uno de nosotros pueda realizar la propia humanidad en la verdad, en la justicia y en la paz\u201d, concluy\u00f3 el papa ante los diplom\u00e1ticos.<\/p>\n","protected":false},"excerpt":{"rendered":"<p>El pont\u00edfice brind\u00f3 un discurso ante los representantes de los 184 pa\u00edses con los que la Santa Sede mantiene relaciones diplom\u00e1ticas. El papa Le\u00f3n XIV El&nbsp;papa Le\u00f3n XIV&nbsp;inst\u00f3 este viernes a los gobiernos a \u201caplicarse para construir sociedades civiles arm\u00f3nicas y pac\u00edficas\u201d, algo que puede \u201crealizarse sobre todo invirtiendo en la familia, fundada sobre la [&hellip;]<\/p>\n","protected":false},"author":5,"featured_media":427370,"comment_status":"open","ping_status":"open","sticky":false,"template":"","format":"standard","meta":{"_stopmodifiedupdate":false,"_modified_date":"","inline_featured_image":false,"spay_email":"","jetpack_publicize_message":""},"categories":[6],"tags":[],"jetpack_featured_media_url":"https:\/\/notinor.com\/jujuy\/wp-content\/uploads\/2025\/05\/LEON.jpg","jetpack_publicize_connections":[],"_links":{"self":[{"href":"https:\/\/notinor.com\/jujuy\/wp-json\/wp\/v2\/posts\/427369"}],"collection":[{"href":"https:\/\/notinor.com\/jujuy\/wp-json\/wp\/v2\/posts"}],"about":[{"href":"https:\/\/notinor.com\/jujuy\/wp-json\/wp\/v2\/types\/post"}],"author":[{"embeddable":true,"href":"https:\/\/notinor.com\/jujuy\/wp-json\/wp\/v2\/users\/5"}],"replies":[{"embeddable":true,"href":"https:\/\/notinor.com\/jujuy\/wp-json\/wp\/v2\/comments?post=427369"}],"version-history":[{"count":1,"href":"https:\/\/notinor.com\/jujuy\/wp-json\/wp\/v2\/posts\/427369\/revisions"}],"predecessor-version":[{"id":427371,"href":"https:\/\/notinor.com\/jujuy\/wp-json\/wp\/v2\/posts\/427369\/revisions\/427371"}],"wp:featuredmedia":[{"embeddable":true,"href":"https:\/\/notinor.com\/jujuy\/wp-json\/wp\/v2\/media\/427370"}],"wp:attachment":[{"href":"https:\/\/notinor.com\/jujuy\/wp-json\/wp\/v2\/media?parent=427369"}],"wp:term":[{"taxonomy":"category","embeddable":true,"href":"https:\/\/notinor.com\/jujuy\/wp-json\/wp\/v2\/categories?post=427369"},{"taxonomy":"post_tag","embeddable":true,"href":"https:\/\/notinor.com\/jujuy\/wp-json\/wp\/v2\/tags?post=427369"}],"curies":[{"name":"wp","href":"https:\/\/api.w.org\/{rel}","templated":true}]}}