{"id":427362,"date":"2025-05-16T10:02:17","date_gmt":"2025-05-16T13:02:17","guid":{"rendered":"https:\/\/notinor.com\/jujuy\/?p=427362"},"modified":"2025-05-16T10:02:19","modified_gmt":"2025-05-16T13:02:19","slug":"alumnos-de-la-escuela-n131-guillermo-llampa-visitaron-la-legislatura","status":"publish","type":"post","link":"https:\/\/notinor.com\/jujuy\/alumnos-de-la-escuela-n131-guillermo-llampa-visitaron-la-legislatura\/","title":{"rendered":"Alumnos de la Escuela N\u00b0131 \"Guillermo LLampa\" visitaron la Legislatura"},"content":{"rendered":"\n<p class=\"has-medium-font-size\"><strong><em>En el marco del proyecto educativo \"Ni\u00f1os Reporteros\", una iniciativa conjunta con la Alianza Gato Andino (AGA).<\/em><\/strong><\/p>\n\n\n<div class=\"wp-block-image\">\n<figure class=\"aligncenter size-large\"><img decoding=\"async\" loading=\"lazy\" width=\"720\" height=\"480\" src=\"https:\/\/notinor.com\/jujuy\/wp-content\/uploads\/2025\/05\/ALUMNOS-1-720x480.jpeg\" alt=\"\" class=\"wp-image-427364\" srcset=\"https:\/\/notinor.com\/jujuy\/wp-content\/uploads\/2025\/05\/ALUMNOS-1-720x480.jpeg 720w, https:\/\/notinor.com\/jujuy\/wp-content\/uploads\/2025\/05\/ALUMNOS-1-548x365.jpeg 548w, https:\/\/notinor.com\/jujuy\/wp-content\/uploads\/2025\/05\/ALUMNOS-1-768x512.jpeg 768w, https:\/\/notinor.com\/jujuy\/wp-content\/uploads\/2025\/05\/ALUMNOS-1-1536x1023.jpeg 1536w, https:\/\/notinor.com\/jujuy\/wp-content\/uploads\/2025\/05\/ALUMNOS-1-750x500.jpeg 750w, https:\/\/notinor.com\/jujuy\/wp-content\/uploads\/2025\/05\/ALUMNOS-1-1140x760.jpeg 1140w, https:\/\/notinor.com\/jujuy\/wp-content\/uploads\/2025\/05\/ALUMNOS-1.jpeg 1600w\" sizes=\"(max-width: 720px) 100vw, 720px\" \/><\/figure><\/div>\n\n\n<p>Ni\u00f1os estudiantes del 1ero, 2do y 3er grado de la Escuela Primaria N\u00b0131 \"Guillermo Llampa\" de la localidad de Lagunillas de Farall\u00f3n, del Departamento Rinconada, visitaron y recorrieron las instalaciones de la Legislatura. Estuvieron acompa\u00f1ados por docentes y un grupo de padres.<\/p>\n\n\n<div class=\"wp-block-image\">\n<figure class=\"aligncenter size-large\"><img decoding=\"async\" loading=\"lazy\" width=\"720\" height=\"480\" src=\"https:\/\/notinor.com\/jujuy\/wp-content\/uploads\/2025\/05\/ALUMNOS-2-720x480.jpeg\" alt=\"\" class=\"wp-image-427365\" srcset=\"https:\/\/notinor.com\/jujuy\/wp-content\/uploads\/2025\/05\/ALUMNOS-2-720x480.jpeg 720w, https:\/\/notinor.com\/jujuy\/wp-content\/uploads\/2025\/05\/ALUMNOS-2-548x365.jpeg 548w, https:\/\/notinor.com\/jujuy\/wp-content\/uploads\/2025\/05\/ALUMNOS-2-768x512.jpeg 768w, https:\/\/notinor.com\/jujuy\/wp-content\/uploads\/2025\/05\/ALUMNOS-2-1536x1023.jpeg 1536w, https:\/\/notinor.com\/jujuy\/wp-content\/uploads\/2025\/05\/ALUMNOS-2-750x500.jpeg 750w, https:\/\/notinor.com\/jujuy\/wp-content\/uploads\/2025\/05\/ALUMNOS-2-1140x760.jpeg 1140w, https:\/\/notinor.com\/jujuy\/wp-content\/uploads\/2025\/05\/ALUMNOS-2.jpeg 1600w\" sizes=\"(max-width: 720px) 100vw, 720px\" \/><\/figure><\/div>\n\n\n<p>En el Recinto de Sesiones, fueron recibidos por el diputado del bloque oficialista <strong>Diego Cruz<\/strong>, quien explic\u00f3 de manera did\u00e1ctica las funciones de sus pares, el proceso de elaboraci\u00f3n de una ley, la labor de las comisiones legislativas y c\u00f3mo est\u00e1 conformada la C\u00e1mara de Diputados.<\/p>\n\n\n<div class=\"wp-block-image\">\n<figure class=\"aligncenter size-large\"><img decoding=\"async\" loading=\"lazy\" width=\"720\" height=\"480\" src=\"https:\/\/notinor.com\/jujuy\/wp-content\/uploads\/2025\/05\/ALUMNOS-3-720x480.jpeg\" alt=\"\" class=\"wp-image-427366\" srcset=\"https:\/\/notinor.com\/jujuy\/wp-content\/uploads\/2025\/05\/ALUMNOS-3-720x480.jpeg 720w, https:\/\/notinor.com\/jujuy\/wp-content\/uploads\/2025\/05\/ALUMNOS-3-548x365.jpeg 548w, https:\/\/notinor.com\/jujuy\/wp-content\/uploads\/2025\/05\/ALUMNOS-3-768x512.jpeg 768w, https:\/\/notinor.com\/jujuy\/wp-content\/uploads\/2025\/05\/ALUMNOS-3-1536x1023.jpeg 1536w, https:\/\/notinor.com\/jujuy\/wp-content\/uploads\/2025\/05\/ALUMNOS-3-750x500.jpeg 750w, https:\/\/notinor.com\/jujuy\/wp-content\/uploads\/2025\/05\/ALUMNOS-3-1140x760.jpeg 1140w, https:\/\/notinor.com\/jujuy\/wp-content\/uploads\/2025\/05\/ALUMNOS-3.jpeg 1600w\" sizes=\"(max-width: 720px) 100vw, 720px\" \/><\/figure><\/div>\n\n\n<p>Posteriormente, el legislador expres\u00f3 su satisfacci\u00f3n por recibir a los ni\u00f1os de una escuela de la Puna juje\u00f1a:&nbsp;<em>\"Como legislador del interior y docente, me llena de alegr\u00eda que nuestros ni\u00f1os del interior conozcan la casa de todos los juje\u00f1os\"<\/em>.<\/p>\n\n\n<div class=\"wp-block-image\">\n<figure class=\"aligncenter size-large\"><img decoding=\"async\" loading=\"lazy\" width=\"720\" height=\"480\" src=\"https:\/\/notinor.com\/jujuy\/wp-content\/uploads\/2025\/05\/ALUMNOS-4-720x480.jpeg\" alt=\"\" class=\"wp-image-427367\" srcset=\"https:\/\/notinor.com\/jujuy\/wp-content\/uploads\/2025\/05\/ALUMNOS-4-720x480.jpeg 720w, https:\/\/notinor.com\/jujuy\/wp-content\/uploads\/2025\/05\/ALUMNOS-4-548x365.jpeg 548w, https:\/\/notinor.com\/jujuy\/wp-content\/uploads\/2025\/05\/ALUMNOS-4-768x512.jpeg 768w, https:\/\/notinor.com\/jujuy\/wp-content\/uploads\/2025\/05\/ALUMNOS-4-1536x1023.jpeg 1536w, https:\/\/notinor.com\/jujuy\/wp-content\/uploads\/2025\/05\/ALUMNOS-4-750x500.jpeg 750w, https:\/\/notinor.com\/jujuy\/wp-content\/uploads\/2025\/05\/ALUMNOS-4-1140x760.jpeg 1140w, https:\/\/notinor.com\/jujuy\/wp-content\/uploads\/2025\/05\/ALUMNOS-4.jpeg 1600w\" sizes=\"(max-width: 720px) 100vw, 720px\" \/><\/figure><\/div>\n\n\n<p>En tanto, la directora de la escuela, <strong>Brenda Beatriz Encinas<\/strong>, coment\u00f3 que los ni\u00f1os vienen visitando diferentes instituciones del Casco Hist\u00f3rico de la ciudad Capital, donde est\u00e1 ubicada la Legislatura:\u00a0<em>\"Para ellos es una novedad, porque no conocen la ciudad. Est\u00e1n contentos y han vivido experiencias lindas, hoy en la Legislatura vieron cosas nuevas para ellos y compartir esa experiencia para nosotros es lo m\u00e1s\"<\/em>, sostuvo.<\/p>\n\n\n\n<p>Asimismo, la docente resalt\u00f3 que, en el marco del recorrido tambi\u00e9n est\u00e1 integrado el Programa Educativo \"Alianza Gato Andino\", a partir del cual los alumnos realizan el proyecto \"Ni\u00f1os Reporteros de Lagunillas de Farall\u00f3n\".<\/p>\n\n\n\n<p>Para m\u00e1s detalles del Programa, <strong>Silvina Enrietti<\/strong>, integrante de \"Alianza Gato Andino\" agreg\u00f3 que,\u00a0<em>\"los chicos est\u00e1n dentro de nuestro programa desde el a\u00f1o 2022 y nos pareci\u00f3 una buena idea que ellos vengan a contar en primera persona su experiencia y puedan hacer una exposici\u00f3n sobre el gato andino en el Centro Cultural Culturarte\".<\/em><\/p>\n\n\n\n<p>Por \u00faltimo, remarc\u00f3 que todo forma parte de un esfuerzo mancomunado,&nbsp;<em>\"entre todos nosotros y el Gobierno. Para m\u00ed es emocionante porque la muestra que se realizar\u00e1 se condecor\u00f3 como Inter\u00e9s Legislativo\",&nbsp;<\/em>aport\u00f3<\/p>\n","protected":false},"excerpt":{"rendered":"<p>En el marco del proyecto educativo \"Ni\u00f1os Reporteros\", una iniciativa conjunta con la Alianza Gato Andino (AGA). Ni\u00f1os estudiantes del 1ero, 2do y 3er grado de la Escuela Primaria N\u00b0131 \"Guillermo Llampa\" de la localidad de Lagunillas de Farall\u00f3n, del Departamento Rinconada, visitaron y recorrieron las instalaciones de la Legislatura. Estuvieron acompa\u00f1ados por docentes y [&hellip;]<\/p>\n","protected":false},"author":5,"featured_media":427363,"comment_status":"open","ping_status":"open","sticky":false,"template":"","format":"standard","meta":{"_stopmodifiedupdate":false,"_modified_date":"","inline_featured_image":false,"spay_email":"","jetpack_publicize_message":""},"categories":[13],"tags":[],"jetpack_featured_media_url":"https:\/\/notinor.com\/jujuy\/wp-content\/uploads\/2025\/05\/ALUMNOS.jpeg","jetpack_publicize_connections":[],"_links":{"self":[{"href":"https:\/\/notinor.com\/jujuy\/wp-json\/wp\/v2\/posts\/427362"}],"collection":[{"href":"https:\/\/notinor.com\/jujuy\/wp-json\/wp\/v2\/posts"}],"about":[{"href":"https:\/\/notinor.com\/jujuy\/wp-json\/wp\/v2\/types\/post"}],"author":[{"embeddable":true,"href":"https:\/\/notinor.com\/jujuy\/wp-json\/wp\/v2\/users\/5"}],"replies":[{"embeddable":true,"href":"https:\/\/notinor.com\/jujuy\/wp-json\/wp\/v2\/comments?post=427362"}],"version-history":[{"count":1,"href":"https:\/\/notinor.com\/jujuy\/wp-json\/wp\/v2\/posts\/427362\/revisions"}],"predecessor-version":[{"id":427368,"href":"https:\/\/notinor.com\/jujuy\/wp-json\/wp\/v2\/posts\/427362\/revisions\/427368"}],"wp:featuredmedia":[{"embeddable":true,"href":"https:\/\/notinor.com\/jujuy\/wp-json\/wp\/v2\/media\/427363"}],"wp:attachment":[{"href":"https:\/\/notinor.com\/jujuy\/wp-json\/wp\/v2\/media?parent=427362"}],"wp:term":[{"taxonomy":"category","embeddable":true,"href":"https:\/\/notinor.com\/jujuy\/wp-json\/wp\/v2\/categories?post=427362"},{"taxonomy":"post_tag","embeddable":true,"href":"https:\/\/notinor.com\/jujuy\/wp-json\/wp\/v2\/tags?post=427362"}],"curies":[{"name":"wp","href":"https:\/\/api.w.org\/{rel}","templated":true}]}}