{"id":427359,"date":"2025-05-16T09:39:50","date_gmt":"2025-05-16T12:39:50","guid":{"rendered":"https:\/\/notinor.com\/jujuy\/?p=427359"},"modified":"2025-05-16T09:39:52","modified_gmt":"2025-05-16T12:39:52","slug":"termino-la-campana-portena-y-los-candidatos-esperan-un-escenario-de-tercios-que-reconfigure-el-mapa-politico","status":"publish","type":"post","link":"https:\/\/notinor.com\/jujuy\/termino-la-campana-portena-y-los-candidatos-esperan-un-escenario-de-tercios-que-reconfigure-el-mapa-politico\/","title":{"rendered":"Termin\u00f3 la campa\u00f1a porte\u00f1a y los candidatos esperan un escenario de tercios que reconfigure el mapa pol\u00edtico"},"content":{"rendered":"\n<p class=\"has-medium-font-size\"><strong><em>Como ocurri\u00f3 en los \u00faltimos comicios nacionales, se espera una fuerte pelea entre La Libertad Avanza, el PRO y el kirchnerismo, aunque hay varios espacios que esperan dar el batacazo.<\/em><\/strong><\/p>\n\n\n\n<p class=\"has-text-align-center\"><img decoding=\"async\" loading=\"lazy\" height=\"1080\" width=\"1920\" src=\"https:\/\/www.infobae.com\/resizer\/v2\/CWXCFXXJ6JDO7CQWTK4BF2ZDHI.jpg?auth=362eceefa774aa261402e6d287d99f533b8b05e661bc7b22c44e7c324512c8c5&amp;smart=true&amp;width=350&amp;height=197&amp;quality=85\" alt=\"Santoro, Adorni y Lospennato\">Santoro, Adorni y Lospennato<\/p>\n\n\n\n<p>Luego de varias semanas de intensa actividad, cruces y presentaci\u00f3n de propuestas, los diferentes candidatos a la Legislatura de la ciudad de Buenos Aires cerraron sus respectivas campa\u00f1as y se preparan ya para enfrentarse el domingo en las urnas, en unas elecciones que se prev\u00e9n similares a la \u00faltima presidencial.<\/p>\n\n\n\n<p>Al igual que en el 2023, las encuestas compiten por tratar de saber c\u00f3mo quedar\u00e1n finalmente ubicados los tres partidos que aparecen como favoritos:&nbsp;<strong>La Libertad Avanza, el PRO y el kirchnerismo<\/strong>, representado en esta oportunidad por la lista de Leandro Santoro.<\/p>\n\n\n\n<p>Sin embargo, tambi\u00e9n hay otras figuras que aparecen luchando tambi\u00e9n por una o m\u00e1s bancas en el recinto, muchas de las cuales se desprendieron de eses tres espacios y, tras no llegar a un acuerdo, se presentaron por separado.<\/p>\n\n\n\n<p>Tal es el caso, por ejemplo, del ex jefe de Gobierno<strong>\u00a0Horacio Rodr\u00edguez Larreta<\/strong>, actualmente distanciado del macrismo y que encabeza su propio armado, llamado Movimiento al Desarrollo (MAD).<\/p>\n\n\n\n<p class=\"has-text-align-center\"><img decoding=\"async\" loading=\"lazy\" height=\"1080\" width=\"1920\" src=\"https:\/\/www.infobae.com\/resizer\/v2\/HHVQH3XXJ5DO3KIQM46GU5ZKCY.jpg?auth=04270d83eba748d47c561c6917d9f16711e1b88227e291a1cf4f8d9dacd8d5fa&amp;smart=true&amp;width=350&amp;height=197&amp;quality=85\" alt=\"Larreta con su equipo de\">Larreta con su equipo de campa\u00f1a<\/p>\n\n\n\n<p>Los libertarios tambi\u00e9n tienen a su disidente, el broker&nbsp;<strong>Ramiro Marra<\/strong>, que fue expulsado del oficialismo a partir de sus largas diferencias con la secretaria general de la Presidencia,&nbsp;<strong>Karina Milei<\/strong>, y que este a\u00f1o busca renovar su cargo en la Legislatura.<\/p>\n\n\n\n<p>En tanto, por el peronismo hay dos sectores que apuntan a un electorado similar al de Santoro, el de&nbsp;<strong>Juan Manuel Abal Medida<\/strong>, respaldado por el titular de la AGN Juan Manuel Olmos, y la boleta de&nbsp;<strong>Alejandro Kim<\/strong>, candidato de Guillermo Moreno.<\/p>\n\n\n\n<p>El mi\u00e9rcoles, Adorni cerr\u00f3 su campa\u00f1a en una plaza de Recoleta junto a<strong>&nbsp;Javier Milei&nbsp;<\/strong>y casi todo el Gabinete, excepto por el canciller&nbsp;<strong>Gerardo Werthein<\/strong>, que estaba en ese momento viajando a Roma por la asunci\u00f3n del nuevo Papa.<\/p>\n\n\n\n<p>\u201cDemostramos que somos los \u00fanicos que pueden derrotar al kirchnerismo y cambiar al pa\u00eds de ra\u00edz. Vayamos a votar y sepultemos por una vez y para siempre al kirchnerismo, se los pido por favor. Hagamos a la Argentina y a la ciudad grandes otra vez\u201d, exclam\u00f3 el funcionario en aquel evento.<\/p>\n\n\n\n<p>El vocero presidencial emitir\u00e1 su voto en el Instituto San Judas Tadeo, sobre la calle Somellera al 1720, en el barrio de Parque Chacabuco, cerca del mediod\u00eda.<\/p>\n\n\n\n<p class=\"has-text-align-center\"><img decoding=\"async\" loading=\"lazy\" height=\"4496\" width=\"6500\" src=\"https:\/\/www.infobae.com\/resizer\/v2\/OFEQ2GEJXVHMFL2CAPJ4VFCQOY.jpg?auth=4b42b9225659961ec0be9fc1a7a9b56cacce524ea2ad139a5164235dc744b1d8&amp;smart=true&amp;width=350&amp;height=233&amp;quality=85\" alt=\"El Presidente estar\u00e1 en Buenos\">El Presidente estar\u00e1 en Buenos Aires para la votaci\u00f3n porte\u00f1a<\/p>\n\n\n\n<p>Ese mismo mi\u00e9rcoles hizo lo propio&nbsp;<strong>Lula Levy<\/strong>, que encabeza la boleta de Evoluci\u00f3n y reuni\u00f3 a la plana mayor del radicalismo porte\u00f1o en teatro Vorterix, donde cuestion\u00f3 a sus adversarios.<\/p>\n\n\n\n<p>\u201cAs\u00ed nos gobiernan, como si vivieran en otro planeta. Est\u00e1n a millones de kil\u00f3metros de nuestros problemas. Por eso, esta elecci\u00f3n es una oportunidad para dejar atr\u00e1s la vieja pol\u00edtica y abrir paso a una nueva generaci\u00f3n, que viva en la misma ciudad que ustedes y quiera transformarla\u201d, sostuvo.<\/p>\n\n\n\n<p>La primera candidata por Evoluci\u00f3n votar\u00e1 8:30 en la Escuela Lenguas Vivas, ubicada en Juncal al 3251, mientras que el m\u00e1ximo referente del partido, el senador\u00a0<strong>Mart\u00edn Lousteau<\/strong>\u00a0lo har\u00e1 a las 11:45 en Jorge Luis Borges al 1851.<\/p>\n\n\n\n<p class=\"has-text-align-center\"><img decoding=\"async\" loading=\"lazy\" height=\"1080\" width=\"1920\" src=\"https:\/\/www.infobae.com\/resizer\/v2\/FMVL5OA7MRHYNJCROIKJURQF64.jpg?auth=77ed7c45edf5640011d89bff09fd57b75cea8d0e19f97dc353febb6384fcc472&amp;smart=true&amp;width=350&amp;height=197&amp;quality=85\" alt=\"Levy cerr\u00f3 su campa\u00f1a en\">Levy cerr\u00f3 su campa\u00f1a en el Teatro Vorterix<\/p>\n\n\n\n<p>Por su parte, Larreta comenz\u00f3 el mi\u00e9rcoles una serie de caminatas por distintos barrios que continuaron durante todo el jueves. Convers\u00f3 con vecinos y present\u00f3 propuestas en Belgrano, Caballito, Palermo, Villa Crespo y Las Ca\u00f1itas.<\/p>\n\n\n\n<p>El ex jefe de Gobierno votar\u00e1 el domingo a las 9:00 en la Facultad de Derecho de la Universidad de Buenos Aires (UBA), en la avenida Presidente Figueroa Alcorta al 2263, mientras que la senadora Guadalupe Tagliaferri lo har\u00e1 a las 11:30 en la Fundaci\u00f3n Gutemberg, situada en Av. Belgrano al 4299.<\/p>\n\n\n\n<p>Algo similar hizo Marra, que recorri\u00f3 entre los dos d\u00edas un total de 48 barrios para anunciar ese mismo n\u00famero de propuestas y conversar con la gente de cara a las elecciones en las que buscar\u00e1 atraer parte del voto libertario.<\/p>\n\n\n\n<p>El jueves, en tanto, fue el turno de\u00a0<strong>Silvia Lospennato<\/strong>, la candidata del PRO apoyada fuertemente por Mauricio Macri, quien hizo su cierre de campa\u00f1a en el Club 17 de Agosto, ubicado en Av. Albarellos al 2935, Villa Pueyrred\u00f3n.<\/p>\n\n\n\n<p class=\"has-text-align-center\"><img decoding=\"async\" loading=\"lazy\" height=\"1080\" width=\"1920\" src=\"https:\/\/www.infobae.com\/resizer\/v2\/FLB2WZF3ABCZ5BG5CGAEFCBSMU.jpg?auth=129982f2e5003c0d1f6ad0be158adb82dacafd0b31da60151f36f317cd8813df&amp;smart=true&amp;width=350&amp;height=197&amp;quality=85\" alt=\"Lospennato cerr\u00f3 la campa\u00f1a acompa\u00f1ada\">Lospennato cerr\u00f3 la campa\u00f1a acompa\u00f1ada de Macri<\/p>\n\n\n\n<p>\u201cQuerida Silvia, la verdad, gracias por haberme dejado acompa\u00f1arte a lo largo de esta campa\u00f1a. Fue un honor. Te han dado duro y cruelmente, tuviste un debut a todo nivel. Te pegaron mucho y solo por haber dicho la verdad\u201d, sostuvo el ex presidente en ese acto.<\/p>\n\n\n\n<p>El l\u00edder del partido amarillo fue uno de los oradores principales de la jornada y, al dirigirse especialmente a Lospennato, remarc\u00f3 que est\u00e1 \u201cseguro de que la mayor\u00eda de los argentinos creyeron\u201d en su versi\u00f3n de lo que ocurri\u00f3 con Ficha Limpia, el proyecto que termin\u00f3 por romper el v\u00ednculo con La Libertad Avanza.<\/p>\n\n\n\n<p>\u201cQueridos vecinos, el domingo a votar para cuidar lo que logramos juntos y por un cambio con equilibrio y con respeto, que eso es lo que propone el PRO\u201d, exclam\u00f3 Macri.<\/p>\n\n\n\n<p>Casi al mismo tiempo, Santoro encabez\u00f3 su propia actividad en el Aula Magna de la Facultad de Medicina de la UBA, en la que pidi\u00f3 el voto para su lista \u201cEs Ahora Buenos Aires\u201d y critic\u00f3 tanto a la gesti\u00f3n de Jorge Macri como a Milei.<\/p>\n\n\n\n<p class=\"has-text-align-center\"><img decoding=\"async\" loading=\"lazy\" height=\"1080\" width=\"1920\" src=\"https:\/\/www.infobae.com\/resizer\/v2\/NXNB6ALQENA4FIZT62ID3VTH7A.JPG?auth=424360797e143dfe31a0012b53acc002dd7f6abe6ceff7bd0dc0511d291a3cee&amp;smart=true&amp;width=350&amp;height=197&amp;quality=85\" alt=\"Santoro dio un discurso en\">Santoro dio un discurso en la Facultad de Medicina<\/p>\n\n\n\n<p>\u201cSin universidad p\u00fablica, muchos frustrar\u00edan su proyecto de vida. Defender la educaci\u00f3n y el acceso a un sistema sanitario de calidad. En CABA, este sistema est\u00e1 en crisis, la atenci\u00f3n se sostiene por la acci\u00f3n de los trabajadores de la salud m\u00e1s que por las acciones del gobierno porte\u00f1o\u201d, sostuvo en ese encuentro.<\/p>\n\n\n\n<p>Adem\u00e1s, el dirigente opositor remarc\u00f3 que \u201cla ciudad de Buenos Aires es compleja\u201d, ya que \u201chay sectores progresistas que han buscado encontrar su expresi\u00f3n pol\u00edtica\u201d, mientras que el electorado \u201ca veces ha votado a un partido y otras veces a otro\u201d.<\/p>\n\n\n\n<p>\u201cElegimos la UBA y la Facultad de Medicina porque entendemos que ac\u00e1 est\u00e1n expresadas las pasiones de millones de argentinos, tambi\u00e9n un consenso que en los \u00faltimos a\u00f1os se puso en crisis. El consenso de la movilidad social ascendente, el consenso del m\u00e9rito personal para crecer\u201d, remarc\u00f3.<\/p>\n","protected":false},"excerpt":{"rendered":"<p>Como ocurri\u00f3 en los \u00faltimos comicios nacionales, se espera una fuerte pelea entre La Libertad Avanza, el PRO y el kirchnerismo, aunque hay varios espacios que esperan dar el batacazo. Santoro, Adorni y Lospennato Luego de varias semanas de intensa actividad, cruces y presentaci\u00f3n de propuestas, los diferentes candidatos a la Legislatura de la ciudad [&hellip;]<\/p>\n","protected":false},"author":5,"featured_media":427360,"comment_status":"open","ping_status":"open","sticky":false,"template":"","format":"standard","meta":{"_stopmodifiedupdate":false,"_modified_date":"","inline_featured_image":false,"spay_email":"","jetpack_publicize_message":""},"categories":[501],"tags":[],"jetpack_featured_media_url":"https:\/\/notinor.com\/jujuy\/wp-content\/uploads\/2025\/05\/ELECCIONES-1.jpg","jetpack_publicize_connections":[],"_links":{"self":[{"href":"https:\/\/notinor.com\/jujuy\/wp-json\/wp\/v2\/posts\/427359"}],"collection":[{"href":"https:\/\/notinor.com\/jujuy\/wp-json\/wp\/v2\/posts"}],"about":[{"href":"https:\/\/notinor.com\/jujuy\/wp-json\/wp\/v2\/types\/post"}],"author":[{"embeddable":true,"href":"https:\/\/notinor.com\/jujuy\/wp-json\/wp\/v2\/users\/5"}],"replies":[{"embeddable":true,"href":"https:\/\/notinor.com\/jujuy\/wp-json\/wp\/v2\/comments?post=427359"}],"version-history":[{"count":1,"href":"https:\/\/notinor.com\/jujuy\/wp-json\/wp\/v2\/posts\/427359\/revisions"}],"predecessor-version":[{"id":427361,"href":"https:\/\/notinor.com\/jujuy\/wp-json\/wp\/v2\/posts\/427359\/revisions\/427361"}],"wp:featuredmedia":[{"embeddable":true,"href":"https:\/\/notinor.com\/jujuy\/wp-json\/wp\/v2\/media\/427360"}],"wp:attachment":[{"href":"https:\/\/notinor.com\/jujuy\/wp-json\/wp\/v2\/media?parent=427359"}],"wp:term":[{"taxonomy":"category","embeddable":true,"href":"https:\/\/notinor.com\/jujuy\/wp-json\/wp\/v2\/categories?post=427359"},{"taxonomy":"post_tag","embeddable":true,"href":"https:\/\/notinor.com\/jujuy\/wp-json\/wp\/v2\/tags?post=427359"}],"curies":[{"name":"wp","href":"https:\/\/api.w.org\/{rel}","templated":true}]}}