{"id":427356,"date":"2025-05-16T09:28:32","date_gmt":"2025-05-16T12:28:32","guid":{"rendered":"https:\/\/notinor.com\/jujuy\/?p=427356"},"modified":"2025-05-16T09:28:33","modified_gmt":"2025-05-16T12:28:33","slug":"tamales-la-pelicula-elegida-para-abrir-el-festival-internacional-de-cine-de-las-alturas","status":"publish","type":"post","link":"https:\/\/notinor.com\/jujuy\/tamales-la-pelicula-elegida-para-abrir-el-festival-internacional-de-cine-de-las-alturas\/","title":{"rendered":"\"Tamales\", la pel\u00edcula elegida para abrir el Festival Internacional de Cine de las Alturas"},"content":{"rendered":"\n<p class=\"has-medium-font-size\"><strong><em>La apertura ser\u00e1 este viernes a las 21 hs en el Cine Annuar Shopping y en simult\u00e1neo a trav\u00e9s de la Red de Cine m\u00f3viles en todo el pa\u00eds.<\/em><\/strong><\/p>\n\n\n<div class=\"wp-block-image\">\n<figure class=\"aligncenter\"><img decoding=\"async\" src=\"https:\/\/media.prensa.jujuy.gob.ar\/p\/5bc61fb76d96f6f9f854ccba353544fe\/adjuntos\/301\/imagenes\/000\/411\/0000411044\/1200x0\/smart\/tamales_25jpeg.jpeg\" alt=\"Tamales, la pel\u00edcula elegida para abrir el Festival Internacional de Cine de las Alturas\" title=\"Tamales, la pel\u00edcula elegida para abrir el Festival Internacional de Cine de las Alturas\"\/><\/figure><\/div>\n\n\n<p>El Festival Internacional de Cine de las Alturas abrir\u00e1 su 10.\u00aa edici\u00f3n con el estreno mundial de\u00a0<em>Tamales<\/em>, una comedia dirigida por el cordob\u00e9s Teo Ciampagna y coproducida por Bueno Dale y la productora juje\u00f1a Da Vinci, con producci\u00f3n ejecutiva de Alejandro Baiud. La<strong>\u00a0pel\u00edcula<\/strong>\u00a0fue rodada \u00edntegramente en la provincia de Jujuy, con locaciones principales en Maimar\u00e1 y en la ciudad capital.<a href=\"https:\/\/media.prensa.jujuy.gob.ar\/p\/5bc61fb76d96f6f9f854ccba353544fe\/adjuntos\/301\/imagenes\/000\/411\/0000411044\/1200x0\/smart\/tamales_25jpeg.jpeg\"><\/a><\/p>\n\n\n\n<figure class=\"wp-block-image\"><img decoding=\"async\" src=\"https:\/\/media.prensa.jujuy.gob.ar\/p\/b75bc3d10dc7c32fe329f9ceaabc0125\/adjuntos\/301\/imagenes\/000\/411\/0000411045\/1200x0\/smart\/tamales_01jpeg.jpeg\" alt=\"Tamales, la pel\u00edcula elegida para abrir el Festival Internacional de Cine de las Alturas\" title=\"Tamales, la pel\u00edcula elegida para abrir el Festival Internacional de Cine de las Alturas\"\/><\/figure>\n\n\n\n<p><strong>Tamales fue filmada en tan solo 18 d\u00edas durante el verano, con una duraci\u00f3n final de 90 minutos. La historia gira en torno a la misteriosa b\u00fasqueda de unas pepitas de oro que habr\u00eda escondido Do\u00f1a Rosa, una abuela de 86 a\u00f1os que acaba de fallecer y desata una b\u00fasqueda por parte de su familia en busca de la herencia. Con un enfoque descontracturado y una trama delirante, la pel\u00edcula promete arrancar carcajadas y dar inicio al Festival con un fuerte acento regional.<\/strong><\/p>\n\n\n\n<p>Uno de los aspectos m\u00e1s destacados de la producci\u00f3n es la participaci\u00f3n de talentos locales, tanto en el equipo t\u00e9cnico como en el elenco actoral, compuesto por 14 int\u00e9rpretes, entre ellos adolescentes, j\u00f3venes y adultos, provenientes de diferentes localidades como Ledesma, Palpal\u00e1 y la vecina provincia de Salta. Entre ellos se encuentran<strong> Mat\u00edas Aucapi\u00f1a, Rosa Raina, Flavia Molina, Guillermo Rocha, Gabriela Bertolone, Pilar Caz\u00f3n, Pekumbia (Salta), Sherman Mendoza, Dar\u00edo Villaruel, Nicol\u00e1s Carrizo, Nicol\u00e1s Javier Gother, Florencia Caliva y H\u00e9ctor Ismael Vilte.<\/strong><\/p>\n\n\n\n<p>El director <strong>Teo Ciampagna <\/strong>es conocido por sus participaci\u00f3n en Hecatombe, el colectivo audiovisual cordob\u00e9s que dio origen a reconocidas figuras de las redes sociales y que hoy colaboran en producciones nacionales y plataformas como Netflix.<\/p>\n\n\n\n<p>Para acompa\u00f1ar el estreno en la sala principal,&nbsp;<em>Tamales<\/em>&nbsp;ser\u00e1 proyectada en simult\u00e1neo a trav\u00e9s de la Red de Cines M\u00f3viles. Las funciones se realizar\u00e1n en las provincias de Salta, Tucum\u00e1n, Catamarca, La Rioja, Santiago del Estero, La Rioja, San Luis, Formosa, Corrientes, Chaco, San Juan, C\u00f3rdoba, Ciudad Aut\u00f3noma de Buenos Aires, La Plata, Neuqu\u00e9n, Tierra del Fuego.&nbsp;<\/p>\n\n\n\n<p>Cabe destacar que el proyecto representa un importante logro para el Instituto de Artes Audiovisuales de Jujuy, ya que fue este proyecto fue uno de los ganadores del primer plan de fomento provincial. Gracias a este incentivo, la provincia da un nuevo paso hacia su consolidaci\u00f3n como polo de producci\u00f3n audiovisual en el norte argentino.&nbsp;<\/p>\n\n\n\n<p>Se recomienda asistir con anticipaci\u00f3n, ya que ser\u00e1 la \u00fanica funci\u00f3n de Tamales durante el festival por tratarse de su estreno.<\/p>\n","protected":false},"excerpt":{"rendered":"<p>La apertura ser\u00e1 este viernes a las 21 hs en el Cine Annuar Shopping y en simult\u00e1neo a trav\u00e9s de la Red de Cine m\u00f3viles en todo el pa\u00eds. El Festival Internacional de Cine de las Alturas abrir\u00e1 su 10.\u00aa edici\u00f3n con el estreno mundial de\u00a0Tamales, una comedia dirigida por el cordob\u00e9s Teo Ciampagna y [&hellip;]<\/p>\n","protected":false},"author":5,"featured_media":427357,"comment_status":"open","ping_status":"open","sticky":false,"template":"","format":"standard","meta":{"_stopmodifiedupdate":false,"_modified_date":"","inline_featured_image":false,"spay_email":"","jetpack_publicize_message":""},"categories":[21],"tags":[],"jetpack_featured_media_url":"https:\/\/notinor.com\/jujuy\/wp-content\/uploads\/2025\/05\/TAMALES.jpg","jetpack_publicize_connections":[],"_links":{"self":[{"href":"https:\/\/notinor.com\/jujuy\/wp-json\/wp\/v2\/posts\/427356"}],"collection":[{"href":"https:\/\/notinor.com\/jujuy\/wp-json\/wp\/v2\/posts"}],"about":[{"href":"https:\/\/notinor.com\/jujuy\/wp-json\/wp\/v2\/types\/post"}],"author":[{"embeddable":true,"href":"https:\/\/notinor.com\/jujuy\/wp-json\/wp\/v2\/users\/5"}],"replies":[{"embeddable":true,"href":"https:\/\/notinor.com\/jujuy\/wp-json\/wp\/v2\/comments?post=427356"}],"version-history":[{"count":1,"href":"https:\/\/notinor.com\/jujuy\/wp-json\/wp\/v2\/posts\/427356\/revisions"}],"predecessor-version":[{"id":427358,"href":"https:\/\/notinor.com\/jujuy\/wp-json\/wp\/v2\/posts\/427356\/revisions\/427358"}],"wp:featuredmedia":[{"embeddable":true,"href":"https:\/\/notinor.com\/jujuy\/wp-json\/wp\/v2\/media\/427357"}],"wp:attachment":[{"href":"https:\/\/notinor.com\/jujuy\/wp-json\/wp\/v2\/media?parent=427356"}],"wp:term":[{"taxonomy":"category","embeddable":true,"href":"https:\/\/notinor.com\/jujuy\/wp-json\/wp\/v2\/categories?post=427356"},{"taxonomy":"post_tag","embeddable":true,"href":"https:\/\/notinor.com\/jujuy\/wp-json\/wp\/v2\/tags?post=427356"}],"curies":[{"name":"wp","href":"https:\/\/api.w.org\/{rel}","templated":true}]}}