{"id":427307,"date":"2025-05-15T12:46:03","date_gmt":"2025-05-15T15:46:03","guid":{"rendered":"https:\/\/notinor.com\/jujuy\/?p=427307"},"modified":"2025-05-15T12:46:05","modified_gmt":"2025-05-15T15:46:05","slug":"con-el-regreso-de-messi-y-otros-jugadores-scaloni-anuncio-la-pre-lista-de-argentina-para-los-duelos-ante-chile-y-colombia-por-eliminatorias","status":"publish","type":"post","link":"https:\/\/notinor.com\/jujuy\/con-el-regreso-de-messi-y-otros-jugadores-scaloni-anuncio-la-pre-lista-de-argentina-para-los-duelos-ante-chile-y-colombia-por-eliminatorias\/","title":{"rendered":"Con el regreso de Messi y otros jugadores, Scaloni anunci\u00f3 la pre lista de Argentina para los duelos ante Chile y Colombia por Eliminatorias"},"content":{"rendered":"\n<p><strong>El entrenador de la Selecci\u00f3n dio una n\u00f3mina de 28 futbolistas del exterior de cara a la doble fecha de junio.<\/strong><\/p>\n\n\n\n<p class=\"has-text-align-center\"><img decoding=\"async\" loading=\"lazy\" height=\"1571\" width=\"2792\" src=\"https:\/\/www.infobae.com\/resizer\/v2\/4T2CLS7GHRCT5H3POXYKF3AJRQ.jpg?auth=e46f3efbf2eb3e692e7b348818dd9daf61e7d270ad99a64a7ed8a7146a278cdb&amp;smart=true&amp;width=350&amp;height=197&amp;quality=85\" alt=\"El t\u00e9cnico de Argentina Lionel\">El t\u00e9cnico de Argentina Lionel Scaloni dio la pre lista para los partidos ante Chile y Colombia <\/p>\n\n\n\n<p>Con la clasificaci\u00f3n al Mundial 2026 asegurada tras los triunfos en los cl\u00e1sicos ante Uruguay en el Centenario y Brasil en Buenos Aires, Lionel Scaloni public\u00f3 la pre lista de&nbsp;<strong>28 convocados<\/strong>&nbsp;para la doble fecha de Eliminatorias Sudamericanas de junio frente a&nbsp;<strong>Chile<\/strong>, como visitante en Santiago el martes 5, y en el estadio Monumental frente a&nbsp;<strong>Colombia<\/strong>&nbsp;(jueves 10).<\/p>\n\n\n\n<p>Lo primero que hay que remarcar es la vuelta de&nbsp;<strong>Lionel Messi<\/strong>&nbsp;tras su ausencia de la \u00faltima doble jornada por una lesi\u00f3n. El astro rosarino est\u00e1 en ritmo en el&nbsp;<strong>Inter Miami<\/strong>&nbsp;y afronta la temporada de la MLS y en el futuro cercano tendr\u00e1 el Mundial de Clubes. Hay que recordar que su equipo debutar\u00e1 en la competencia FIFA en Estados Unidos s\u00f3lo cuatro d\u00edas despu\u00e9s del duelo ante los cafeteros como local (ante el Al-Ahly por el Grupo A, el 14 de junio en el Hard Rock Stadium).<\/p>\n\n\n\n<p>Adem\u00e1s de la vuelta del capit\u00e1n, otros futbolistas que son parte de esta n\u00f3mina preliminar con<strong>&nbsp;Valent\u00edn Barco<\/strong>, de gran presente en el Racing de Estrasburgo, y de&nbsp;<strong>Alejandro Garnacho<\/strong>. El delantero del Manchester United est\u00e1 pr\u00f3ximo a jugar la final de la Europa League con los Diablos Rojos.<\/p>\n\n\n\n<p class=\"has-text-align-center\"><a rel=\"noreferrer noopener\" href=\"https:\/\/www.infobae.com\/teleshow\/2025\/05\/15\/la-verdad-detras-del-desesperado-pedido-de-edelmiro-molinari-guitarrista-de-almendra-y-pionero-del-rock-argentino\/\" target=\"_blank\"><\/a><img decoding=\"async\" loading=\"lazy\" height=\"450\" width=\"800\" src=\"https:\/\/www.infobae.com\/resizer\/v2\/45GRIA7SWJA6FOYUQJ3EL2NLQI?auth=979f124b039b61a27ee195e4546e6da3ae870f8e896d06ffa2b8269c85af96ec&amp;smart=true&amp;width=350&amp;height=197&amp;quality=85\" alt=\"El astro rosarino vuelve a\"><\/p>\n\n\n\n<p>                                                       El astro rosarino vuelve a la Selecci\u00f3n <\/p>\n\n\n\n<p>Otros dos que tambi\u00e9n volvieron a la convoctoria de Scaloni son el atacante de la Lazio&nbsp;<strong>Valent\u00edn Castellanos<\/strong>&nbsp;y&nbsp;<strong>Nicol\u00e1s Dom\u00ednguez<\/strong>. El volante ex V\u00e9lez, es una fija en el mediocampo del Nottingham Forest, una de las sensaciones de la presente temporada de la Premier League. Es importante mencionar que la lista que se public\u00f3 son s\u00f3lo de citados del exterior, es por eso que no hay jugadores del f\u00fatbol local.<\/p>\n\n\n\n<p>Despu\u00e9s de la ante\u00faltima doble fecha, la selecci\u00f3n argentina cerrar\u00e1 su participaci\u00f3n en las Elimiantorias Sudamericanas como local ante&nbsp;<strong>Venezuela&nbsp;<\/strong>y visitar\u00e1 a&nbsp;<strong>Ecuador&nbsp;<\/strong>en Quito, reci\u00e9n en septiembre pr\u00f3ximo.<\/p>\n\n\n\n<p>Tras las victorias ante la&nbsp;<em>Celeste<\/em>&nbsp;y la goleada contra la&nbsp;<em>Verdeamarela&nbsp;<\/em>(4-1), los campeones del mundo&nbsp;<strong>lideran las Eliminatorias con 31 puntos&nbsp;<\/strong>y en el segundo lugar est\u00e1 la&nbsp;<strong>Ecuador<\/strong>&nbsp;de Sebasti\u00e1n Beccacece con 23 unidades. Luego se ubican&nbsp;<strong>Uruguay, Brasil y Paraguay<\/strong>&nbsp;con 21 puntos. Tras los \u00faltimos malos resultados,&nbsp;<strong>Colombia&nbsp;<\/strong>se qued\u00f3 con 20 unidades. La lucha por el puesto para el Repechaje est\u00e1 que arde con&nbsp;<strong>Venezuela<\/strong>&nbsp;en el 7\u00b0 puesto (15), seguido de&nbsp;<strong>Bolivia&nbsp;<\/strong>con 14.&nbsp;<strong>Per\u00fa<\/strong>&nbsp;y&nbsp;<strong>Chile&nbsp;<\/strong>cierran las posiciones con 10 unidades.<\/p>\n\n\n\n<p><strong>LA LISTA DE LA SELECCI\u00d3N ARGENTINA<\/strong><\/p>\n\n\n\n<figure class=\"wp-block-image\"><img decoding=\"async\" src=\"https:\/\/www.infobae.com\/resizer\/v2\/5SHY5WJRQZCONNVLL2LPLITDSA.jpg?auth=fe1ea505b77b907272c327b3f9a7c4e5280fb588a003286e3c766d4094635364&amp;smart=true&amp;width=350&amp;height=350&amp;quality=85\" alt=\"La pre lista de Scaloni\"\/><\/figure>\n","protected":false},"excerpt":{"rendered":"<p>El entrenador de la Selecci\u00f3n dio una n\u00f3mina de 28 futbolistas del exterior de cara a la doble fecha de junio. El t\u00e9cnico de Argentina Lionel Scaloni dio la pre lista para los partidos ante Chile y Colombia Con la clasificaci\u00f3n al Mundial 2026 asegurada tras los triunfos en los cl\u00e1sicos ante Uruguay en el [&hellip;]<\/p>\n","protected":false},"author":5,"featured_media":427308,"comment_status":"open","ping_status":"open","sticky":false,"template":"","format":"standard","meta":{"_stopmodifiedupdate":false,"_modified_date":"","inline_featured_image":false,"spay_email":"","jetpack_publicize_message":""},"categories":[7],"tags":[],"jetpack_featured_media_url":"https:\/\/notinor.com\/jujuy\/wp-content\/uploads\/2025\/05\/SCALONI.jpg","jetpack_publicize_connections":[],"_links":{"self":[{"href":"https:\/\/notinor.com\/jujuy\/wp-json\/wp\/v2\/posts\/427307"}],"collection":[{"href":"https:\/\/notinor.com\/jujuy\/wp-json\/wp\/v2\/posts"}],"about":[{"href":"https:\/\/notinor.com\/jujuy\/wp-json\/wp\/v2\/types\/post"}],"author":[{"embeddable":true,"href":"https:\/\/notinor.com\/jujuy\/wp-json\/wp\/v2\/users\/5"}],"replies":[{"embeddable":true,"href":"https:\/\/notinor.com\/jujuy\/wp-json\/wp\/v2\/comments?post=427307"}],"version-history":[{"count":1,"href":"https:\/\/notinor.com\/jujuy\/wp-json\/wp\/v2\/posts\/427307\/revisions"}],"predecessor-version":[{"id":427309,"href":"https:\/\/notinor.com\/jujuy\/wp-json\/wp\/v2\/posts\/427307\/revisions\/427309"}],"wp:featuredmedia":[{"embeddable":true,"href":"https:\/\/notinor.com\/jujuy\/wp-json\/wp\/v2\/media\/427308"}],"wp:attachment":[{"href":"https:\/\/notinor.com\/jujuy\/wp-json\/wp\/v2\/media?parent=427307"}],"wp:term":[{"taxonomy":"category","embeddable":true,"href":"https:\/\/notinor.com\/jujuy\/wp-json\/wp\/v2\/categories?post=427307"},{"taxonomy":"post_tag","embeddable":true,"href":"https:\/\/notinor.com\/jujuy\/wp-json\/wp\/v2\/tags?post=427307"}],"curies":[{"name":"wp","href":"https:\/\/api.w.org\/{rel}","templated":true}]}}