{"id":427293,"date":"2025-05-15T11:27:19","date_gmt":"2025-05-15T14:27:19","guid":{"rendered":"https:\/\/notinor.com\/jujuy\/?p=427293"},"modified":"2025-05-15T11:36:20","modified_gmt":"2025-05-15T14:36:20","slug":"el-gobernador-de-catamarca-cuestiono-las-intervenciones-de-cfk-en-salta-y-jujuy","status":"publish","type":"post","link":"https:\/\/notinor.com\/jujuy\/el-gobernador-de-catamarca-cuestiono-las-intervenciones-de-cfk-en-salta-y-jujuy\/","title":{"rendered":"El gobernador de Catamarca cuestion\u00f3 las intervenciones de CFK en Salta y Jujuy"},"content":{"rendered":"\n<p class=\"has-medium-font-size\"><strong><em>Ra\u00fal Jalil asegur\u00f3 que los resultados electorales del domingo pasado demuestran que fue un error la decisi\u00f3n de la titular del PJ<\/em><\/strong>.<\/p>\n\n\n<div class=\"wp-block-image\">\n<figure class=\"aligncenter size-full\"><img decoding=\"async\" loading=\"lazy\" width=\"771\" height=\"428\" src=\"https:\/\/notinor.com\/jujuy\/wp-content\/uploads\/2025\/05\/ENTREVISTA.jpg\" alt=\"\" class=\"wp-image-427294\" srcset=\"https:\/\/notinor.com\/jujuy\/wp-content\/uploads\/2025\/05\/ENTREVISTA.jpg 771w, https:\/\/notinor.com\/jujuy\/wp-content\/uploads\/2025\/05\/ENTREVISTA-658x365.jpg 658w, https:\/\/notinor.com\/jujuy\/wp-content\/uploads\/2025\/05\/ENTREVISTA-768x426.jpg 768w, https:\/\/notinor.com\/jujuy\/wp-content\/uploads\/2025\/05\/ENTREVISTA-750x416.jpg 750w\" sizes=\"(max-width: 771px) 100vw, 771px\" \/><figcaption class=\"wp-element-caption\">Ra\u00fal Jalil cuestion\u00f3 a Cristina Kirchner por la intervenci\u00f3n de las provincias del norte<\/figcaption><\/figure><\/div>\n\n\n<p>El gobernador de&nbsp;<strong>Catamarca<\/strong>,&nbsp;<strong>Ra\u00fal Jalil<\/strong>, se pronunci\u00f3 abiertamente en contra de las intervenciones partidarias promovidas por la presidenta del&nbsp;<strong>Partido Justicialista (PJ)<\/strong>,&nbsp;<strong>Cristina Kirchner<\/strong>, en provincias como Salta y Jujuy.<\/p>\n\n\n\n<p>\u201cLo he dicho p\u00fablicamente. No estoy de acuerdo con las intervenciones de los partidos. En Salta y Jujuy fue un error. Estamos a la vista\u201d, manifest\u00f3 Jalil durante una entrevista, subrayando su descontento con estas estrategias pol\u00edticas que considera desacertadas.<\/p>\n\n\n\n<p>La frase alude al <strong>desempe\u00f1o electoral del peronismo el domingo pasado en las provincias intervenidas<\/strong>.<\/p>\n\n\n<div class=\"wp-block-image\">\n<figure class=\"aligncenter size-full\"><img decoding=\"async\" loading=\"lazy\" width=\"769\" height=\"428\" src=\"https:\/\/notinor.com\/jujuy\/wp-content\/uploads\/2025\/05\/JALIL.jpg\" alt=\"\" class=\"wp-image-427295\" srcset=\"https:\/\/notinor.com\/jujuy\/wp-content\/uploads\/2025\/05\/JALIL.jpg 769w, https:\/\/notinor.com\/jujuy\/wp-content\/uploads\/2025\/05\/JALIL-656x365.jpg 656w, https:\/\/notinor.com\/jujuy\/wp-content\/uploads\/2025\/05\/JALIL-750x417.jpg 750w\" sizes=\"(max-width: 769px) 100vw, 769px\" \/><figcaption class=\"wp-element-caption\">Video: entrevista completa a Ra\u00fal Jalil en Infobae<\/figcaption><\/figure><\/div>\n\n\n<p>Jalil, al mismo tiempo, destac\u00f3 sus buenas relaciones con otros referentes del peronismo, como&nbsp;<strong>Wado<\/strong>,&nbsp;<strong>Gildo Insfr\u00e1n<\/strong>&nbsp;y&nbsp;<strong>Gerardo Zamora<\/strong>.<\/p>\n\n\n\n<p>Estas declaraciones fueron realizadas en di\u00e1logo con Infobae en Vivo,durante el programa&nbsp;<strong>de la ma\u00f1ana<\/strong>, que cuenta con la conducci\u00f3n de&nbsp;<strong>Gonzalo S\u00e1nchez, Carolina Amoroso, Ram\u00f3n Indart y Cecilia Boufflet<\/strong>.<\/p>\n\n\n\n<p>Jalil enfatiz\u00f3 en la necesidad de enfocarse en la gesti\u00f3n gubernamental y el di\u00e1logo con el gobierno nacional para resolver cuestiones pendientes como la infraestructura y la miner\u00eda en Catamarca. Considera que son temas de relevancia que deben ser atendidos con urgencia y consenso, m\u00e1s all\u00e1 de los desencuentros pol\u00edticos internos.<\/p>\n\n\n\n<p>En la entrevista, Jalil tambi\u00e9n destac\u00f3 su compromiso de no buscar la reelecci\u00f3n indefinida en Catamarca, abogando por una renovaci\u00f3n generacional en la pol\u00edtica provincial. Coment\u00f3 sobre la posibilidad de replantear la constituci\u00f3n para limitar los mandatos y mejorar la calidad de la administraci\u00f3n p\u00fablica. \u201cEs tiempo de que nuevos compromisos y l\u00edderes entren en escena\u201d, mencion\u00f3, reafirmando su voluntad por impulsar el cambio pol\u00edtico y social en la provincia.<\/p>\n\n\n\n<p>Adem\u00e1s, el gobernador habl\u00f3 sobre el potencial del litio en Catamarca y su papel clave en la transici\u00f3n energ\u00e9tica mundial. \u201cCatamarca puede jugar un rol crucial en la transici\u00f3n energ\u00e9tica del mundo\u201d, afirm\u00f3 Jalil, destacando que el litio es un recurso estrat\u00e9gico que puede transformar la econom\u00eda regional. Sin embargo, subray\u00f3 la importancia de mantener un marco de seguridad jur\u00eddica para atraer inversiones extranjeras, se\u00f1alando que las actuales condiciones son favorables para el desarrollo de proyectos mineros y de infraestructuras.<\/p>\n\n\n\n<p>Jalil tambi\u00e9n aprovech\u00f3 para hablar sobre el descenso de la tasa de natalidad en Catamarca, un fen\u00f3meno que impacta el sistema educativo y otro tipo de planes estatales a largo plazo. Mencion\u00f3 que su administraci\u00f3n ha registrado una ca\u00edda significativa en las tasas de natalidad durante los \u00faltimos ocho a\u00f1os, situaci\u00f3n que requiere atenci\u00f3n para poder gestionar los recursos de manera m\u00e1s efectiva.<\/p>\n\n\n\n<p>Respecto al v\u00ednculo con el gobierno de&nbsp;<strong>Javier Milei<\/strong>, Jalil mostr\u00f3 un enfoque colaborativo, destacando la importancia de acompa\u00f1ar las buenas pol\u00edticas para el beneficio com\u00fan. \u201c<strong>Queremos que le vaya bien a Milei, porque si le va bien a \u00e9l, nos va bien a todos<\/strong>\u201d, sostuvo, pese a se\u00f1alar las diferencias en ciertas \u00e1reas como el manejo del presupuesto y otras pol\u00edticas econ\u00f3micas.<\/p>\n\n\n\n<p>Finalmente, Jalil rescat\u00f3 el potencial tur\u00edstico y cultural de Catamarca, al describir la infraestructura desarrollada y las atracciones \u00fanicas que ofrece la provincia. Aleg\u00f3 que aunque la inversi\u00f3n ha sido significativa, a\u00fan queda mucho por hacer, especialmente en t\u00e9rminos de coordinaci\u00f3n entre lo p\u00fablico y lo privado, para maximizar el aprovechamiento del potencial tur\u00edstico y de recursos naturales.<\/p>\n\n\n<div class=\"wp-block-image\">\n<figure class=\"aligncenter size-full\"><img decoding=\"async\" loading=\"lazy\" width=\"768\" height=\"432\" src=\"https:\/\/notinor.com\/jujuy\/wp-content\/uploads\/2025\/05\/JALIL1.jpg\" alt=\"\" class=\"wp-image-427296\" srcset=\"https:\/\/notinor.com\/jujuy\/wp-content\/uploads\/2025\/05\/JALIL1.jpg 768w, https:\/\/notinor.com\/jujuy\/wp-content\/uploads\/2025\/05\/JALIL1-649x365.jpg 649w, https:\/\/notinor.com\/jujuy\/wp-content\/uploads\/2025\/05\/JALIL1-500x280.jpg 500w, https:\/\/notinor.com\/jujuy\/wp-content\/uploads\/2025\/05\/JALIL1-750x422.jpg 750w\" sizes=\"(max-width: 768px) 100vw, 768px\" \/><figcaption class=\"wp-element-caption\">Video: entrevista completa a Ra\u00fal Jalil en Infobae <\/figcaption><\/figure><\/div>","protected":false},"excerpt":{"rendered":"<p>Ra\u00fal Jalil asegur\u00f3 que los resultados electorales del domingo pasado demuestran que fue un error la decisi\u00f3n de la titular del PJ. El gobernador de&nbsp;Catamarca,&nbsp;Ra\u00fal Jalil, se pronunci\u00f3 abiertamente en contra de las intervenciones partidarias promovidas por la presidenta del&nbsp;Partido Justicialista (PJ),&nbsp;Cristina Kirchner, en provincias como Salta y Jujuy. \u201cLo he dicho p\u00fablicamente. No estoy [&hellip;]<\/p>\n","protected":false},"author":5,"featured_media":427295,"comment_status":"open","ping_status":"open","sticky":false,"template":"","format":"standard","meta":{"_stopmodifiedupdate":false,"_modified_date":"","inline_featured_image":false,"spay_email":"","jetpack_publicize_message":""},"categories":[501],"tags":[],"jetpack_featured_media_url":"https:\/\/notinor.com\/jujuy\/wp-content\/uploads\/2025\/05\/JALIL.jpg","jetpack_publicize_connections":[],"_links":{"self":[{"href":"https:\/\/notinor.com\/jujuy\/wp-json\/wp\/v2\/posts\/427293"}],"collection":[{"href":"https:\/\/notinor.com\/jujuy\/wp-json\/wp\/v2\/posts"}],"about":[{"href":"https:\/\/notinor.com\/jujuy\/wp-json\/wp\/v2\/types\/post"}],"author":[{"embeddable":true,"href":"https:\/\/notinor.com\/jujuy\/wp-json\/wp\/v2\/users\/5"}],"replies":[{"embeddable":true,"href":"https:\/\/notinor.com\/jujuy\/wp-json\/wp\/v2\/comments?post=427293"}],"version-history":[{"count":2,"href":"https:\/\/notinor.com\/jujuy\/wp-json\/wp\/v2\/posts\/427293\/revisions"}],"predecessor-version":[{"id":427299,"href":"https:\/\/notinor.com\/jujuy\/wp-json\/wp\/v2\/posts\/427293\/revisions\/427299"}],"wp:featuredmedia":[{"embeddable":true,"href":"https:\/\/notinor.com\/jujuy\/wp-json\/wp\/v2\/media\/427295"}],"wp:attachment":[{"href":"https:\/\/notinor.com\/jujuy\/wp-json\/wp\/v2\/media?parent=427293"}],"wp:term":[{"taxonomy":"category","embeddable":true,"href":"https:\/\/notinor.com\/jujuy\/wp-json\/wp\/v2\/categories?post=427293"},{"taxonomy":"post_tag","embeddable":true,"href":"https:\/\/notinor.com\/jujuy\/wp-json\/wp\/v2\/tags?post=427293"}],"curies":[{"name":"wp","href":"https:\/\/api.w.org\/{rel}","templated":true}]}}