{"id":427257,"date":"2025-05-14T20:40:00","date_gmt":"2025-05-14T23:40:00","guid":{"rendered":"https:\/\/notinor.com\/jujuy\/?p=427257"},"modified":"2025-05-14T08:40:47","modified_gmt":"2025-05-14T08:40:47","slug":"fueron-designadas-las-autoridades-de-la-comision-de-igualdad-de-oportunidades-con-perspectiva-de-genero","status":"publish","type":"post","link":"https:\/\/notinor.com\/jujuy\/fueron-designadas-las-autoridades-de-la-comision-de-igualdad-de-oportunidades-con-perspectiva-de-genero\/","title":{"rendered":"<strong>Fueron designadas las autoridades de la Comisi\u00f3n de Igualdad de Oportunidades con Perspectiva de G\u00e9nero<\/strong>"},"content":{"rendered":"\n<p class=\"has-medium-font-size\"><strong><em>En el Sal\u00f3n Marcos Paz, legisladoras de los diferentes bloques mantuvieron una reuni\u00f3n para determinar qui\u00e9nes conformar\u00e1n la Comisi\u00f3n.<\/em><\/strong><\/p>\n\n\n<div class=\"wp-block-image\">\n<figure class=\"aligncenter size-large\"><img decoding=\"async\" loading=\"lazy\" width=\"720\" height=\"480\" src=\"https:\/\/notinor.com\/jujuy\/wp-content\/uploads\/2025\/05\/REUNION-1-720x480.jpeg\" alt=\"\" class=\"wp-image-427259\" srcset=\"https:\/\/notinor.com\/jujuy\/wp-content\/uploads\/2025\/05\/REUNION-1-720x480.jpeg 720w, https:\/\/notinor.com\/jujuy\/wp-content\/uploads\/2025\/05\/REUNION-1-548x365.jpeg 548w, https:\/\/notinor.com\/jujuy\/wp-content\/uploads\/2025\/05\/REUNION-1-768x512.jpeg 768w, https:\/\/notinor.com\/jujuy\/wp-content\/uploads\/2025\/05\/REUNION-1-1536x1023.jpeg 1536w, https:\/\/notinor.com\/jujuy\/wp-content\/uploads\/2025\/05\/REUNION-1-750x500.jpeg 750w, https:\/\/notinor.com\/jujuy\/wp-content\/uploads\/2025\/05\/REUNION-1-1140x760.jpeg 1140w, https:\/\/notinor.com\/jujuy\/wp-content\/uploads\/2025\/05\/REUNION-1.jpeg 1600w\" sizes=\"(max-width: 720px) 100vw, 720px\" \/><\/figure><\/div>\n\n\n<p>La misma qued\u00f3 finalmente constituida por las diputadas: <strong>Hilda Prolongo, Mabel Batallanos, Alejandra El\u00edas, Natalia Morales, Valeria G\u00f3mez, Agustina Guzm\u00e1n, Patricia Armella, Claudia S\u00e1nchez Cantaberta, Ang\u00e9lica Castillo, Mar\u00eda del Valle Quir\u00f3s y Noelia Quispe<\/strong>. En tanto que la legisladora <strong>Ver\u00f3nica Valente <\/strong>fue designada Presidenta, manteniendo la Vicepresidencia la diputada <strong>Agustina Guzm\u00e1n<\/strong> y la Secretar\u00eda <strong>Claudia S\u00e1nchez Cantaberta<\/strong>.<\/p>\n\n\n<div class=\"wp-block-image\">\n<figure class=\"aligncenter size-large\"><img decoding=\"async\" loading=\"lazy\" width=\"720\" height=\"480\" src=\"https:\/\/notinor.com\/jujuy\/wp-content\/uploads\/2025\/05\/REUNION-2-720x480.jpeg\" alt=\"\" class=\"wp-image-427260\" srcset=\"https:\/\/notinor.com\/jujuy\/wp-content\/uploads\/2025\/05\/REUNION-2-720x480.jpeg 720w, https:\/\/notinor.com\/jujuy\/wp-content\/uploads\/2025\/05\/REUNION-2-548x365.jpeg 548w, https:\/\/notinor.com\/jujuy\/wp-content\/uploads\/2025\/05\/REUNION-2-768x512.jpeg 768w, https:\/\/notinor.com\/jujuy\/wp-content\/uploads\/2025\/05\/REUNION-2-1536x1023.jpeg 1536w, https:\/\/notinor.com\/jujuy\/wp-content\/uploads\/2025\/05\/REUNION-2-750x500.jpeg 750w, https:\/\/notinor.com\/jujuy\/wp-content\/uploads\/2025\/05\/REUNION-2-1140x760.jpeg 1140w, https:\/\/notinor.com\/jujuy\/wp-content\/uploads\/2025\/05\/REUNION-2.jpeg 1600w\" sizes=\"(max-width: 720px) 100vw, 720px\" \/><\/figure><\/div>\n\n\n<p>Valente afirm\u00f3 que, dentro de las primeras l\u00edneas de trabajo de la Comisi\u00f3n, lo primordial ser\u00e1 mantener una reuni\u00f3n con el Consejo de la Mujer, para trabajar en conjunto, como ya lo viene realizando la Legislatura; ello m\u00e1s all\u00e1 de los proyectos que vayan ingresando a la misma.<\/p>\n\n\n\n<p>Por \u00faltimo, se determin\u00f3 que la Comisi\u00f3n mantendr\u00e1 sus reuniones de trabajo los d\u00edas mi\u00e9rcoles a las 12 hs. en el Sal\u00f3n Marcos Paz.<\/p>\n","protected":false},"excerpt":{"rendered":"<p>En el Sal\u00f3n Marcos Paz, legisladoras de los diferentes bloques mantuvieron una reuni\u00f3n para determinar qui\u00e9nes conformar\u00e1n la Comisi\u00f3n. La misma qued\u00f3 finalmente constituida por las diputadas: Hilda Prolongo, Mabel Batallanos, Alejandra El\u00edas, Natalia Morales, Valeria G\u00f3mez, Agustina Guzm\u00e1n, Patricia Armella, Claudia S\u00e1nchez Cantaberta, Ang\u00e9lica Castillo, Mar\u00eda del Valle Quir\u00f3s y Noelia Quispe. En tanto [&hellip;]<\/p>\n","protected":false},"author":5,"featured_media":427258,"comment_status":"open","ping_status":"open","sticky":false,"template":"","format":"standard","meta":{"_stopmodifiedupdate":false,"_modified_date":"","inline_featured_image":false,"spay_email":"","jetpack_publicize_message":""},"categories":[514],"tags":[],"jetpack_featured_media_url":"https:\/\/notinor.com\/jujuy\/wp-content\/uploads\/2025\/05\/REUNION.jpeg","jetpack_publicize_connections":[],"_links":{"self":[{"href":"https:\/\/notinor.com\/jujuy\/wp-json\/wp\/v2\/posts\/427257"}],"collection":[{"href":"https:\/\/notinor.com\/jujuy\/wp-json\/wp\/v2\/posts"}],"about":[{"href":"https:\/\/notinor.com\/jujuy\/wp-json\/wp\/v2\/types\/post"}],"author":[{"embeddable":true,"href":"https:\/\/notinor.com\/jujuy\/wp-json\/wp\/v2\/users\/5"}],"replies":[{"embeddable":true,"href":"https:\/\/notinor.com\/jujuy\/wp-json\/wp\/v2\/comments?post=427257"}],"version-history":[{"count":1,"href":"https:\/\/notinor.com\/jujuy\/wp-json\/wp\/v2\/posts\/427257\/revisions"}],"predecessor-version":[{"id":427261,"href":"https:\/\/notinor.com\/jujuy\/wp-json\/wp\/v2\/posts\/427257\/revisions\/427261"}],"wp:featuredmedia":[{"embeddable":true,"href":"https:\/\/notinor.com\/jujuy\/wp-json\/wp\/v2\/media\/427258"}],"wp:attachment":[{"href":"https:\/\/notinor.com\/jujuy\/wp-json\/wp\/v2\/media?parent=427257"}],"wp:term":[{"taxonomy":"category","embeddable":true,"href":"https:\/\/notinor.com\/jujuy\/wp-json\/wp\/v2\/categories?post=427257"},{"taxonomy":"post_tag","embeddable":true,"href":"https:\/\/notinor.com\/jujuy\/wp-json\/wp\/v2\/tags?post=427257"}],"curies":[{"name":"wp","href":"https:\/\/api.w.org\/{rel}","templated":true}]}}