{"id":427248,"date":"2025-05-14T21:00:53","date_gmt":"2025-05-15T00:00:53","guid":{"rendered":"https:\/\/notinor.com\/jujuy\/?p=427248"},"modified":"2025-05-14T21:00:55","modified_gmt":"2025-05-15T00:00:55","slug":"la-inflacion-de-abril-fue-de-28-y-acumulo-473-en-los-ultimos-doce-meses","status":"publish","type":"post","link":"https:\/\/notinor.com\/jujuy\/la-inflacion-de-abril-fue-de-28-y-acumulo-473-en-los-ultimos-doce-meses\/","title":{"rendered":"La inflaci\u00f3n de abril fue de 2,8% y acumul\u00f3 47,3% en los \u00faltimos doce meses"},"content":{"rendered":"\n<p class=\"has-medium-font-size\"><strong><em>En marzo hab\u00eda sido de 3,7%. El \u00faltimo informe del Indec reflej\u00f3 el movimiento de los precios al consumidor tras el reciente ajuste cambiario y la eliminaci\u00f3n del cepo.<\/em><\/strong><\/p>\n\n\n\n<p><\/p>\n\n\n<div class=\"wp-block-image\">\n<figure class=\"aligncenter size-full\"><img decoding=\"async\" loading=\"lazy\" width=\"800\" height=\"450\" src=\"https:\/\/notinor.com\/jujuy\/wp-content\/uploads\/2024\/11\/inflacion-1.jpg\" alt=\"\" class=\"wp-image-419064\" srcset=\"https:\/\/notinor.com\/jujuy\/wp-content\/uploads\/2024\/11\/inflacion-1.jpg 800w, https:\/\/notinor.com\/jujuy\/wp-content\/uploads\/2024\/11\/inflacion-1-649x365.jpg 649w, https:\/\/notinor.com\/jujuy\/wp-content\/uploads\/2024\/11\/inflacion-1-500x280.jpg 500w, https:\/\/notinor.com\/jujuy\/wp-content\/uploads\/2024\/11\/inflacion-1-768x432.jpg 768w, https:\/\/notinor.com\/jujuy\/wp-content\/uploads\/2024\/11\/inflacion-1-750x422.jpg 750w\" sizes=\"(max-width: 800px) 100vw, 800px\" \/><\/figure><\/div>\n\n\n<p><\/p>\n\n\n\n<p><strong>El Instituto Nacional de Estad\u00edsticas y Censos (Indec) dio a conocer que la inflaci\u00f3n de abril alcanz\u00f3 2,8%, y que acumul\u00f3 47,3% en los \u00faltimos doce meses. Tras el 3,7% de marzo, este \u00edndice cobra especial relevancia al ser el primero en emitir resultados luego de que el Gobierno eliminara el cepo cambiario y adoptara un nuevo esquema de bandas para el d\u00f3lar, permitiendo fluctuaciones del tipo de cambio entre $1.000 y $1.400.<\/strong><\/p>\n\n\n\n<p>El rubro Alimentos y Bebidas no alcoh\u00f3licas, el de mayor incidencia en todas las regiones, subi\u00f3 un 2,9% \u201cpor los aumentos en Carnes y derivados, Leche, productos l\u00e1cteos y huevos y Pan y cereales\u201d, apunt\u00f3 el Indec.<\/p>\n\n\n\n<p><strong>Las divisiones que tuvieron mayor aumento en abril fueron Restaurantes y hoteles (4,1%), por subas en los alimentos y bebidas consumidos fuera del hogar, Recreaci\u00f3n y cultura (4%), principalmente por incrementos en Servicios recreativos y culturales, y Prendas de vestir y calzado (3,8%).<\/strong><\/p>\n\n\n\n<p>En el otro extremo, los sectores con menores variaciones de precios fueron Transporte (1,7%) y Equipamiento y mantenimiento del hogar (0,9%).<\/p>\n\n\n\n<p><strong>La inflaci\u00f3n n\u00facleo, aquella que no incluye los precios estacionales ni regulados, se increment\u00f3 en un 3,2%, la misma suba que hab\u00eda tenido en marzo. En ese sentido, esas dos categor\u00edas moderaron sus alzas: los estacionales subieron 1,9% (en marzo, 8,4%) y los regulados un 1,8% (en marzo, 3,2%).<\/strong><\/p>\n\n\n\n<p>Desde el ministerio de Econom\u00eda destacaron que en abril, con el dato del 47,3%, fue \u201cel duod\u00e9cimo mes consecutivo de desaceleraci\u00f3n en la comparaci\u00f3n contra igual mes del a\u00f1o anterior. A su vez, la inflaci\u00f3n interanual fue la menor en 4 a\u00f1os\u201d.<\/p>\n\n\n\n<p><strong>\u201cLa combinaci\u00f3n de super\u00e1vit fiscal, cantidad de dinero fija y tipo de cambio libre profundizar\u00e1n el proceso de desinflaci\u00f3n que viene observ\u00e1ndose desde el a\u00f1o pasado\u201d,<\/strong> se\u00f1alaron.<\/p>\n\n\n\n<p>Tras la unificaci\u00f3n cambiaria, el presidente Javier Milei hab\u00eda salido a despejar temores sobre un incremento severo en el costo de vida. <strong>En su intervenci\u00f3n en el Congreso Anual del Instituto Argentino de Ejecutivos de Finanzas, asegur\u00f3 que \u201cni el tipo de cambio ni los precios reaccionaron de manera dr\u00e1stica\u201d, subrayando un esfuerzo comunicacional por parte del gobierno para comunicar estabilidad a la poblaci\u00f3n.<\/strong> Esta declaraci\u00f3n destac\u00f3 el contexto de incertidumbre y c\u00f3mo las medidas se est\u00e1n percibiendo tanto en el \u00e1mbito econ\u00f3mico como social.<\/p>\n\n\n\n<p>Previo a la publicaci\u00f3n oficial, distintas consultoras y analistas del sector privado elaboraron estimaciones sobre el impacto potencial en los precios. <strong>Antes de conocer los nuevos datos, la consultora PxQ proyectaba que la inflaci\u00f3n para abril ser\u00eda de 3,8%, resaltando que aunque hab\u00eda indicios de una aceleraci\u00f3n en los precios, esta estar\u00eda lejos de los niveles observados en episodios de fuerte devaluaci\u00f3n del pasado.<\/strong><\/p>\n\n\n\n<p><strong>Antes de la publicaci\u00f3n del dato oficial de abril, otras consultoras privadas compartieron sus an\u00e1lisis. Analytica registr\u00f3 en la cuarta semana de abril una variaci\u00f3n semanal de 0,4% en los precios de alimentos y bebidas en el Gran Buenos Aires. En el periodo completo, el promedio mensual estimado fue de 2,8%.<\/strong> Este an\u00e1lisis reflej\u00f3 incrementos en las verduras con un 7,9% y en carnes y sus derivados con un 3,2%. En contraste, las frutas mostraron una leve reducci\u00f3n de precios, un fen\u00f3meno probablemente asociado a mejoras en la disponibilidad y condiciones clim\u00e1ticas m\u00e1s favorables.<\/p>\n\n\n\n<p><strong>Adem\u00e1s, la consultora LCG anot\u00f3 que, en la cuarta semana de abril, no observ\u00f3 cambios significativos en los precios de alimentos. Aunque se registr\u00f3 un fuerte aumento del 4,5% en bebidas e infusiones para el hogar,<\/strong> hubo descensos en otros rubros como productos l\u00e1cteos y frutas, que indicaron una amplia dispersi\u00f3n en las din\u00e1micas de precios.<\/p>\n\n\n\n<p>En el an\u00e1lisis previo, la consultora EcoGo sugiri\u00f3 que el incremento en alimentos durante la primera semana sin cepo fue del 1,3%, en un contexto donde se esperaban mayores fluctuaciones. Igualmente, Equilibra indic\u00f3 estabilidad relativa con un leve incremento semanal del 0,1%, cerrando un promedio mensual del 3,1%. Sus reportes sugieren que la liberaci\u00f3n cambiaria no gener\u00f3 el impacto inflacionario que muchos hab\u00edan anticipado inicialmente.<\/p>\n\n\n\n<p>El escenario presenta una serie de desaf\u00edos para el Gobierno y para las perspectivas econ\u00f3micas del pa\u00eds. Los organismos econ\u00f3micos y Finanzas contin\u00faan vigilantes ante estas nuevas circunstancias, considerando el rol del d\u00f3lar y otras variables macroecon\u00f3micas como mediadores cr\u00edticos de las tendencias inflacionarias.<strong> Sin conclusiones definitivas, el mercado espera observar los ajustes de las pol\u00edticas monetarias y cambios regulatorios que podr\u00edan surgir como reacci\u00f3n a los datos y escenarios emergentes.<\/strong><\/p>\n","protected":false},"excerpt":{"rendered":"<p>En marzo hab\u00eda sido de 3,7%. El \u00faltimo informe del Indec reflej\u00f3 el movimiento de los precios al consumidor tras el reciente ajuste cambiario y la eliminaci\u00f3n del cepo. El Instituto Nacional de Estad\u00edsticas y Censos (Indec) dio a conocer que la inflaci\u00f3n de abril alcanz\u00f3 2,8%, y que acumul\u00f3 47,3% en los \u00faltimos doce [&hellip;]<\/p>\n","protected":false},"author":49,"featured_media":419064,"comment_status":"open","ping_status":"open","sticky":false,"template":"","format":"standard","meta":{"_stopmodifiedupdate":false,"_modified_date":"","inline_featured_image":false,"spay_email":"","jetpack_publicize_message":""},"categories":[2,676],"tags":[],"jetpack_featured_media_url":"https:\/\/notinor.com\/jujuy\/wp-content\/uploads\/2024\/11\/inflacion-1.jpg","jetpack_publicize_connections":[],"_links":{"self":[{"href":"https:\/\/notinor.com\/jujuy\/wp-json\/wp\/v2\/posts\/427248"}],"collection":[{"href":"https:\/\/notinor.com\/jujuy\/wp-json\/wp\/v2\/posts"}],"about":[{"href":"https:\/\/notinor.com\/jujuy\/wp-json\/wp\/v2\/types\/post"}],"author":[{"embeddable":true,"href":"https:\/\/notinor.com\/jujuy\/wp-json\/wp\/v2\/users\/49"}],"replies":[{"embeddable":true,"href":"https:\/\/notinor.com\/jujuy\/wp-json\/wp\/v2\/comments?post=427248"}],"version-history":[{"count":1,"href":"https:\/\/notinor.com\/jujuy\/wp-json\/wp\/v2\/posts\/427248\/revisions"}],"predecessor-version":[{"id":427249,"href":"https:\/\/notinor.com\/jujuy\/wp-json\/wp\/v2\/posts\/427248\/revisions\/427249"}],"wp:featuredmedia":[{"embeddable":true,"href":"https:\/\/notinor.com\/jujuy\/wp-json\/wp\/v2\/media\/419064"}],"wp:attachment":[{"href":"https:\/\/notinor.com\/jujuy\/wp-json\/wp\/v2\/media?parent=427248"}],"wp:term":[{"taxonomy":"category","embeddable":true,"href":"https:\/\/notinor.com\/jujuy\/wp-json\/wp\/v2\/categories?post=427248"},{"taxonomy":"post_tag","embeddable":true,"href":"https:\/\/notinor.com\/jujuy\/wp-json\/wp\/v2\/tags?post=427248"}],"curies":[{"name":"wp","href":"https:\/\/api.w.org\/{rel}","templated":true}]}}