{"id":426939,"date":"2025-05-07T23:20:48","date_gmt":"2025-05-08T02:20:48","guid":{"rendered":"https:\/\/notinor.com\/jujuy\/?p=426939"},"modified":"2025-05-07T23:33:15","modified_gmt":"2025-05-08T02:33:15","slug":"energia-solar-millonaria-inversion-de-genneia-para-levantar-un-parque-con-250-000-paneles","status":"publish","type":"post","link":"https:\/\/notinor.com\/jujuy\/energia-solar-millonaria-inversion-de-genneia-para-levantar-un-parque-con-250-000-paneles\/","title":{"rendered":"Energ\u00eda solar: millonaria inversi\u00f3n de Genneia para levantar un parque con 250.000 paneles"},"content":{"rendered":"\n<p class=\"has-medium-font-size\"><strong><em>La empresa de mayor\u00a0generaci\u00f3n de energ\u00edas renovables en la Argentina anunci\u00f3 un desembolso por 110 millones de d\u00f3lares para la construcci\u00f3n del Parque Solar San Juan Sur,\u00a0su cuarto desarrollo fotovoltaico en la provincia cuyana.<\/em><\/strong><\/p>\n\n\n<div class=\"wp-block-image\">\n<figure class=\"aligncenter size-large\"><img decoding=\"async\" loading=\"lazy\" width=\"840\" height=\"473\" src=\"https:\/\/notinor.com\/jujuy\/wp-content\/uploads\/2025\/05\/image-18-840x473.png\" alt=\"\" class=\"wp-image-426940\" srcset=\"https:\/\/notinor.com\/jujuy\/wp-content\/uploads\/2025\/05\/image-18-840x473.png 840w, https:\/\/notinor.com\/jujuy\/wp-content\/uploads\/2025\/05\/image-18-649x365.png 649w, https:\/\/notinor.com\/jujuy\/wp-content\/uploads\/2025\/05\/image-18-768x432.png 768w, https:\/\/notinor.com\/jujuy\/wp-content\/uploads\/2025\/05\/image-18-750x422.png 750w, https:\/\/notinor.com\/jujuy\/wp-content\/uploads\/2025\/05\/image-18-1140x641.png 1140w, https:\/\/notinor.com\/jujuy\/wp-content\/uploads\/2025\/05\/image-18.png 1280w\" sizes=\"(max-width: 840px) 100vw, 840px\" \/><\/figure><\/div>\n\n\n<p><\/p>\n\n\n\n<p><strong>Genneia<\/strong>, la empresa de mayor\u00a0generaci\u00f3n de energ\u00edas renovables en la Argentina, <strong>anunci\u00f3 una inversi\u00f3n de\u00a0110 millones de d\u00f3lares para la construcci\u00f3n del Parque Solar San Juan Sur,<\/strong>\u00a0su cuarto desarrollo fotovoltaico en la provincia cuyana, que estar\u00e1 asociado al desarrollo de proyectos mineros que buscan asegurarse fuentes sustentables de energ\u00eda para sus operaciones.<\/p>\n\n\n\n<p>El proyecto, que estar\u00e1 ubicado en el departamento de Sarmiento, <strong>tendr\u00e1 una capacidad instalada de 130 MW,<\/strong> y crear\u00e1 aproximadamente 300 puestos de trabajo en el pico de la obra.<\/p>\n\n\n\n<p>La energ\u00eda generada estar\u00e1 <strong>destinada al\u00a0abastecimiento de grandes usuarios del mercado a t\u00e9rmino<\/strong>\u00a0(MATER), donde podr\u00e1 atender la creciente demanda corporativa.<\/p>\n\n\n\n<p><\/p>\n\n\n<div class=\"wp-block-image\">\n<figure class=\"aligncenter size-large\"><img decoding=\"async\" loading=\"lazy\" width=\"722\" height=\"480\" src=\"https:\/\/notinor.com\/jujuy\/wp-content\/uploads\/2025\/05\/image-19-722x480.png\" alt=\"\" class=\"wp-image-426945\" srcset=\"https:\/\/notinor.com\/jujuy\/wp-content\/uploads\/2025\/05\/image-19-722x480.png 722w, https:\/\/notinor.com\/jujuy\/wp-content\/uploads\/2025\/05\/image-19-549x365.png 549w, https:\/\/notinor.com\/jujuy\/wp-content\/uploads\/2025\/05\/image-19-768x511.png 768w, https:\/\/notinor.com\/jujuy\/wp-content\/uploads\/2025\/05\/image-19-750x499.png 750w, https:\/\/notinor.com\/jujuy\/wp-content\/uploads\/2025\/05\/image-19.png 866w\" sizes=\"(max-width: 722px) 100vw, 722px\" \/><\/figure><\/div>\n\n\n<p><\/p>\n\n\n\n<p>El nuevo centro de generaci\u00f3n, ubicado a un kil\u00f3metro\u00a0al este de la localidad de Retamito, ocupar\u00e1 una superficie de 500 hect\u00e1reas y<strong> contar\u00e1 con\u00a0250.000 paneles solares <\/strong>bifaciales, capaces de captar la radiaci\u00f3n directa y reflejada del sol, lo que optimiza su eficiencia energ\u00e9tica.<\/p>\n\n\n\n<p><strong>Bernardo Andrews,<\/strong> CEO de Genneia, explic\u00f3 que el nuevo proyecto permitir\u00e1 a la compa\u00f1\u00eda \"<strong>acompa\u00f1ar el\u00a0desarrollo de la miner\u00eda,<\/strong> uno de los motores econ\u00f3micos clave\" de la provincia, donde alcanzar\u00e1 los 350 Mw instalados cuando entre en operaci\u00f3n el Parque Solar San Juan Sur, con su propuesta de abastecimiento sostenible para los grandes consumidores.<\/p>\n\n\n\n<p>El enfoque de la empresa en el sector minero tiene un\u00a0antecedente inmediato, cuando en febrero pasado anunci\u00f3 que\u00a0impulsa<strong> un proyecto que prev\u00e9 el tendido de una l\u00ednea de interconexi\u00f3n el\u00e9ctrica en la provincia de Salta,<\/strong> con el que pretende vincular a un conjunto de<strong>\u00a0<\/strong>desarrollos mineros de litio con una inversi\u00f3n de m\u00e1s de\u00a0400 millones de d\u00f3lares.<\/p>\n","protected":false},"excerpt":{"rendered":"<p>La empresa de mayor\u00a0generaci\u00f3n de energ\u00edas renovables en la Argentina anunci\u00f3 un desembolso por 110 millones de d\u00f3lares para la construcci\u00f3n del Parque Solar San Juan Sur,\u00a0su cuarto desarrollo fotovoltaico en la provincia cuyana. Genneia, la empresa de mayor\u00a0generaci\u00f3n de energ\u00edas renovables en la Argentina, anunci\u00f3 una inversi\u00f3n de\u00a0110 millones de d\u00f3lares para la construcci\u00f3n [&hellip;]<\/p>\n","protected":false},"author":51,"featured_media":426940,"comment_status":"open","ping_status":"open","sticky":false,"template":"","format":"standard","meta":{"_stopmodifiedupdate":false,"_modified_date":"","inline_featured_image":false,"spay_email":"","jetpack_publicize_message":""},"categories":[676,1158],"tags":[],"jetpack_featured_media_url":"https:\/\/notinor.com\/jujuy\/wp-content\/uploads\/2025\/05\/image-18.png","jetpack_publicize_connections":[],"_links":{"self":[{"href":"https:\/\/notinor.com\/jujuy\/wp-json\/wp\/v2\/posts\/426939"}],"collection":[{"href":"https:\/\/notinor.com\/jujuy\/wp-json\/wp\/v2\/posts"}],"about":[{"href":"https:\/\/notinor.com\/jujuy\/wp-json\/wp\/v2\/types\/post"}],"author":[{"embeddable":true,"href":"https:\/\/notinor.com\/jujuy\/wp-json\/wp\/v2\/users\/51"}],"replies":[{"embeddable":true,"href":"https:\/\/notinor.com\/jujuy\/wp-json\/wp\/v2\/comments?post=426939"}],"version-history":[{"count":4,"href":"https:\/\/notinor.com\/jujuy\/wp-json\/wp\/v2\/posts\/426939\/revisions"}],"predecessor-version":[{"id":426946,"href":"https:\/\/notinor.com\/jujuy\/wp-json\/wp\/v2\/posts\/426939\/revisions\/426946"}],"wp:featuredmedia":[{"embeddable":true,"href":"https:\/\/notinor.com\/jujuy\/wp-json\/wp\/v2\/media\/426940"}],"wp:attachment":[{"href":"https:\/\/notinor.com\/jujuy\/wp-json\/wp\/v2\/media?parent=426939"}],"wp:term":[{"taxonomy":"category","embeddable":true,"href":"https:\/\/notinor.com\/jujuy\/wp-json\/wp\/v2\/categories?post=426939"},{"taxonomy":"post_tag","embeddable":true,"href":"https:\/\/notinor.com\/jujuy\/wp-json\/wp\/v2\/tags?post=426939"}],"curies":[{"name":"wp","href":"https:\/\/api.w.org\/{rel}","templated":true}]}}