{"id":426612,"date":"2025-04-29T23:07:00","date_gmt":"2025-04-30T02:07:00","guid":{"rendered":"https:\/\/notinor.com\/jujuy\/?p=426612"},"modified":"2025-04-29T11:07:59","modified_gmt":"2025-04-29T11:07:59","slug":"en-el-dia-del-animal-el-cdi-pata-pila-participo-de-actividades-de-concientizacion-y-amor-por-las-mascotas","status":"publish","type":"post","link":"https:\/\/notinor.com\/jujuy\/en-el-dia-del-animal-el-cdi-pata-pila-participo-de-actividades-de-concientizacion-y-amor-por-las-mascotas\/","title":{"rendered":"En el D\u00eda del Animal el CDI Pata Pila particip\u00f3 de actividades de concientizaci\u00f3n y amor por las mascotas"},"content":{"rendered":"\n<p class=\"has-medium-font-size\"><strong><em>En el marco del D\u00eda del Animal, los ni\u00f1os y ni\u00f1as del CDI municipal \u201cPata Pila\u201d participaron de una especial jornada educativa y recreativa, con el objetivo de promover la tenencia responsable de mascotas y el cuidado animal. Los peque\u00f1os pudieron participar de numerosas actividades en el Multiespacio de Mariano Moreno acompa\u00f1ados por sus familiares y cuerpo docente. La Direcci\u00f3n de Zoonosis continuar\u00e1 con la campa\u00f1a en los distintos espacios municipales.<\/em><\/strong><\/p>\n\n\n<div class=\"wp-block-image\">\n<figure class=\"aligncenter\"><img decoding=\"async\" src=\"https:\/\/www.sansalvadordejujuy.gob.ar\/wp-content\/uploads\/2025\/04\/jornada-con-el-cdi-pata-pila-prensa-muni4-1024x681.jpg\" alt=\"\" class=\"wp-image-86356\"\/><\/figure><\/div>\n\n\n<p>La jornada fue visitada por el secretario de Desarrollo Humano, <strong>Rodrigo Altea<\/strong> quien hizo referencia a la fecha celebrando el D\u00eda del Animal que \u201choy en d\u00eda ocupan un lugar fundamental en las familias y a trav\u00e9s de \u00e9sta jornada se reforz\u00f3 la importancia de la concientizaci\u00f3n sobre el cuidado responsable de los animales, promoviendo valores desde la infancia\u201d.<\/p>\n\n\n\n<p>A\u00f1adi\u00f3 \u201cla actividad fue organizada por los CDI en articulaci\u00f3n con la Direcci\u00f3n de Zoonosis de la Secretar\u00eda de Gobierno, como parte de una pol\u00edtica integral que busca formar ciudadanos m\u00e1s emp\u00e1ticos y comprometidos con el bienestar animal y la convivencia responsable\u201d.<\/p>\n\n\n<div class=\"wp-block-image\">\n<figure class=\"aligncenter\"><img decoding=\"async\" src=\"https:\/\/www.sansalvadordejujuy.gob.ar\/wp-content\/uploads\/2025\/04\/jornada-con-el-cdi-pata-pila-prensa-muni5-1024x748.jpg\" alt=\"\" class=\"wp-image-86357\"\/><\/figure><\/div>\n\n\n<p>Resalt\u00f3 \u201cque las actividades est\u00e1n profundamente vinculadas con la empat\u00eda, el encuentro y el di\u00e1logo, fundamentales para construir una sociedad m\u00e1s solidaria y promover aprendizajes para ser mejores ciudadanos\u201d.<\/p>\n\n\n\n<p>Luego, la directora de Proyecci\u00f3n Educativa, <strong>Agustina Pauloni<\/strong>, se refiri\u00f3 al acompa\u00f1amiento brindado al CDI Pata Pila, que promueve desde la primera infancia la concientizaci\u00f3n sobre el cuidado responsable de las mascotas. \u201cA trav\u00e9s de actividades l\u00fadicas y educativas, se ense\u00f1a a los m\u00e1s peque\u00f1os que tener una mascota no solo implica alimentarla y brindarle afecto, sino tambi\u00e9n asumir el compromiso de cuidar su salud y bienestar.\u201d<\/p>\n\n\n<div class=\"wp-block-image\">\n<figure class=\"aligncenter\"><img decoding=\"async\" src=\"https:\/\/www.sansalvadordejujuy.gob.ar\/wp-content\/uploads\/2025\/04\/jornada-con-el-cdi-pata-pila-prensa-muni-1024x737.jpg\" alt=\"\" class=\"wp-image-86358\"\/><\/figure><\/div>\n\n\n<p>Prosigui\u00f3 la directora de Zoonosis, Jimena Saez quien detall\u00f3 que se desarrollaron actividades de concientizaci\u00f3n sobre la tenencia responsable de animales desde el momento en que se incorpora un cachorro al hogar hasta los cuidados necesarios para garantizar su bienestar.<\/p>\n\n\n\n<p>&nbsp;Adem\u00e1s, consider\u00f3 importante el compromiso con su salud, afecto y protecci\u00f3n, recordando \u201cen la Provincia de Jujuy los animales son reconocidos como seres sintientes y, por lo tanto, merecen un trato digno y responsable como miembros de la familia\u201d.<\/p>\n\n\n\n<p>Finalmente prioriz\u00f3 S\u00e1ez \u201cfundamental reforzar la idea de que las mascotas son parte de la familia y deben ser cuidadas, y se les ense\u00f1\u00f3 mediante el dibujo y la pintura, valores esenciales sobre el cuidado de los animales, no dejarlos sueltos, no ejercer violencia y brindarles siempre protecci\u00f3n, afecto y respeto\u201d.<\/p>\n\n\n\n<p><strong>Nota audiovisual:<\/strong>&nbsp;<a href=\"https:\/\/youtu.be\/lqhPCA4dfbU\">https:\/\/youtu.be\/lqhPCA4dfbU<\/a><\/p>\n","protected":false},"excerpt":{"rendered":"<p>En el marco del D\u00eda del Animal, los ni\u00f1os y ni\u00f1as del CDI municipal \u201cPata Pila\u201d participaron de una especial jornada educativa y recreativa, con el objetivo de promover la tenencia responsable de mascotas y el cuidado animal. Los peque\u00f1os pudieron participar de numerosas actividades en el Multiespacio de Mariano Moreno acompa\u00f1ados por sus familiares [&hellip;]<\/p>\n","protected":false},"author":5,"featured_media":426613,"comment_status":"open","ping_status":"open","sticky":false,"template":"","format":"standard","meta":{"_stopmodifiedupdate":false,"_modified_date":"","inline_featured_image":false,"spay_email":"","jetpack_publicize_message":""},"categories":[13],"tags":[],"jetpack_featured_media_url":"https:\/\/notinor.com\/jujuy\/wp-content\/uploads\/2025\/04\/DIA.jpg","jetpack_publicize_connections":[],"_links":{"self":[{"href":"https:\/\/notinor.com\/jujuy\/wp-json\/wp\/v2\/posts\/426612"}],"collection":[{"href":"https:\/\/notinor.com\/jujuy\/wp-json\/wp\/v2\/posts"}],"about":[{"href":"https:\/\/notinor.com\/jujuy\/wp-json\/wp\/v2\/types\/post"}],"author":[{"embeddable":true,"href":"https:\/\/notinor.com\/jujuy\/wp-json\/wp\/v2\/users\/5"}],"replies":[{"embeddable":true,"href":"https:\/\/notinor.com\/jujuy\/wp-json\/wp\/v2\/comments?post=426612"}],"version-history":[{"count":1,"href":"https:\/\/notinor.com\/jujuy\/wp-json\/wp\/v2\/posts\/426612\/revisions"}],"predecessor-version":[{"id":426614,"href":"https:\/\/notinor.com\/jujuy\/wp-json\/wp\/v2\/posts\/426612\/revisions\/426614"}],"wp:featuredmedia":[{"embeddable":true,"href":"https:\/\/notinor.com\/jujuy\/wp-json\/wp\/v2\/media\/426613"}],"wp:attachment":[{"href":"https:\/\/notinor.com\/jujuy\/wp-json\/wp\/v2\/media?parent=426612"}],"wp:term":[{"taxonomy":"category","embeddable":true,"href":"https:\/\/notinor.com\/jujuy\/wp-json\/wp\/v2\/categories?post=426612"},{"taxonomy":"post_tag","embeddable":true,"href":"https:\/\/notinor.com\/jujuy\/wp-json\/wp\/v2\/tags?post=426612"}],"curies":[{"name":"wp","href":"https:\/\/api.w.org\/{rel}","templated":true}]}}