{"id":426610,"date":"2025-04-29T23:03:00","date_gmt":"2025-04-30T02:03:00","guid":{"rendered":"https:\/\/notinor.com\/jujuy\/?p=426610"},"modified":"2025-04-29T11:03:47","modified_gmt":"2025-04-29T11:03:47","slug":"servicios-municipales-durante-el-fin-de-semana-xxl-2","status":"publish","type":"post","link":"https:\/\/notinor.com\/jujuy\/servicios-municipales-durante-el-fin-de-semana-xxl-2\/","title":{"rendered":"Servicios municipales durante el fin de semana XXL"},"content":{"rendered":"\n<p class=\"has-medium-font-size\"><strong><em>Con vistas al fin de semana extra que inicia el\u00a0jueves 1 de mayo, feriado nacional por el D\u00eda del Trabajador, y contin\u00faa el\u00a0viernes 2 de mayo, declarado d\u00eda no laborable, la\u00a0Municipalidad de San Salvador de Jujuy\u00a0brind\u00f3 detalles sobre la prestaci\u00f3n de servicios durante las jornadas.<\/em><\/strong><\/p>\n\n\n\n<figure class=\"wp-block-image\"><img decoding=\"async\" src=\"https:\/\/www.sansalvadordejujuy.gob.ar\/wp-content\/uploads\/2025\/04\/Servicios-1-818x1024.jpeg\" alt=\"\" class=\"wp-image-86387\"\/><\/figure>\n\n\n\n<p>La Direcci\u00f3n de Higiene Urbana, dependiente de la Secretar\u00eda de Servicios P\u00fablicos, precis\u00f3 que el&nbsp;<strong>d\u00eda 1 de mayo no habr\u00e1 servicio<\/strong>&nbsp;<strong>prestado por la Municipalidad de San Salvador de Jujuy<\/strong>&nbsp;, mientras que el viernes 2 de mayo ser\u00e1 de la siguiente manera:<\/p>\n\n\n\n<ul>\n<li><strong>Recolecci\u00f3n:<\/strong>&nbsp;normal<\/li>\n\n\n\n<li><strong>Servicio Especial (microbasurales):<\/strong>&nbsp;normal<\/li>\n\n\n\n<li><strong>Limpieza \/ barrido:<\/strong>&nbsp;servicio reducido<\/li>\n<\/ul>\n\n\n\n<p>En cuanto al servicio prestado por la empresa&nbsp;<strong>LIMSA S.A.<\/strong>, detallaron que:<\/p>\n\n\n\n<ul>\n<li>El mi\u00e9rcoles 30 de abril: turno noche sin servicio<\/li>\n\n\n\n<li>el 1 de mayo: no habr\u00e1 servicio en el turno ma\u00f1ana y tarde<\/li>\n<\/ul>\n\n\n\n<p>Asimismo informaron que el servicio se reanuda el 1 de mayo a partir de las 21 hs.<\/p>\n\n\n\n<p>Teniendo en cuenta que la Municipalidad de San Salvador de Jujuy tiene el objeto de crear h\u00e1bitos saludables en la comunidad se solicita la colaboraci\u00f3n de los vecinos restando los d\u00edas y horarios de recolecci\u00f3n. Por cualquier consulta comunicarse al 3883131807<\/p>\n\n\n\n<p>La Direcci\u00f3n de Tr\u00e1nsito y Transporte, comunic\u00f3 la modalidad en los servicios de transporte alternativo, transporte urbano, ascensores urbanos y estacionamiento tarifado:<\/p>\n\n\n\n<p><strong>Mi\u00e9rcoles 30 de abril<\/strong><\/p>\n\n\n\n<ul>\n<li>Transporte urbano: prestar\u00e1 servicio de manera habitual hasta las 22 hs.<\/li>\n\n\n\n<li>Ascensores urbanos 1 y 2: prestar\u00e1 servicios de manera habitual hasta las 21 hs.<\/li>\n<\/ul>\n\n\n\n<p><strong>Jueves 1 de mayo<\/strong><\/p>\n\n\n\n<ul>\n<li>Transporte alternativo: prestar\u00e1 servicios con Tarifa 2<\/li>\n\n\n\n<li>Transporte urbano: sin servicio<\/li>\n\n\n\n<li>Ascensores urbanos 1 y 2: sin servicio<\/li>\n\n\n\n<li>Estacionamiento tarifado: sin servicio<\/li>\n<\/ul>\n\n\n\n<p><strong>Viernes 2 de mayo<\/strong><\/p>\n\n\n\n<ul>\n<li>Transporte alternativo: prestar\u00e1 servicios con Tarifa 1<\/li>\n\n\n\n<li>Transporte urbano: prestar\u00e1 servicios con unidades reducidas a partir de las 5 hs.<\/li>\n\n\n\n<li>Ascensores urbanos 1 y 2: funcionar\u00e1n en el horario de 8 a 20 horas<\/li>\n\n\n\n<li>Estacionamiento tarifado: Servicio normal<\/li>\n<\/ul>\n\n\n\n<p>Desde la Direcci\u00f3n de Mercados comunicaron que los mercados permanecer\u00e1n cerrados el d\u00eda 1 de mayo mientas que el 2 atender\u00e1n de manera normal.<\/p>\n\n\n\n<p>Los cementerios municipales abrir\u00e1n su administraci\u00f3n de 8 a 13 hs., y las visitas se podr\u00e1n realizar en el horario de 8 a 18 hs.<\/p>\n","protected":false},"excerpt":{"rendered":"<p>Con vistas al fin de semana extra que inicia el\u00a0jueves 1 de mayo, feriado nacional por el D\u00eda del Trabajador, y contin\u00faa el\u00a0viernes 2 de mayo, declarado d\u00eda no laborable, la\u00a0Municipalidad de San Salvador de Jujuy\u00a0brind\u00f3 detalles sobre la prestaci\u00f3n de servicios durante las jornadas. La Direcci\u00f3n de Higiene Urbana, dependiente de la Secretar\u00eda de [&hellip;]<\/p>\n","protected":false},"author":5,"featured_media":388515,"comment_status":"open","ping_status":"open","sticky":false,"template":"","format":"standard","meta":{"_stopmodifiedupdate":false,"_modified_date":"","inline_featured_image":false,"spay_email":"","jetpack_publicize_message":""},"categories":[2],"tags":[],"jetpack_featured_media_url":"https:\/\/notinor.com\/jujuy\/wp-content\/uploads\/2023\/08\/SERVICIOS.jpg","jetpack_publicize_connections":[],"_links":{"self":[{"href":"https:\/\/notinor.com\/jujuy\/wp-json\/wp\/v2\/posts\/426610"}],"collection":[{"href":"https:\/\/notinor.com\/jujuy\/wp-json\/wp\/v2\/posts"}],"about":[{"href":"https:\/\/notinor.com\/jujuy\/wp-json\/wp\/v2\/types\/post"}],"author":[{"embeddable":true,"href":"https:\/\/notinor.com\/jujuy\/wp-json\/wp\/v2\/users\/5"}],"replies":[{"embeddable":true,"href":"https:\/\/notinor.com\/jujuy\/wp-json\/wp\/v2\/comments?post=426610"}],"version-history":[{"count":1,"href":"https:\/\/notinor.com\/jujuy\/wp-json\/wp\/v2\/posts\/426610\/revisions"}],"predecessor-version":[{"id":426611,"href":"https:\/\/notinor.com\/jujuy\/wp-json\/wp\/v2\/posts\/426610\/revisions\/426611"}],"wp:featuredmedia":[{"embeddable":true,"href":"https:\/\/notinor.com\/jujuy\/wp-json\/wp\/v2\/media\/388515"}],"wp:attachment":[{"href":"https:\/\/notinor.com\/jujuy\/wp-json\/wp\/v2\/media?parent=426610"}],"wp:term":[{"taxonomy":"category","embeddable":true,"href":"https:\/\/notinor.com\/jujuy\/wp-json\/wp\/v2\/categories?post=426610"},{"taxonomy":"post_tag","embeddable":true,"href":"https:\/\/notinor.com\/jujuy\/wp-json\/wp\/v2\/tags?post=426610"}],"curies":[{"name":"wp","href":"https:\/\/api.w.org\/{rel}","templated":true}]}}