{"id":426595,"date":"2025-04-29T21:30:00","date_gmt":"2025-04-30T00:30:00","guid":{"rendered":"https:\/\/notinor.com\/jujuy\/?p=426595"},"modified":"2025-04-29T09:30:44","modified_gmt":"2025-04-29T09:30:44","slug":"se-firmo-convenio-de-colaboracion-entre-la-legislatura-y-la-unju","status":"publish","type":"post","link":"https:\/\/notinor.com\/jujuy\/se-firmo-convenio-de-colaboracion-entre-la-legislatura-y-la-unju\/","title":{"rendered":"<strong>Se firm\u00f3 convenio de colaboraci\u00f3n entre la Legislatura y la UNJu<\/strong>"},"content":{"rendered":"\n<p class=\"has-medium-font-size\"><strong><em>En el despacho de Presidencia de la Legislatura de Jujuy, el vicegobernador Alberto Bernis y el rector de la Universidad Nacional de Jujuy (UNJu), Mario Bonillo, encabezaron la firma de un convenio de colaboraci\u00f3n entre ambas instituciones. El acuerdo tiene como objetivo crear un sistema de informaci\u00f3n y documentaci\u00f3n digital que facilite el acceso a recursos bibliogr\u00e1ficos y documentales, integrando la biblioteca de la Legislatura a la red interbibliotecaria digital de la UNJu.<\/em><\/strong><\/p>\n\n\n<div class=\"wp-block-image\">\n<figure class=\"aligncenter size-large\"><img decoding=\"async\" loading=\"lazy\" width=\"719\" height=\"480\" src=\"https:\/\/notinor.com\/jujuy\/wp-content\/uploads\/2025\/04\/convenio-1-719x480.jpeg\" alt=\"\" class=\"wp-image-426597\" srcset=\"https:\/\/notinor.com\/jujuy\/wp-content\/uploads\/2025\/04\/convenio-1-719x480.jpeg 719w, https:\/\/notinor.com\/jujuy\/wp-content\/uploads\/2025\/04\/convenio-1-547x365.jpeg 547w, https:\/\/notinor.com\/jujuy\/wp-content\/uploads\/2025\/04\/convenio-1-768x512.jpeg 768w, https:\/\/notinor.com\/jujuy\/wp-content\/uploads\/2025\/04\/convenio-1-750x500.jpeg 750w, https:\/\/notinor.com\/jujuy\/wp-content\/uploads\/2025\/04\/convenio-1-1140x761.jpeg 1140w, https:\/\/notinor.com\/jujuy\/wp-content\/uploads\/2025\/04\/convenio-1.jpeg 1280w\" sizes=\"(max-width: 719px) 100vw, 719px\" \/><\/figure><\/div>\n\n\n<p>Participaron adem\u00e1s el presidente del Bloque Frente Cambia Jujuy, diputado <strong>Santiago Jubert<\/strong>; los diputados<strong> Adriano Morone<\/strong> y <strong>Mariela Ortiz<\/strong>, presidenta de la Comisi\u00f3n de Cultura y Turismo de la Legislatura; junto a la vicerrectora de la UNJu,<strong> Liliana Bergesio<\/strong>, y autoridades acad\u00e9micas de la casa de altos estudios.<\/p>\n\n\n<div class=\"wp-block-image\">\n<figure class=\"aligncenter size-large\"><img decoding=\"async\" loading=\"lazy\" width=\"719\" height=\"480\" src=\"https:\/\/notinor.com\/jujuy\/wp-content\/uploads\/2025\/04\/convenio-2-719x480.jpeg\" alt=\"\" class=\"wp-image-426598\" srcset=\"https:\/\/notinor.com\/jujuy\/wp-content\/uploads\/2025\/04\/convenio-2-719x480.jpeg 719w, https:\/\/notinor.com\/jujuy\/wp-content\/uploads\/2025\/04\/convenio-2-547x365.jpeg 547w, https:\/\/notinor.com\/jujuy\/wp-content\/uploads\/2025\/04\/convenio-2-768x512.jpeg 768w, https:\/\/notinor.com\/jujuy\/wp-content\/uploads\/2025\/04\/convenio-2-750x500.jpeg 750w, https:\/\/notinor.com\/jujuy\/wp-content\/uploads\/2025\/04\/convenio-2-1140x761.jpeg 1140w, https:\/\/notinor.com\/jujuy\/wp-content\/uploads\/2025\/04\/convenio-2.jpeg 1280w\" sizes=\"(max-width: 719px) 100vw, 719px\" \/><\/figure><\/div>\n\n\n<p>Al finalizar el encuentro, el vicegobernador Bernis destac\u00f3 la importancia de trabajar en conjunto con la Universidad: \"Se fortalecen los v\u00ednculos de comunicaci\u00f3n y resguardo del patrimonio, la cultura y la informaci\u00f3n p\u00fablica, al mismo tiempo que se potencia el trabajo y el desarrollo del Poder Legislativo con el aporte de una instituci\u00f3n acad\u00e9mica de excelencia\".<\/p>\n\n\n\n<p>Asimismo, subray\u00f3 que este convenio permitir\u00e1 brindar mejores servicios de informaci\u00f3n a todos los juje\u00f1os.<\/p>\n\n\n\n<p>Por su parte, el rector Mario Bonillo se\u00f1al\u00f3 que la UNJu viene desarrollando un sistema de red de bibliotecas, y que este convenio constituye un primer paso para articular acciones con la biblioteca legislativa: \"Esto implica capacitaci\u00f3n, trabajo conjunto y una mejor articulaci\u00f3n para ampliar el acceso a bibliograf\u00eda y fuentes de informaci\u00f3n\", expres\u00f3, anticipando futuras acciones de colaboraci\u00f3n con otras instituciones.<\/p>\n\n\n\n<p>Finalmente, la diputada Mariela Ortiz valor\u00f3 el trabajo previo realizado desde la Comisi\u00f3n de Cultura y Turismo en articulaci\u00f3n con equipos t\u00e9cnicos de la UNJu: \"Acceder al repositorio acad\u00e9mico de la Universidad es una oportunidad muy valiosa para fortalecer los fundamentos de nuestros proyectos legislativos y poner ese conocimiento a disposici\u00f3n de la comunidad\", afirm\u00f3.<\/p>\n","protected":false},"excerpt":{"rendered":"<p>En el despacho de Presidencia de la Legislatura de Jujuy, el vicegobernador Alberto Bernis y el rector de la Universidad Nacional de Jujuy (UNJu), Mario Bonillo, encabezaron la firma de un convenio de colaboraci\u00f3n entre ambas instituciones. El acuerdo tiene como objetivo crear un sistema de informaci\u00f3n y documentaci\u00f3n digital que facilite el acceso a [&hellip;]<\/p>\n","protected":false},"author":5,"featured_media":426596,"comment_status":"open","ping_status":"open","sticky":false,"template":"","format":"standard","meta":{"_stopmodifiedupdate":false,"_modified_date":"","inline_featured_image":false,"spay_email":"","jetpack_publicize_message":""},"categories":[514],"tags":[],"jetpack_featured_media_url":"https:\/\/notinor.com\/jujuy\/wp-content\/uploads\/2025\/04\/convenio.jpeg","jetpack_publicize_connections":[],"_links":{"self":[{"href":"https:\/\/notinor.com\/jujuy\/wp-json\/wp\/v2\/posts\/426595"}],"collection":[{"href":"https:\/\/notinor.com\/jujuy\/wp-json\/wp\/v2\/posts"}],"about":[{"href":"https:\/\/notinor.com\/jujuy\/wp-json\/wp\/v2\/types\/post"}],"author":[{"embeddable":true,"href":"https:\/\/notinor.com\/jujuy\/wp-json\/wp\/v2\/users\/5"}],"replies":[{"embeddable":true,"href":"https:\/\/notinor.com\/jujuy\/wp-json\/wp\/v2\/comments?post=426595"}],"version-history":[{"count":1,"href":"https:\/\/notinor.com\/jujuy\/wp-json\/wp\/v2\/posts\/426595\/revisions"}],"predecessor-version":[{"id":426599,"href":"https:\/\/notinor.com\/jujuy\/wp-json\/wp\/v2\/posts\/426595\/revisions\/426599"}],"wp:featuredmedia":[{"embeddable":true,"href":"https:\/\/notinor.com\/jujuy\/wp-json\/wp\/v2\/media\/426596"}],"wp:attachment":[{"href":"https:\/\/notinor.com\/jujuy\/wp-json\/wp\/v2\/media?parent=426595"}],"wp:term":[{"taxonomy":"category","embeddable":true,"href":"https:\/\/notinor.com\/jujuy\/wp-json\/wp\/v2\/categories?post=426595"},{"taxonomy":"post_tag","embeddable":true,"href":"https:\/\/notinor.com\/jujuy\/wp-json\/wp\/v2\/tags?post=426595"}],"curies":[{"name":"wp","href":"https:\/\/api.w.org\/{rel}","templated":true}]}}