{"id":426582,"date":"2025-04-29T23:22:05","date_gmt":"2025-04-30T02:22:05","guid":{"rendered":"https:\/\/notinor.com\/jujuy\/?p=426582"},"modified":"2025-04-29T23:22:06","modified_gmt":"2025-04-30T02:22:06","slug":"serrano-se-reunio-con-directores-de-inicial-y-primaria-de-region-i","status":"publish","type":"post","link":"https:\/\/notinor.com\/jujuy\/serrano-se-reunio-con-directores-de-inicial-y-primaria-de-region-i\/","title":{"rendered":"Serrano se reuni\u00f3 con directores de Inicial y Primaria de Regi\u00f3n I"},"content":{"rendered":"\n<p class=\"has-medium-font-size\"><strong><em>El encuentro tuvo lugar en La Quiaca con la presencia de un centenar de directivos.<\/em><\/strong><\/p>\n\n\n\n<p><\/p>\n\n\n<div class=\"wp-block-image\">\n<figure class=\"aligncenter size-full\"><img decoding=\"async\" loading=\"lazy\" width=\"800\" height=\"450\" src=\"https:\/\/notinor.com\/jujuy\/wp-content\/uploads\/2025\/04\/educacion.jpg\" alt=\"\" class=\"wp-image-426583\" srcset=\"https:\/\/notinor.com\/jujuy\/wp-content\/uploads\/2025\/04\/educacion.jpg 800w, https:\/\/notinor.com\/jujuy\/wp-content\/uploads\/2025\/04\/educacion-649x365.jpg 649w, https:\/\/notinor.com\/jujuy\/wp-content\/uploads\/2025\/04\/educacion-500x280.jpg 500w, https:\/\/notinor.com\/jujuy\/wp-content\/uploads\/2025\/04\/educacion-768x432.jpg 768w, https:\/\/notinor.com\/jujuy\/wp-content\/uploads\/2025\/04\/educacion-750x422.jpg 750w\" sizes=\"(max-width: 800px) 100vw, 800px\" \/><\/figure><\/div>\n\n\n<p><\/p>\n\n\n\n<p><strong>La ministra de Educaci\u00f3n de Jujuy, Miriam Serrano, se reuni\u00f3 este martes en el IES N\u00ba 1 de La Quiaca con directores de niveles Inicial y Primario, encuentro que fue convocado por supervisoras de la Regi\u00f3n I.<\/strong><\/p>\n\n\n\n<p>La ministra alent\u00f3 a los directores a continuar trabajando con vocaci\u00f3n, compromiso y responsabilidad; destac\u00f3 los proyectos que se realizaron en cada instituci\u00f3n en el marco del Plan de Alfabetizaci\u00f3n y escuch\u00f3 requerimientos espec\u00edficos de la zona.<\/p>\n\n\n\n<p><strong>Tambi\u00e9n dialog\u00f3 con docentes y estudiantes de Gastronom\u00eda del IES, quienes colaboraron para la atenci\u00f3n de los presentes.<\/strong><\/p>\n","protected":false},"excerpt":{"rendered":"<p>El encuentro tuvo lugar en La Quiaca con la presencia de un centenar de directivos. La ministra de Educaci\u00f3n de Jujuy, Miriam Serrano, se reuni\u00f3 este martes en el IES N\u00ba 1 de La Quiaca con directores de niveles Inicial y Primario, encuentro que fue convocado por supervisoras de la Regi\u00f3n I. La ministra alent\u00f3 [&hellip;]<\/p>\n","protected":false},"author":49,"featured_media":426583,"comment_status":"open","ping_status":"open","sticky":false,"template":"","format":"standard","meta":{"_stopmodifiedupdate":false,"_modified_date":"","inline_featured_image":false,"spay_email":"","jetpack_publicize_message":""},"categories":[2,514],"tags":[],"jetpack_featured_media_url":"https:\/\/notinor.com\/jujuy\/wp-content\/uploads\/2025\/04\/educacion.jpg","jetpack_publicize_connections":[],"_links":{"self":[{"href":"https:\/\/notinor.com\/jujuy\/wp-json\/wp\/v2\/posts\/426582"}],"collection":[{"href":"https:\/\/notinor.com\/jujuy\/wp-json\/wp\/v2\/posts"}],"about":[{"href":"https:\/\/notinor.com\/jujuy\/wp-json\/wp\/v2\/types\/post"}],"author":[{"embeddable":true,"href":"https:\/\/notinor.com\/jujuy\/wp-json\/wp\/v2\/users\/49"}],"replies":[{"embeddable":true,"href":"https:\/\/notinor.com\/jujuy\/wp-json\/wp\/v2\/comments?post=426582"}],"version-history":[{"count":1,"href":"https:\/\/notinor.com\/jujuy\/wp-json\/wp\/v2\/posts\/426582\/revisions"}],"predecessor-version":[{"id":426584,"href":"https:\/\/notinor.com\/jujuy\/wp-json\/wp\/v2\/posts\/426582\/revisions\/426584"}],"wp:featuredmedia":[{"embeddable":true,"href":"https:\/\/notinor.com\/jujuy\/wp-json\/wp\/v2\/media\/426583"}],"wp:attachment":[{"href":"https:\/\/notinor.com\/jujuy\/wp-json\/wp\/v2\/media?parent=426582"}],"wp:term":[{"taxonomy":"category","embeddable":true,"href":"https:\/\/notinor.com\/jujuy\/wp-json\/wp\/v2\/categories?post=426582"},{"taxonomy":"post_tag","embeddable":true,"href":"https:\/\/notinor.com\/jujuy\/wp-json\/wp\/v2\/tags?post=426582"}],"curies":[{"name":"wp","href":"https:\/\/api.w.org\/{rel}","templated":true}]}}